{"id":6924,"date":"2025-07-22T08:20:50","date_gmt":"2025-07-22T11:20:50","guid":{"rendered":"https:\/\/www.jotaposta.com.ar\/?p=6924"},"modified":"2025-09-19T11:42:51","modified_gmt":"2025-09-19T11:42:51","slug":"en-el-dia-de-aproximacion-a-pi-hablaremos-del-curioso-numero","status":"publish","type":"post","link":"https:\/\/jotaposta.com.ar\/jposta\/2025\/07\/22\/en-el-dia-de-aproximacion-a-pi-hablaremos-del-curioso-numero\/","title":{"rendered":"En el  &quot;D\u00eda de Aproximaci\u00f3n a Pi&quot;, hablaremos del curioso n\u00famero"},"content":{"rendered":"\n<p class=\"wp-block-paragraph\">Si bien el famoso n\u00famero tiene su dia el 14\/3 (3\/14 en ingles), que coinciden con el nacimiento de Albert Einstein, cada 22 de julio se celebra el <strong><em>\u201cD\u00eda de Aproximaci\u00f3n a Pi\u201d<\/em><\/strong>, coincidente con el resultado de la fracci\u00f3n 22\/7 el cual es un n\u00famero muy cercano al valor real de pi. <\/p>\n\n\n\n<p class=\"wp-block-paragraph\">Por esto en<strong> #JotaPosta aprovecharemos para hablar un poco de este particular n\u00famero<\/strong>. Vale arrancar diciendo que la definici\u00f3n oficial lo describe como &#8220;el n\u00famero que se obtiene al dividir la longitud de una circunferencia por su di\u00e1metro&#8221;. <\/p>\n\n\n\n<p class=\"wp-block-paragraph\">Utilizado tanto en problemas matem\u00e1ticos, de f\u00edsica y\ntambi\u00e9n en el mundo de la Ingenier\u00eda. Se lo considera un n\u00famero irracional, as\u00ed\ncomo una constante matem\u00e1tica de gran valor.<\/p>\n\n\n\n<figure class=\"wp-block-image\"><img loading=\"lazy\" decoding=\"async\" width=\"1024\" height=\"682\" src=\"https:\/\/www.jotaposta.com.ar\/wp-content\/uploads\/2020\/07\/PI-portada-1024x682.jpg\" alt=\"\" class=\"wp-image-6927\" srcset=\"https:\/\/jotaposta.com.ar\/jposta\/wp-content\/uploads\/2020\/07\/PI-portada-1024x682.jpg 1024w, https:\/\/jotaposta.com.ar\/jposta\/wp-content\/uploads\/2020\/07\/PI-portada-300x200.jpg 300w, https:\/\/jotaposta.com.ar\/jposta\/wp-content\/uploads\/2020\/07\/PI-portada-768x512.jpg 768w, https:\/\/jotaposta.com.ar\/jposta\/wp-content\/uploads\/2020\/07\/PI-portada.jpg 1033w\" sizes=\"auto, (max-width: 1024px) 100vw, 1024px\" \/><\/figure>\n\n\n\n<p class=\"wp-block-paragraph\">Este n\u00famero es sumamente importante&nbsp; porque es utilizado en el campo de la\ntopograf\u00eda, la navegaci\u00f3n, la estad\u00edstica y en numerosas ecuaciones de la\nf\u00edsica moderna.<\/p>\n\n\n\n<p class=\"wp-block-paragraph\">Para el s\u00edmbolo del n\u00famero Pi se emplea la letra griega \u03c0. Esta es la decimosexta letra del alfabeto griego y tiene s\u00edmbolos tanto para la may\u00fascula como para la min\u00fascula, estos son \u03a0 y \u03c0.<\/p>\n\n\n\n<p class=\"wp-block-paragraph\">Esta letra griega fue utilizada por primera vez por el\nmatem\u00e1tico gal\u00e9s William Jones en 1706. Despu\u00e9s, se populariz\u00f3 con el\nmatem\u00e1tico y f\u00edsico suizo Leonhard Paul Euler en la obra \u201cIntroducci\u00f3n al\nc\u00e1lculo infinitesimal\u201d del a\u00f1o de 1748.<\/p>\n\n\n\n<p class=\"wp-block-paragraph\">El c\u00e1lculo del n\u00famero Pi ha sido, con el paso de los a\u00f1os,\nuna atracci\u00f3n para los matem\u00e1ticos expertos de todo el mundo.<\/p>\n\n\n\n<p class=\"wp-block-paragraph\">El japon\u00e9s Akira Haraguchi rompi\u00f3 en el a\u00f1o 2006 el r\u00e9cord de recitar 100,000 d\u00edgitos de este famoso n\u00famero.<\/p>\n\n\n\n<figure class=\"wp-block-image\"><img loading=\"lazy\" decoding=\"async\" width=\"525\" height=\"700\" src=\"https:\/\/jotaposta.com.ar\/jposta\/wp-content\/uploads\/2020\/07\/pi-seattle.png\" alt=\"\" class=\"wp-image-6925\" srcset=\"https:\/\/jotaposta.com.ar\/jposta\/wp-content\/uploads\/2020\/07\/pi-seattle.png 525w, https:\/\/jotaposta.com.ar\/jposta\/wp-content\/uploads\/2020\/07\/pi-seattle-225x300.png 225w\" sizes=\"auto, (max-width: 525px) 100vw, 525px\" \/><figcaption>Foto: Net Work World <\/figcaption><\/figure>\n\n\n\n<p class=\"wp-block-paragraph\">En la ciudad de Seattle, situada en el noroeste de&nbsp;Estados Unidos, alberga, desde 2009, un monumento en honor a uno de los n\u00famero m\u00e1s famoso de todos los tiempos, Pi. Esta es una obra del artista Dan Johnson y se encuentra ubicada en un parque muy cerca del Museo de Arte. <\/p>\n\n\n\n<figure class=\"wp-block-embed-youtube wp-block-embed is-type-video is-provider-youtube wp-embed-aspect-4-3 wp-has-aspect-ratio\"><div class=\"wp-block-embed__wrapper\">\n<iframe loading=\"lazy\" title=\"Nuestro insolito universo &quot;El n\u00famero pi \u03c0&quot;\" width=\"500\" height=\"375\" src=\"https:\/\/www.youtube.com\/embed\/y1w2SzR7XCE?feature=oembed\" frameborder=\"0\" allow=\"accelerometer; autoplay; clipboard-write; encrypted-media; gyroscope; picture-in-picture; web-share\" referrerpolicy=\"strict-origin-when-cross-origin\" allowfullscreen><\/iframe>\n<\/div><\/figure>\n","protected":false},"excerpt":{"rendered":"<p>Si bien el famoso n\u00famero tiene su dia el 14\/3 (3\/14 en ingles), que coinciden con el nacimiento de Albert Einstein, cada 22 de julio se celebra el \u201cD\u00eda de Aproximaci\u00f3n a Pi\u201d, coincidente con el resultado de la fracci\u00f3n 22\/7 el cual es un n\u00famero muy cercano al valor real de pi. Por esto &hellip;<\/p>\n","protected":false},"author":1,"featured_media":6926,"comment_status":"open","ping_status":"open","sticky":false,"template":"","format":"standard","meta":{"pagelayer_contact_templates":[],"_pagelayer_content":"","iawp_total_views":9,"footnotes":""},"categories":[25],"tags":[157,277,294,718,1061,1327,1329,1607,1866,2115,2235,2236,2450,2613,2784,2976,4054,4388,4390,4723,5096,5663,5669,5671,5675],"class_list":["post-6924","post","type-post","status-publish","format-standard","has-post-thumbnail","hentry","category-resumen-de-noticias","tag-acv","tag-alimentacion-saludable","tag-alzheimer","tag-bienestar-mental","tag-cerebro-humano","tag-concentracion","tag-conciencia-neurologica","tag-cuidados-del-cerebro","tag-dia-mundial-del-cerebro","tag-ejercicio-cerebral","tag-enfermedades-del-sistema-nervioso","tag-enfermedades-neurologicas","tag-estres","tag-federacion-mundial-de-neurologia","tag-funciones-cognitivas","tag-habitos-saludables","tag-memoria","tag-neurociencia","tag-neurologia","tag-parkinson","tag-prevencion-neurologica","tag-salud-cerebral","tag-salud-integral","tag-salud-mental","tag-salud-publica"],"_links":{"self":[{"href":"https:\/\/jotaposta.com.ar\/jposta\/wp-json\/wp\/v2\/posts\/6924","targetHints":{"allow":["GET"]}}],"collection":[{"href":"https:\/\/jotaposta.com.ar\/jposta\/wp-json\/wp\/v2\/posts"}],"about":[{"href":"https:\/\/jotaposta.com.ar\/jposta\/wp-json\/wp\/v2\/types\/post"}],"author":[{"embeddable":true,"href":"https:\/\/jotaposta.com.ar\/jposta\/wp-json\/wp\/v2\/users\/1"}],"replies":[{"embeddable":true,"href":"https:\/\/jotaposta.com.ar\/jposta\/wp-json\/wp\/v2\/comments?post=6924"}],"version-history":[{"count":1,"href":"https:\/\/jotaposta.com.ar\/jposta\/wp-json\/wp\/v2\/posts\/6924\/revisions"}],"predecessor-version":[{"id":11922,"href":"https:\/\/jotaposta.com.ar\/jposta\/wp-json\/wp\/v2\/posts\/6924\/revisions\/11922"}],"wp:featuredmedia":[{"embeddable":true,"href":"https:\/\/jotaposta.com.ar\/jposta\/wp-json\/wp\/v2\/media\/6926"}],"wp:attachment":[{"href":"https:\/\/jotaposta.com.ar\/jposta\/wp-json\/wp\/v2\/media?parent=6924"}],"wp:term":[{"taxonomy":"category","embeddable":true,"href":"https:\/\/jotaposta.com.ar\/jposta\/wp-json\/wp\/v2\/categories?post=6924"},{"taxonomy":"post_tag","embeddable":true,"href":"https:\/\/jotaposta.com.ar\/jposta\/wp-json\/wp\/v2\/tags?post=6924"}],"curies":[{"name":"wp","href":"https:\/\/api.w.org\/{rel}","templated":true}]}}