{"id":6868,"date":"2020-07-18T07:41:32","date_gmt":"2020-07-18T10:41:32","guid":{"rendered":"https:\/\/www.jotaposta.com.ar\/?p=6868"},"modified":"2020-07-18T07:41:32","modified_gmt":"2020-07-18T10:41:32","slug":"el-bielsismo-un-fenomeno-mucho-mas-que-futbolistico-por-esteban-bekerman","status":"publish","type":"post","link":"https:\/\/jotaposta.com.ar\/jposta\/2020\/07\/18\/el-bielsismo-un-fenomeno-mucho-mas-que-futbolistico-por-esteban-bekerman\/","title":{"rendered":"El &quot;bielsismo&quot;, un fen\u00f3meno mucho m\u00e1s que futbol\u00edstico. Por Esteban Bekerman"},"content":{"rendered":"\n<p class=\"wp-block-paragraph\">Sin dudas el ascenso del Leeds United, de la mano del\nentrenador rosarino Marcelo Bielsa, a la Premier League despu\u00e9s de 16 a\u00f1os es\nuno de los temas deportivos de la semana.<\/p>\n\n\n\n<p class=\"wp-block-paragraph\">El hecho trajo consigo a la \u201cagenda futbolera\u201d una vieja\ngrieta entre aquellos que son \u201cPro Bielsa\u201d y enaltecen al entrenador al grado\nde \u201cmejor del mundo\u201d y quienes navegan pro orillas opuestas.<\/p>\n\n\n\n<p class=\"wp-block-paragraph\">Para entender un poco m\u00e1s que es aquello del \u201cFen\u00f3meno Bielsa\u201d desde <strong>#JotaPosta<\/strong> compartimos un art\u00edculo del <strong>Periodista Deportivo, Docente y  <br \/>Director general en\u00a0<\/strong><a href=\"https:\/\/www.facebook.com\/entretiemposfutbol\/?eid=ARC1TmxfDF0LHmjj78CZhH1IGC_vQxjbm1pB2VQGeLoAmmhMi483bsELRAWrGkElvT_NA47bY6ueEKh1&amp;timeline_context_item_type=intro_card_work&amp;timeline_context_item_source=1297805921&amp;fref=tag\"><strong>Entre Tiempos<\/strong><\/a><strong> , Esteban Bekerman,<\/strong> que escribi\u00f3 all\u00e1 por el a\u00f1o 2008 pero continua a\u00fan vigente<\/p>\n\n\n\n<p class=\"wp-block-paragraph\" style=\"text-align:center\"><em><strong>\u00a0                                                  &#8212; * &#8212; <\/strong><\/em>                                                               <\/p>\n\n\n\n<p class=\"wp-block-paragraph\">En una sociedad casi sin referentes o modelos de conducta v\u00e1lidos, un simple director t\u00e9cnico de f\u00fatbol puede ser mucho m\u00e1s que eso. Y ello es lo que ocurre con Marcelo Bielsa, el ex DT de la Selecci\u00f3n Nacional que, m\u00e1s all\u00e1 de eventuales \u00e9xitos y fracasos deportivos, viene cosechando en los \u00faltimos a\u00f1os una idolatria que excede claramente lo futbol\u00edstico. <\/p>\n\n\n\n<p class=\"wp-block-paragraph\">No es nada casual, efectivamente, que entre aquellos que no dudan en considerarse &#8220;bielsistas&#8221; o fan\u00e1ticos del entrenador una gran mayor\u00eda sean personas que no superaron la barrera de los 30 a\u00f1os. Porque esa juventud claramente no ve en \u00e9l simplemente un t\u00e9cnico con ideas novedosas o revolucionarias en lo t\u00e1ctico, sino tambi\u00e9n alguien a quien puede admirar y emular por su actitud ante la vida en general.\u00a0 <\/p>\n\n\n\n<p class=\"wp-block-paragraph\">As\u00ed lo reflejan varios sitios de internet destinados a ensalzar la figura del entrenador rosarino, en los que las loas que le profieren se refieren mucho m\u00e1s a su personalidad que al juego de sus equipos o a los postulados futbol\u00edsticos que pregona. <\/p>\n\n\n\n<p class=\"wp-block-paragraph\">&#8220;Sincero&#8221;, &#8220;honesto&#8221;, &#8220;frontal&#8221;, &#8220;humilde&#8221;, &#8220;puntilloso&#8221; y &#8220;obsesivo por el trabajo&#8221; son s\u00f3lo algunos de los adjetivos que el hoy seleccionador de Chile recibe en esos verdaderos clubes de fans que tiene en la web, como el fotolog Iglesia Bielsista o el grupo Locos por Bielsa de Facebook , donde los devotos del Loco le agradecen por &#8220;todo lo que nos ense\u00f1aste en esta vida&#8221;. <\/p>\n\n\n\n<p class=\"wp-block-paragraph\">Mucho m\u00e1s que una forma de entender y jugar al f\u00fatbol que marque un antes y un despu\u00e9s en la historia de este deporte -que, por otra parte, \u00e9l mismo niega haber creado al confesarse seguidor del trabajo de t\u00e9cnicos que lo precedieron-, Bielsa concretamente encarna hoy c\u00f3digos, valores e ideales muy seductores para una juventud que no los encuentra en personalidades de otros \u00e1mbitos, pero que no por ello se resigna o deja de buscarlos.\u00a0 <\/p>\n\n\n\n<p class=\"wp-block-paragraph\">As\u00ed lo afirma la Licenciada Marina Alfons\u00edn, psic\u00f3loga especialista en ni\u00f1os y adolescentes para quien la necesidad de construir figuras m\u00edticas puede ser uno de los principales propulsores de este fen\u00f3meno: &#8220;En la infancia -dice-, los padres se constituyen como \u00eddolos de sus hijos, pero es esperable que al llegar a la adolescencia los j\u00f3venes busquen modelos extrafamiliares que les permitan identificarse y tomar un ejemplo a seguir&#8221;. <\/p>\n\n\n\n<p class=\"wp-block-paragraph\">&#8220;Esto -contin\u00faa diciendo Alfons\u00edn- es com\u00fan a todas las \u00e9pocas. Lo que cambia seg\u00fan el tiempo del que se trate es el tipo de personaje que ayuda a esta construcci\u00f3n de identidad. Hace muchos a\u00f1os se admiraba a los personajes hist\u00f3ricos y sus traves\u00edas \u00e9picas, pero hoy lo que caracteriza a los \u00eddolos es lo masivo y lo medi\u00e1tico; es decir, aquello favorecido o difundido por los medios de comunicaci\u00f3n&#8221;. <\/p>\n\n\n\n<p class=\"wp-block-paragraph\">Adem\u00e1s de la falta de referentes en este sentido que actualmente se registra en terrenos como el de la pol\u00edtica, donde tiempo atr\u00e1s los j\u00f3venes sol\u00edan canalizar esta b\u00fasqueda de l\u00edderes o modelos, el incre\u00edble fanatismo que Bielsa despierta en muchos se explica entonces no s\u00f3lo en la necesidad de encontrar este tipo de figuras, sino tambi\u00e9n en la difusi\u00f3n que sus actitudes reciben de parte de un periodismo siempre dispuesto a amplificarlas o a potenciar su misticismo. <\/p>\n\n\n\n<p class=\"wp-block-paragraph\">Al fin y al cabo, Bielsa no ha aportado a este endiosamiento del que es objeto mucho m\u00e1s que su apego a principios de trabajo que, lejos de ser alabados como lo son, debieran considerarse la norma y no algo excepcional, por m\u00e1s que -especialmente para los j\u00f3venes- no sean precisamente f\u00e1ciles de asociar con la sociedad argentina y el \u00e1mbito futbol\u00edstico en particular. <\/p>\n\n\n\n<p class=\"wp-block-paragraph\">Claro que tambi\u00e9n contribuyen a esta man\u00eda bielsista la imagen de Loco del t\u00e9cnico y su historia de muchacho rebelde, que desafi\u00f3 el destino que le deparaba el provenir de una familia acomodada de Rosario para dedicarse al f\u00fatbol. Y tambi\u00e9n, por supuesto, tiene su parte en esto el juego vertiginoso que siempre caracteriz\u00f3 a los equipos dirigidos por Bielsa, que a\u00fan sin llenar la vista puede resultar un oasis en un contexto caracterizado por sistemas ultradefensivos. <\/p>\n\n\n\n<p class=\"wp-block-paragraph\">De nada servir\u00edan esos ingredientes, sin embargo, si no fuera por el tributo y la difusi\u00f3n que dan a las actitudes del DT muchos periodistas que, por ignorancia, comodidad o genuino deslumbramiento juvenil, sucumben ante la tentaci\u00f3n de asignarle el r\u00f3tulo de &#8220;sabio&#8221; o de erigirlo en &#8220;bandera&#8221; de un nuevo credo futbol\u00edstico. <\/p>\n\n\n\n<p class=\"wp-block-paragraph\">Mucho m\u00e1s que cualquier virtud del entrenador, en definitiva, esta tendencia demuestra esa necesidad que, pese al paso de los tiempos, la juventud siempre tendr\u00e1 por encontrar modelos o referentes. Y tambi\u00e9n, la terrible influencia que los medios ejercen hoy sobre tales elecciones, al proveer a algunos personajes de ese marketing que jam\u00e1s tendr\u00e1n otros tanto o m\u00e1s dignos de ocupar el rol de ejemplo.  (Fuente <a rel=\"noreferrer noopener\" href=\"https:\/\/www.perfil.com\/noticias\/deportes\/el-bielsismo-un-fenomeno-mucho-mas-que-futbolistico-20081128-0039.phtml?fbclid=IwAR2M4d1PB-aDxnlHTHHOqJWYRX4uOG7zdn8vpshM8M_oL6TqPZkGZUWm2gs\" target=\"_blank\">www.perfil.com<\/a>). El periodismo profesional es costoso y por eso debemos defender nuestra propiedad intelectual. Robar nuestro contenido es un delito, para compartir nuestras notas por favor utilizar los botones de &#8220;share&#8221; o directamente comparta la URL. Por cualquier duda por favor escribir a <a href=\"mailto:perfilcom@perfil.com\">perfilcom@perfil.com<\/a><\/p>\n","protected":false},"excerpt":{"rendered":"<p>Sin dudas el ascenso del Leeds United, de la mano del entrenador rosarino Marcelo Bielsa, a la Premier League despu\u00e9s de 16 a\u00f1os es uno de los temas deportivos de la semana. El hecho trajo consigo a la \u201cagenda futbolera\u201d una vieja grieta entre aquellos que son \u201cPro Bielsa\u201d y enaltecen al entrenador al grado &hellip;<\/p>\n","protected":false},"author":1,"featured_media":6869,"comment_status":"open","ping_status":"open","sticky":false,"template":"","format":"standard","meta":{"pagelayer_contact_templates":[],"_pagelayer_content":"","iawp_total_views":4,"footnotes":""},"categories":[14],"tags":[],"class_list":["post-6868","post","type-post","status-publish","format-standard","has-post-thumbnail","hentry","category-jp-deportes"],"_links":{"self":[{"href":"https:\/\/jotaposta.com.ar\/jposta\/wp-json\/wp\/v2\/posts\/6868","targetHints":{"allow":["GET"]}}],"collection":[{"href":"https:\/\/jotaposta.com.ar\/jposta\/wp-json\/wp\/v2\/posts"}],"about":[{"href":"https:\/\/jotaposta.com.ar\/jposta\/wp-json\/wp\/v2\/types\/post"}],"author":[{"embeddable":true,"href":"https:\/\/jotaposta.com.ar\/jposta\/wp-json\/wp\/v2\/users\/1"}],"replies":[{"embeddable":true,"href":"https:\/\/jotaposta.com.ar\/jposta\/wp-json\/wp\/v2\/comments?post=6868"}],"version-history":[{"count":0,"href":"https:\/\/jotaposta.com.ar\/jposta\/wp-json\/wp\/v2\/posts\/6868\/revisions"}],"wp:featuredmedia":[{"embeddable":true,"href":"https:\/\/jotaposta.com.ar\/jposta\/wp-json\/wp\/v2\/media\/6869"}],"wp:attachment":[{"href":"https:\/\/jotaposta.com.ar\/jposta\/wp-json\/wp\/v2\/media?parent=6868"}],"wp:term":[{"taxonomy":"category","embeddable":true,"href":"https:\/\/jotaposta.com.ar\/jposta\/wp-json\/wp\/v2\/categories?post=6868"},{"taxonomy":"post_tag","embeddable":true,"href":"https:\/\/jotaposta.com.ar\/jposta\/wp-json\/wp\/v2\/tags?post=6868"}],"curies":[{"name":"wp","href":"https:\/\/api.w.org\/{rel}","templated":true}]}}