{"id":6861,"date":"2020-07-18T10:32:03","date_gmt":"2020-07-18T13:32:03","guid":{"rendered":"https:\/\/www.jotaposta.com.ar\/?p=6861"},"modified":"2020-07-18T10:32:03","modified_gmt":"2020-07-18T13:32:03","slug":"caba-asi-sera-la-nueva-cuarentena","status":"publish","type":"post","link":"https:\/\/jotaposta.com.ar\/jposta\/2020\/07\/18\/caba-asi-sera-la-nueva-cuarentena\/","title":{"rendered":"CABA: As\u00ed ser\u00e1 la Nueva &quot;Cuarentena&quot;"},"content":{"rendered":"\n<p class=\"wp-block-paragraph\"><strong>El jefe de Gobierno porte\u00f1o, Horacio Rodr\u00edguez Larreta, anunci\u00f3 la puesta en marcha de un plan gradual de reactivaci\u00f3n de actividades para la nueva fase del aislamiento social, preventivo y obligatorio (ASPO) por el coronavirus y sostuvo que &#8220;la forma de salir adelante es entre todos&#8221; por lo que llam\u00f3 a la ciudadan\u00eda a &#8220;ser responsables y no tirar por la borda el esfuerzo que se hizo&#8221;.<\/strong><\/p>\n\n\n\n<p class=\"wp-block-paragraph\">En ese marco, el jefe de Gobierno porte\u00f1o anunci\u00f3 la entrada en vigencia desde el s\u00e1bado de un &#8220;plan gradual e integral&#8221; para la Ciudad de Buenos Aires, que consta de seis etapas, y que cuya elaboraci\u00f3n responde a una evaluaci\u00f3n de los datos sanitarios de la pandemia en el distrito a cargo de &#8220;especialistas de distintas \u00e1reas&#8221;.<\/p>\n\n\n\n<p class=\"wp-block-paragraph\"><em>&#8220;As\u00ed como hace dos semanas fuimos a una cuarentena estricta porque los casos en la Ciudad se hab\u00edan duplicado de 400 a m\u00e1s de 800 por d\u00eda, hoy llevamos m\u00e1s de 25 d\u00edas estabilizados&#8221;,<\/em> remarc\u00f3 y dijo que<em> &#8220;en funci\u00f3n de estos datos, de la consolidaci\u00f3n de nuestra estrategia de testeos y del cumplimiento responsable de las medidas de cuidado que viene teniendo la gente, vamos a avanzar en un plan integral&#8221;.<\/em><\/p>\n\n\n\n<p class=\"wp-block-paragraph\">Enumer\u00f3 algunos de los aspectos que incidieron en la elaboraci\u00f3n de ese esquema, entre ellos, <em>&#8220;la integralidad, el fuerte compromiso con la libertad y con la responsabilidad que esas libertades demandan, el trabajo en equipo con el sector privado, con quienes ya se elaboraron 100 protocolos, la perspectiva de g\u00e9nero y el bajo riesgo de las actividades al aire libre&#8221;.<\/em><\/p>\n\n\n\n<p class=\"wp-block-paragraph\">Adem\u00e1s, aclar\u00f3 que el plan podr\u00e1 <em>&#8220;tener avances y retrocesos<\/em>&#8220;, los que estar\u00e1n atados a los indicadores que marcan, por ejemplo, los nuevos casos por d\u00eda de coronavirus, el aumento de los testeos del programa Detectar y la cantidad de camas ocupadas de terapia intensiva en los hospitales.<\/p>\n\n\n\n<h2 class=\"wp-block-heading\"><strong>Los detalles<\/strong><\/h2>\n\n\n\n<p class=\"wp-block-paragraph\">Puntualmente, en las pr\u00f3ximas dos semanas, la Ciudad permitir\u00e1 la reapertura de los comercios barriales y tambi\u00e9n algunos servicios personales, como las peluquer\u00edas, y actividades profesionales.<\/p>\n\n\n\n<div class=\"wp-block-image\"><figure class=\"aligncenter\"><img decoding=\"async\" src=\"https:\/\/www.cincodias.com.ar\/wp-content\/uploads\/2020\/07\/caba-nueva-apertura1.jpg\" alt=\"\" class=\"wp-image-8051\"\/><\/figure><\/div>\n\n\n\n<p class=\"wp-block-paragraph\">Desde el lunes 20, quedar\u00e1n nuevamente habilitadas las pr\u00e1cticas deportivas al aire libre, que fueron suspendidas desde inicios de julio, cuando se dispuso un endurecimiento de la cuarenta. Se estima que habr\u00e1 una franja de horario para la actividad f\u00edsica m\u00e1s amplia que en la anterior etapa ya que se podr\u00edan ir desde las 18 a las 10 y en principio de acuerdo al n\u00famero de finalizaci\u00f3n del DNI.<\/p>\n\n\n\n<p class=\"wp-block-paragraph\">Los locales de venta de indumentaria y calzado estar\u00e1n autorizados a funcionar desde el mi\u00e9rcoles 22 y -para ello- se preservar\u00e1n las intervenciones peatonales en las calles que permiten una ampliaci\u00f3n de la superficie de las veredas para la circulaci\u00f3n de las personas manteniendo distancia f\u00edsica.<\/p>\n\n\n\n<div class=\"wp-block-image\"><figure class=\"aligncenter\"><img decoding=\"async\" src=\"https:\/\/www.cincodias.com.ar\/wp-content\/uploads\/2020\/07\/caba-nueva-apertura2.jpg\" alt=\"\" class=\"wp-image-8052\"\/><\/figure><\/div>\n\n\n\n<p class=\"wp-block-paragraph\">Por otra parte, -se van a habilitar las celebraciones online y el rezo individual en los templos, con un m\u00e1ximo de 10 personas simult\u00e1neamente;<em><strong> en tanto que permanecer\u00e1n los &#8220;controles estrictos&#8221; en el transporte p\u00fablico que ser\u00e1 de uso exclusivo para los trabajadores que cumplen tareas esenciales.<\/strong><\/em><\/p>\n","protected":false},"excerpt":{"rendered":"<p>El jefe de Gobierno porte\u00f1o, Horacio Rodr\u00edguez Larreta, anunci\u00f3 la puesta en marcha de un plan gradual de reactivaci\u00f3n de actividades para la nueva fase del aislamiento social, preventivo y obligatorio (ASPO) por el coronavirus y sostuvo que &#8220;la forma de salir adelante es entre todos&#8221; por lo que llam\u00f3 a la ciudadan\u00eda a &#8220;ser &hellip;<\/p>\n","protected":false},"author":1,"featured_media":6732,"comment_status":"open","ping_status":"open","sticky":false,"template":"","format":"standard","meta":{"pagelayer_contact_templates":[],"_pagelayer_content":"","iawp_total_views":5,"footnotes":""},"categories":[12],"tags":[],"class_list":["post-6861","post","type-post","status-publish","format-standard","has-post-thumbnail","hentry","category-coronavirus-covid-19"],"_links":{"self":[{"href":"https:\/\/jotaposta.com.ar\/jposta\/wp-json\/wp\/v2\/posts\/6861","targetHints":{"allow":["GET"]}}],"collection":[{"href":"https:\/\/jotaposta.com.ar\/jposta\/wp-json\/wp\/v2\/posts"}],"about":[{"href":"https:\/\/jotaposta.com.ar\/jposta\/wp-json\/wp\/v2\/types\/post"}],"author":[{"embeddable":true,"href":"https:\/\/jotaposta.com.ar\/jposta\/wp-json\/wp\/v2\/users\/1"}],"replies":[{"embeddable":true,"href":"https:\/\/jotaposta.com.ar\/jposta\/wp-json\/wp\/v2\/comments?post=6861"}],"version-history":[{"count":0,"href":"https:\/\/jotaposta.com.ar\/jposta\/wp-json\/wp\/v2\/posts\/6861\/revisions"}],"wp:featuredmedia":[{"embeddable":true,"href":"https:\/\/jotaposta.com.ar\/jposta\/wp-json\/wp\/v2\/media\/6732"}],"wp:attachment":[{"href":"https:\/\/jotaposta.com.ar\/jposta\/wp-json\/wp\/v2\/media?parent=6861"}],"wp:term":[{"taxonomy":"category","embeddable":true,"href":"https:\/\/jotaposta.com.ar\/jposta\/wp-json\/wp\/v2\/categories?post=6861"},{"taxonomy":"post_tag","embeddable":true,"href":"https:\/\/jotaposta.com.ar\/jposta\/wp-json\/wp\/v2\/tags?post=6861"}],"curies":[{"name":"wp","href":"https:\/\/api.w.org\/{rel}","templated":true}]}}