{"id":6775,"date":"2020-07-05T13:22:51","date_gmt":"2020-07-05T16:22:51","guid":{"rendered":"https:\/\/www.jotaposta.com.ar\/?p=6775"},"modified":"2020-07-05T13:22:51","modified_gmt":"2020-07-05T16:22:51","slug":"comunicacion-de-empresas-las-tecnicas-de-oratoria-son-un-factor-primordial-en-tiempos-de-pandemia","status":"publish","type":"post","link":"https:\/\/jotaposta.com.ar\/jposta\/2020\/07\/05\/comunicacion-de-empresas-las-tecnicas-de-oratoria-son-un-factor-primordial-en-tiempos-de-pandemia\/","title":{"rendered":"Comunicaci\u00f3n de empresas: Las t\u00e9cnicas de oratoria son un factor primordial en tiempos de Pandemia"},"content":{"rendered":"\n<p class=\"wp-block-paragraph\"><strong>Especial desde #CincoD\u00edas<\/strong><\/p>\n\n\n\n<p class=\"wp-block-paragraph\">Se puede decir que en la actualidad un emprendedor puede encontrar cientos de empresas que ofrecen sus mismos productos o servicios. En tiempos de Pandemia donde, desde los grandes empresarios hasta los due\u00f1os de PyMEs, han tenido que encontrar una forma de reinventarse o articular nuevas herramientas para poder competir en un mercado  muchas veces \u201cnuevo\u201d, la posibilidad de ser original o saber apuntalar (o diagramar nuevamente) las expectativas de su negocio es fundamental.<\/p>\n\n\n\n<p class=\"wp-block-paragraph\">Poder reflexionar y buscar qu\u00e9 es lo que los hace diferentes, cu\u00e1l es \u201csu\u201d historia es todo un arte y un paso fundamental para afrontar estos nuevos desaf\u00edos que la coyuntura actual propone. Es en \u00e9ste punto que aparecen dos palabras pocas veces escuchadas pero que, desde hace un tiempo, vienen tomando fuerza en el \u00e1mbito de la emprendedur\u00eda: <strong>El storytelling y el Elevetor Pitch<\/strong>.<\/p>\n\n\n\n<p class=\"wp-block-paragraph\">Del primero y en una traducci\u00f3n casi literal podemos decir que se trata del \u201carte de contar historias\u201d, es una herramienta fundamental para el desarrollo de una estrategia de comunicaci\u00f3n. Permite a las empresas conectar con sus clientes internos y externos para generar en ellos una experiencia emocional diferente.<\/p>\n\n\n\n<p class=\"wp-block-paragraph\">Por su parte el elevator pitch es un anglicismo cuya transcripci\u00f3n es \u201cel discurso del ascensor\u201d. Se trata de un t\u00e9rmino que se usa \u201cpara describir un breve resumen que cuente, de manera precisa, la idea de un servicio, un producto o un proyecto\u201d. Se le dio ese nombre porque lo ideal ser\u00eda que ese discurso durara lo mismo que un trayecto en ascensor, que podr\u00eda ir de los 20 a los 60 segundos.<\/p>\n\n\n\n<p class=\"wp-block-paragraph\">En este sentido podemos afirmar que lo fundamental es lograr con nuestra disertaci\u00f3n impactar desde el primer momento, sorprender. Que la persona (o personas) que tenemos delante quieran saber m\u00e1s, sea de nosotros mismos como de nuestra empresa. Para alcanzar mejores precisiones sobre c\u00f3mo, cu\u00e1ndo y d\u00f3nde aplicar este tipo de t\u00e9cnicas, en <strong>#CincoDias<\/strong> dialogamos con <strong>Guadalupe Molteni quien es Coach Ontol\u00f3gica y Capacitadora en Storytelling y Pitching.<\/strong><\/p>\n\n\n\n<div class=\"wp-block-image\"><figure class=\"alignleft\"><img decoding=\"async\" src=\"https:\/\/www.cincodias.com.ar\/wp-content\/uploads\/2020\/06\/WhatsApp-Image-2020-06-18-at-19.28.23.jpeg\" alt=\"Guadalupe-Molteni \" class=\"wp-image-6877\"\/><\/figure><\/div>\n\n\n\n<p class=\"wp-block-paragraph\"><em>\u201cSi como empresa ves que necesitas ampliar tu cartera de cliente, o no estas llegando a la cantidad de gente necesaria, incluso si notas que hay un problema de comunicaci\u00f3n interna o sent\u00eds que falta liderazgo, son se\u00f1ales de alerta de que estar\u00edas necesitando un asesoramiento y capacitaci\u00f3n en lo que refiere a este tipo de comunicaci\u00f3n\u201d<\/em> inicia explicando la profesional.<\/p>\n\n\n\n<p class=\"wp-block-paragraph\">En este sentido a\u00f1ade que es importante entender que <em>\u201cla comunicaci\u00f3n es un ciclo que involucra el aplicar herramientas tanto al momento de ser orador como tambi\u00e9n al ser receptores de un mensaje que pueden enviar desde el otro lado, ll\u00e1mese empleados o clientes\u201d.<\/em><\/p>\n\n\n\n<p class=\"wp-block-paragraph\"><em>\u201cEs fundamental tener en cuenta que para aplicar el llamado \u201cStorytelling\u201d<\/em>&#8211; explica Molteni &#8211; se debe tener en claro que mensaje queremos dar, que objetivo buscamos, como es el estado emocional tanto de quien dar\u00e1 el mensaje como del que recibir\u00e1 el mismo.  Son varios aspectos a tener en cuenta al momento de trabajar esta \u00e1rea\u201d<\/p>\n\n\n\n<p class=\"wp-block-paragraph\"><em>\u201cLo bueno de estas t\u00e9cnicas es que se aplican a todo \u00e1mbito de la vida, desde hablar con un jefe para enunciarle que uno no se siente valorado, pedir un aumento de sueldo, transmitir al empleado objetivos o incluso en lo cotidiano si queremos hablar con nuestra pareja\u201d<\/em> relata la entrevistada.<\/p>\n\n\n\n<p class=\"wp-block-paragraph\">En lo que respecta a los workshop que brinda Guadalupe, tanto a nivel empresarial como personal desde su plataforma online, <em>\u201clo primordial es la pr\u00e1ctica, por eso se dividen en una parte te\u00f3rica y otra de interacci\u00f3n que involucra a los participantes\u201d.<\/em><\/p>\n\n\n\n<p class=\"wp-block-paragraph\"><em>\u201cMuchas veces los objetivos no se cumplen o las metas de ventas no son las esperadas por un tema de comunicaci\u00f3n interna\u201d<\/em> detalla  y explica <em>\u201cY los factores son diferentes, pueden tener su origen en un mal liderazgo hasta una incorrecta interpretaci\u00f3n del mensaje por parte de los empleados, o incluso una falta de fluidez en el di\u00e1logo interno entre sectores de la empresa.  Lo que se busca con \u00e9stas capacitaciones es buscar donde est\u00e1 el problema y brindar herramientas para poder sortearlos\u201d.<\/em><\/p>\n\n\n\n<figure class=\"wp-block-embed-instagram wp-block-embed is-type-rich is-provider-instagram\"><div class=\"wp-block-embed__wrapper\">\nhttps:\/\/www.instagram.com\/p\/B9UInzPHgF7\/?utm_source=ig_web_copy_link\n<\/div><\/figure>\n\n\n\n<p class=\"wp-block-paragraph\"><strong>LA NUEVA ORATORIA<\/strong><\/p>\n\n\n\n<p class=\"wp-block-paragraph\">Uno de los fundamentos en los que hace hincapi\u00e9 Molteni, quien adem\u00e1s es guionista de Cine y TV, es la reformulaci\u00f3n del concepto de \u201coratoria\u201d.  En este sentido la profesional sostiene que <em>\u201caquello de que la oratoria se suncriscribe meramente a la forma de c\u00f3mo uno habla, de la postura corporal que adopta o del tono de voz que utiliza ha quedado ya en desuso. El modelo comunicacional actual es diferente, y se centra en otros puntos, como el entender que me pasa con la otra persona a la que voy a hablarle, incluso que le pasa a esa persona respecto a m\u00ed.  Es otra din\u00e1mica que hace un tiempo no se ten\u00eda en cuenta, el viejo concepto de \u201chablar claro para que el otro me escuche\u201d ya no funciona.  Sucede que el otro, como ente aut\u00f3nomo tiene la potestad de percibir e interpretar en funci\u00f3n a lo que \u00e9l tiene como concepto.  Por eso es imprescindible ser permeable  e interpretar que es lo que recibe el otro cuando uno habla. Muchas veces lo que uno dice no siempre es interpelado tal como uno quiere, por eso trabajamos en el ida y vuelta y no solamente en como encaro el discurso\u201d.<\/em><\/p>\n\n\n\n<figure class=\"wp-block-embed-instagram wp-block-embed is-type-rich is-provider-instagram\"><div class=\"wp-block-embed__wrapper\">\nhttps:\/\/www.instagram.com\/p\/CBJ4E5rBcoi\/?utm_source=ig_web_copy_link\n<\/div><\/figure>\n\n\n\n<p class=\"wp-block-paragraph\"><strong>LA PANDEMIA Y LA COMINCACION EMPRESARIAL<\/strong><\/p>\n\n\n\n<p class=\"wp-block-paragraph\">En estas \u00e9pocas en donde parece que el aislamiento nos aleja de la posibilidad de la interacci\u00f3n son cuando m\u00e1s atenci\u00f3n hay que poner en el discurso. Al respecto, Molteni, analiza que<em> \u201cson \u00e9pocas donde la comunicaci\u00f3n empresarial es fundamental, el trabajar desde casa por caso, hace que el concepto de trabajo en equipo se desdibuje y es entonces cuando hay que afianzar ese aspecto\u201d.<\/em><\/p>\n\n\n\n<p class=\"wp-block-paragraph\">A su vez a\u00f1ade que<em> \u201cel tema de mantener la conciencia de equipo, pese a la distancias, y la forma en la que se trasmiten los nuevos objetivos de las empresas para con los empleados es importante en estos tiempos que corren\u201d.<\/em><\/p>\n\n\n\n<figure class=\"wp-block-embed-instagram wp-block-embed is-type-rich is-provider-instagram\"><div class=\"wp-block-embed__wrapper\">\nhttps:\/\/www.instagram.com\/p\/CBgs07rhXQa\/?utm_source=ig_web_copy_link\n<\/div><\/figure>\n\n\n\n<p class=\"wp-block-paragraph\"><strong>UN POCO M\u00c1S\u2026<\/strong><\/p>\n\n\n\n<p class=\"wp-block-paragraph\">Adem\u00e1s de ser Coach en liderazgo, t\u00e9cnicas de oratoria y comunicaci\u00f3n de empresas, <strong>Guadalupe Molteni,<\/strong> est\u00e1 presente en <a href=\"https:\/\/www.instagram.com\/guadacoach\/\">Instagram<\/a> y cada domingo por la ma\u00f1ana forma parte de <em>\u201cTe la dejo picando\u201d<\/em> en Radio La Red, donde vuelca su experiencia ante diferentes temas de actualidad, dando un soluci\u00f3n alternativa a problemas cotidianos que surcan la tem\u00e1tica del programa.<\/p>\n\n\n\n<p class=\"wp-block-paragraph\">&lt;st<\/p>\n","protected":false},"excerpt":{"rendered":"<p>Especial desde #CincoD\u00edas Se puede decir que en la actualidad un emprendedor puede encontrar cientos de empresas que ofrecen sus mismos productos o servicios. En tiempos de Pandemia donde, desde los grandes empresarios hasta los due\u00f1os de PyMEs, han tenido que encontrar una forma de reinventarse o articular nuevas herramientas para poder competir en un &hellip;<\/p>\n","protected":false},"author":1,"featured_media":6776,"comment_status":"open","ping_status":"open","sticky":false,"template":"","format":"standard","meta":{"pagelayer_contact_templates":[],"_pagelayer_content":"","iawp_total_views":9,"footnotes":""},"categories":[23],"tags":[],"class_list":["post-6775","post","type-post","status-publish","format-standard","has-post-thumbnail","hentry","category-negocios-empresas"],"_links":{"self":[{"href":"https:\/\/jotaposta.com.ar\/jposta\/wp-json\/wp\/v2\/posts\/6775","targetHints":{"allow":["GET"]}}],"collection":[{"href":"https:\/\/jotaposta.com.ar\/jposta\/wp-json\/wp\/v2\/posts"}],"about":[{"href":"https:\/\/jotaposta.com.ar\/jposta\/wp-json\/wp\/v2\/types\/post"}],"author":[{"embeddable":true,"href":"https:\/\/jotaposta.com.ar\/jposta\/wp-json\/wp\/v2\/users\/1"}],"replies":[{"embeddable":true,"href":"https:\/\/jotaposta.com.ar\/jposta\/wp-json\/wp\/v2\/comments?post=6775"}],"version-history":[{"count":0,"href":"https:\/\/jotaposta.com.ar\/jposta\/wp-json\/wp\/v2\/posts\/6775\/revisions"}],"wp:featuredmedia":[{"embeddable":true,"href":"https:\/\/jotaposta.com.ar\/jposta\/wp-json\/wp\/v2\/media\/6776"}],"wp:attachment":[{"href":"https:\/\/jotaposta.com.ar\/jposta\/wp-json\/wp\/v2\/media?parent=6775"}],"wp:term":[{"taxonomy":"category","embeddable":true,"href":"https:\/\/jotaposta.com.ar\/jposta\/wp-json\/wp\/v2\/categories?post=6775"},{"taxonomy":"post_tag","embeddable":true,"href":"https:\/\/jotaposta.com.ar\/jposta\/wp-json\/wp\/v2\/tags?post=6775"}],"curies":[{"name":"wp","href":"https:\/\/api.w.org\/{rel}","templated":true}]}}