{"id":6772,"date":"2020-07-05T13:21:01","date_gmt":"2020-07-05T16:21:01","guid":{"rendered":"https:\/\/www.jotaposta.com.ar\/?p=6772"},"modified":"2020-07-05T13:21:01","modified_gmt":"2020-07-05T16:21:01","slug":"tik-tok-cuando-la-tecnologia-es-tambien-inclusion","status":"publish","type":"post","link":"https:\/\/jotaposta.com.ar\/jposta\/2020\/07\/05\/tik-tok-cuando-la-tecnologia-es-tambien-inclusion\/","title":{"rendered":"Tik Tok cuando la tecnolog\u00eda es tambi\u00e9n inclusi\u00f3n"},"content":{"rendered":"\n<p class=\"wp-block-paragraph\"><strong>Sin dudas una de las aplicaciones que tuvo su auge en esta cuarentena es Tik Tok. Captada por adolescentes en su mayor\u00eda -el 27% de los usuarios tiene entre 13 y 17 a\u00f1os y el 42%, entre 18 y 24-, muchos artistas millennials migraron hacia esa aplicaci\u00f3n: all\u00ed encontraron una manera de estar m\u00e1s cerca de su p\u00fablico y cultivar seguidores.<\/strong><\/p>\n\n\n\n<p class=\"wp-block-paragraph\">El nombre original de la aplicaci\u00f3n es Douyin que significa &#8220;sacudir la m\u00fasica&#8221; en chino. Este nombre le viene bien, ya que se trata de una red social basada en compartir peque\u00f1os clips musicales.<\/p>\n\n\n\n<p class=\"wp-block-paragraph\">La primera de las celebridades que puso a TikTok en el radar de los adultos, luego de ser primero un basti\u00f3n para los m\u00e1s chicos, fue nada m\u00e1s y nada menos que Jennifer L\u00f3pez, quien abri\u00f3 su cuenta para promover retos de bailes inspirados en los ensayos de su coreograf\u00eda antes del Super Bowl, y de all\u00ed los sub\u00eda a Instagram y Facebook.<\/p>\n\n\n\n<p class=\"wp-block-paragraph\">Si bien ya son muchos los famosos argentinos que se sumaron a esta tendencia, y todos hablan de Mariano Mart\u00ednez como uno de los pioneros, lo cierto es que esta aplicaci\u00f3n tiene un costado inclusivo que se pierde entre los virales absurdos o las imitaciones de di\u00e1logos famosos de series, pel\u00edculas o temas musicales.<a href=\"https:\/\/www.tiktok.com\/@chrissycanthearyou\" target=\"_blank\" rel=\"noreferrer noopener\">@chrissycanthearyou<\/a>Bring back ASL dances? <a href=\"https:\/\/www.tiktok.com\/tag\/duetme\" target=\"_blank\" rel=\"noreferrer noopener\">##duetme<\/a><a href=\"https:\/\/www.tiktok.com\/tag\/catsmoves\" target=\"_blank\" rel=\"noreferrer noopener\">##CATSmoves<\/a><a href=\"https:\/\/www.tiktok.com\/tag\/fyp\" target=\"_blank\" rel=\"noreferrer noopener\">##fyp<\/a><a href=\"https:\/\/www.tiktok.com\/tag\/deaf\" target=\"_blank\" rel=\"noreferrer noopener\">##deaf<\/a><a href=\"https:\/\/www.tiktok.com\/music\/Round-of-Applause-6635356351855856389\" target=\"_blank\" rel=\"noreferrer noopener\">\u266c Round of Applause &#8211; K&#8217;Ron<\/a><\/p>\n\n\n\n<p class=\"wp-block-paragraph\">Se trata de una tendencia que crece d\u00eda a d\u00eda: Interpretar canciones reconocidas a trav\u00e9s del lenguaje de los signos. Un detalle no menor si se tiene en cuenta que, seg\u00fan la Organizaci\u00f3n Mundial de la Salud, el 5% de la poblaci\u00f3n mundial tiene problemas serios de audici\u00f3n, lo que se traduce en unos 360 millones de personas que buscan la mejor manera de integrarse y comunicarse en una sociedad que no est\u00e1 especialmente concienciada con sus dificultades.<\/p>\n\n\n\n<p class=\"wp-block-paragraph\">En la versi\u00f3n anglosajona de la red social, una de las pioneras fue Chrissy Marshall, una creadora de contenido norteamericana que naci\u00f3 casi sorda y r\u00e1pidamente se ha convertido e en una celebridad que acumula cerca de 600 000 seguidores.<\/p>\n\n\n\n<p class=\"wp-block-paragraph\">Lo cierto es que esta modalidad se puede ver repetida en varios usuarios que dedican los contenidos de su red a la difusi\u00f3n integradora que implica el lenguaje de se\u00f1as.<a href=\"https:\/\/www.tiktok.com\/@mattbrex\" target=\"_blank\" rel=\"noreferrer noopener\">@mattbrex<\/a><a href=\"https:\/\/www.tiktok.com\/tag\/oncemil\" target=\"_blank\" rel=\"noreferrer noopener\">##oncemil<\/a><a href=\"https:\/\/www.tiktok.com\/tag\/abelpintos\" target=\"_blank\" rel=\"noreferrer noopener\">##abelpintos<\/a><a href=\"https:\/\/www.tiktok.com\/tag\/lenguadese\u00f1as\" target=\"_blank\" rel=\"noreferrer noopener\">##lenguadese\u00f1as<\/a><a href=\"https:\/\/www.tiktok.com\/music\/sonido-original-6818710930130586373\" target=\"_blank\" rel=\"noreferrer noopener\">\u266c sonido original &#8211; sergioadrianabad<\/a><\/p>\n\n\n\n<p class=\"wp-block-paragraph\">En Entre R\u00edos, se hizo viral el video de la escuela T\u00e9cnica 2 de Concordia, donde los alumnos de 2do a\u00f1o 1ra divisi\u00f3n interpretaron la canci\u00f3n \u201cOncemil\u201d de Abel Pintos, acompa\u00f1ados por su docente Paula Farher.<\/p>\n\n\n\n<figure class=\"wp-block-embed-youtube wp-block-embed is-type-video is-provider-youtube wp-embed-aspect-4-3 wp-has-aspect-ratio\"><div class=\"wp-block-embed__wrapper\">\n<iframe loading=\"lazy\" title=\"Oncemil en lengua de se\u00f1as. Escuela T\u00e9cnica 2, Concordia.\" width=\"500\" height=\"375\" src=\"https:\/\/www.youtube.com\/embed\/5JIUqC71HF8?feature=oembed\" frameborder=\"0\" allow=\"accelerometer; autoplay; clipboard-write; encrypted-media; gyroscope; picture-in-picture; web-share\" referrerpolicy=\"strict-origin-when-cross-origin\" allowfullscreen><\/iframe>\n<\/div><\/figure>\n\n\n\n<p class=\"wp-block-paragraph\">Pero no se trata s\u00f3lo de m\u00fasica, sino que adem\u00e1s podemos encontrar desde narraciones sobre series y pel\u00edculas favoritas de Disney y Nickelodeon, mencionar a los animales, incluso los colores, letras del abecedario y hasta formas de expresarse  y relacionarse con el otro.<a href=\"https:\/\/www.tiktok.com\/@andre.flor\" target=\"_blank\" rel=\"noreferrer noopener\">@andre.flor<\/a>sub\u00ed el mismo video con mi hijo y TikTok no lo muestra \ud83d\ude24\ud83d\ude24 <a href=\"https:\/\/www.tiktok.com\/tag\/lenguadese\u00f1as\" target=\"_blank\" rel=\"noreferrer noopener\">##lenguadese\u00f1as<\/a><a href=\"https:\/\/www.tiktok.com\/tag\/deellosaprendi\" target=\"_blank\" rel=\"noreferrer noopener\">##deellosaprendi<\/a><a href=\"https:\/\/www.tiktok.com\/tag\/disney\" target=\"_blank\" rel=\"noreferrer noopener\">##disney<\/a><a href=\"https:\/\/www.tiktok.com\/tag\/espa\u00f1olse\u00f1ado\" target=\"_blank\" rel=\"noreferrer noopener\">##espa\u00f1olse\u00f1ado<\/a><a href=\"https:\/\/www.tiktok.com\/music\/Disney-6656821689965644550\" target=\"_blank\" rel=\"noreferrer noopener\">\u266c Disney &#8211; pilicesaro<\/a><\/p>\n\n\n\n<p class=\"wp-block-paragraph\">Sin dudas es un claro ejemplo de como la conciencia social, el respeto, la inclusi\u00f3n, est\u00e1n impl\u00edcitos en gran parte de la mentalidad de los j\u00f3venes que ma\u00f1ana ser\u00e1n due\u00f1os del mundo.  Deja en evidencia que existe nueva forma de mirar y entender el mundo que cambia los paradigmas a los que estamos acostumbrados.  Quiz\u00e1s es el inicio para erradicar aquella premisa de que la \u201ctecnolog\u00eda\u201d ha llegado para arruinar al hombre. Tal vez lo interesante es ver como los avances pueden hacer de este un mundo mejor si caen en las manos indicadas y se direcciona en los objetivos correctos.<a href=\"https:\/\/www.tiktok.com\/@andre.flor\" target=\"_blank\" rel=\"noreferrer noopener\">@andre.flor<\/a>con mucho amor <a href=\"https:\/\/www.tiktok.com\/tag\/lenguadese\u00f1as\" target=\"_blank\" rel=\"noreferrer noopener\">##lenguadese\u00f1as<\/a><a href=\"https:\/\/www.tiktok.com\/tag\/lenguadese\u00f1asargentina\" target=\"_blank\" rel=\"noreferrer noopener\">##lenguadese\u00f1asargentina<\/a><a href=\"https:\/\/www.tiktok.com\/tag\/creoenti\" target=\"_blank\" rel=\"noreferrer noopener\">##creoenti<\/a><a href=\"https:\/\/www.tiktok.com\/music\/Original-Sound-6835750526118923013\" target=\"_blank\" rel=\"noreferrer noopener\">\u266c Original Sound &#8211; Unknown<\/a><\/p>\n\n\n\n<p class=\"wp-block-paragraph\">En definitiva  y parafraseando a Jorge Drexler, <em>\u201cLa m\u00e1quina la hace el hombre, Y es lo que el hombre hace con ella\u201d<\/em> lo que realmente cuenta\u2026<\/p>\n","protected":false},"excerpt":{"rendered":"<p>Sin dudas una de las aplicaciones que tuvo su auge en esta cuarentena es Tik Tok. Captada por adolescentes en su mayor\u00eda -el 27% de los usuarios tiene entre 13 y 17 a\u00f1os y el 42%, entre 18 y 24-, muchos artistas millennials migraron hacia esa aplicaci\u00f3n: all\u00ed encontraron una manera de estar m\u00e1s cerca &hellip;<\/p>\n","protected":false},"author":1,"featured_media":6773,"comment_status":"open","ping_status":"open","sticky":false,"template":"","format":"standard","meta":{"pagelayer_contact_templates":[],"_pagelayer_content":"","iawp_total_views":11,"footnotes":""},"categories":[28],"tags":[],"class_list":["post-6772","post","type-post","status-publish","format-standard","has-post-thumbnail","hentry","category-tecno"],"_links":{"self":[{"href":"https:\/\/jotaposta.com.ar\/jposta\/wp-json\/wp\/v2\/posts\/6772","targetHints":{"allow":["GET"]}}],"collection":[{"href":"https:\/\/jotaposta.com.ar\/jposta\/wp-json\/wp\/v2\/posts"}],"about":[{"href":"https:\/\/jotaposta.com.ar\/jposta\/wp-json\/wp\/v2\/types\/post"}],"author":[{"embeddable":true,"href":"https:\/\/jotaposta.com.ar\/jposta\/wp-json\/wp\/v2\/users\/1"}],"replies":[{"embeddable":true,"href":"https:\/\/jotaposta.com.ar\/jposta\/wp-json\/wp\/v2\/comments?post=6772"}],"version-history":[{"count":0,"href":"https:\/\/jotaposta.com.ar\/jposta\/wp-json\/wp\/v2\/posts\/6772\/revisions"}],"wp:featuredmedia":[{"embeddable":true,"href":"https:\/\/jotaposta.com.ar\/jposta\/wp-json\/wp\/v2\/media\/6773"}],"wp:attachment":[{"href":"https:\/\/jotaposta.com.ar\/jposta\/wp-json\/wp\/v2\/media?parent=6772"}],"wp:term":[{"taxonomy":"category","embeddable":true,"href":"https:\/\/jotaposta.com.ar\/jposta\/wp-json\/wp\/v2\/categories?post=6772"},{"taxonomy":"post_tag","embeddable":true,"href":"https:\/\/jotaposta.com.ar\/jposta\/wp-json\/wp\/v2\/tags?post=6772"}],"curies":[{"name":"wp","href":"https:\/\/api.w.org\/{rel}","templated":true}]}}