{"id":6725,"date":"2020-06-28T01:17:25","date_gmt":"2020-06-28T04:17:25","guid":{"rendered":"https:\/\/www.jotaposta.com.ar\/?p=6725"},"modified":"2020-06-28T01:17:25","modified_gmt":"2020-06-28T04:17:25","slug":"cuales-son-los-distritos-bonaerenses-que-vuelven-a-un-aislamiento-estricto","status":"publish","type":"post","link":"https:\/\/jotaposta.com.ar\/jposta\/2020\/06\/28\/cuales-son-los-distritos-bonaerenses-que-vuelven-a-un-aislamiento-estricto\/","title":{"rendered":"\u00bfCu\u00e1les son los distritos bonaerenses que vuelven a un aislamiento estricto?"},"content":{"rendered":"\n<p class=\"wp-block-paragraph\"><strong>El gobierno bonaerense inform\u00f3 que son 35 los distritos de la zona metropolitana que ingresar\u00e1n a partir del pr\u00f3ximo mi\u00e9rcoles a una nueva fase m\u00e1s estricta del aislamiento social, preventivo y obligatorio por la pandemia de coronavirus, mientras que el resto de los municipios de la provincia contin\u00faar\u00e1n como se encuentran en la actualidad.<\/strong><\/p>\n\n\n\n<p class=\"wp-block-paragraph\">Seg\u00fan se detall\u00f3 en un comunicado, los municipios que ingresan a una nueva fase m\u00e1s restrictiva en virtud de su situaci\u00f3n sanitaria y cercan\u00eda con los principales focos de contagio son Almirante Brown, Avellaneda, Berazategui, Berisso, Ensenada, Escobar, Esteban Echeverr\u00eda, Ezeiza, Florencio Varela, General Las Heras, General Rodr\u00edguez, General San Mart\u00edn, Hurlingham, Ituzaing\u00f3 y Jos\u00e9 C. Paz.<\/p>\n\n\n\n<p class=\"wp-block-paragraph\">La misma situaci\u00f3n regir\u00e1 desde 1 hasta el 17 de julio pr\u00f3ximo para La Matanza, Lan\u00fas, La Plata, Lomas de Zamora, Luj\u00e1n, Malvinas Argentinas, Marcos Paz, Merlo, Moreno, Mor\u00f3n, Pilar, Presidente Per\u00f3n, Quilmes, San Fernando, San Isidro, San Miguel, San Vicente, Tigre, Tres de Febrero y Vicente L\u00f3pez.<\/p>\n\n\n\n<p class=\"wp-block-paragraph\">El gobierno provincial consign\u00f3 que en esa regi\u00f3n del AMBA \u00abse mantendr\u00e1n en funcionamiento los sectores industriales que ya se encontraban habilitados en cada distrito tales como Industrias esenciales tales como alimentaci\u00f3n, medicamentos y equipamiento m\u00e9dico, entre otras\u00bb.<\/p>\n\n\n\n<p class=\"wp-block-paragraph\">Tambi\u00e9n, las empresas productivas que \u00aboperen dentro de parques industriales o zonas industriales planificadas; establecimientos de proceso continuo y las firmas vinculadas a los sectores de exportaci\u00f3n\u00bb.<\/p>\n\n\n\n<p class=\"wp-block-paragraph\">En todos los casos, \u00abel funcionamiento de dichas industrias se debe realizar con transporte propio y estrictos protocolos sanitarios, de funcionamiento y de fiscalizaci\u00f3n por parte de los municipios\u00bb.<\/p>\n\n\n\n<p class=\"wp-block-paragraph\">En relaci\u00f3n a los comercios, se mantendr\u00e1n abiertos \u00absolo los de car\u00e1cter esencial (alimentaci\u00f3n, farmacias, Higiene y limpieza, ferreter\u00edas, veterinarias y provisi\u00f3n de garrafas) y se mantiene permitido el reparto a domicilio de alimentos, medicamentos, productos de higiene, de limpieza y otros insumos de primera necesidad\u00bb.<\/p>\n\n\n\n<p class=\"wp-block-paragraph\">En el transporte urbano, interdistrital e interjurisdiccional, \u00abs\u00f3lo se permitir\u00e1 el acceso a los trabajadores y trabajadoras de las actividades y servicios esenciales\u00bb.<\/p>\n\n\n\n<p class=\"wp-block-paragraph\"><strong>Tambi\u00e9n dispuso que solamente podr\u00e1n circular en transporte propio \u00abaquellos trabajadores y trabajadoras esenciales de las actividades y servicios permitidos\u00bb, y se anticip\u00f3 que habbr\u00e1 \u00abcontroles estrictos en autopistas, estaciones y vagones de trenes y colectivos\u00bb.<\/strong><\/p>\n\n\n\n<p class=\"wp-block-paragraph\">El gobierno bonaerense inform\u00f3, adem\u00e1s, que, \u00abpese a ser considerados municipios del AMBA, permanecer\u00e1n en fase 3 los distritos de car\u00e1cter semi-rural y con buenos indicadores sanitarios, como Brandsen, Campana, Ca\u00f1uelas, Exaltaci\u00f3n de la Cruz y Z\u00e1rate\u00bb.<\/p>\n\n\n\n<p class=\"wp-block-paragraph\">En cuanto al interior bonaerense, \u00ablos distritos que hayan tenido casos aut\u00f3ctonos en los \u00faltimos 21 d\u00edas estar\u00e1n en Fase 4 y, los que no, en fase 5, diagrama que se actualiza todos los lunes de acuerdo con la situaci\u00f3n epidemiol\u00f3gica\u00bb.<\/p>\n","protected":false},"excerpt":{"rendered":"<p>El gobierno bonaerense inform\u00f3 que son 35 los distritos de la zona metropolitana que ingresar\u00e1n a partir del pr\u00f3ximo mi\u00e9rcoles a una nueva fase m\u00e1s estricta del aislamiento social, preventivo y obligatorio por la pandemia de coronavirus, mientras que el resto de los municipios de la provincia contin\u00faar\u00e1n como se encuentran en la actualidad. Seg\u00fan &hellip;<\/p>\n","protected":false},"author":1,"featured_media":6726,"comment_status":"open","ping_status":"open","sticky":false,"template":"","format":"standard","meta":{"pagelayer_contact_templates":[],"_pagelayer_content":"","iawp_total_views":6,"footnotes":""},"categories":[12],"tags":[],"class_list":["post-6725","post","type-post","status-publish","format-standard","has-post-thumbnail","hentry","category-coronavirus-covid-19"],"_links":{"self":[{"href":"https:\/\/jotaposta.com.ar\/jposta\/wp-json\/wp\/v2\/posts\/6725","targetHints":{"allow":["GET"]}}],"collection":[{"href":"https:\/\/jotaposta.com.ar\/jposta\/wp-json\/wp\/v2\/posts"}],"about":[{"href":"https:\/\/jotaposta.com.ar\/jposta\/wp-json\/wp\/v2\/types\/post"}],"author":[{"embeddable":true,"href":"https:\/\/jotaposta.com.ar\/jposta\/wp-json\/wp\/v2\/users\/1"}],"replies":[{"embeddable":true,"href":"https:\/\/jotaposta.com.ar\/jposta\/wp-json\/wp\/v2\/comments?post=6725"}],"version-history":[{"count":0,"href":"https:\/\/jotaposta.com.ar\/jposta\/wp-json\/wp\/v2\/posts\/6725\/revisions"}],"wp:featuredmedia":[{"embeddable":true,"href":"https:\/\/jotaposta.com.ar\/jposta\/wp-json\/wp\/v2\/media\/6726"}],"wp:attachment":[{"href":"https:\/\/jotaposta.com.ar\/jposta\/wp-json\/wp\/v2\/media?parent=6725"}],"wp:term":[{"taxonomy":"category","embeddable":true,"href":"https:\/\/jotaposta.com.ar\/jposta\/wp-json\/wp\/v2\/categories?post=6725"},{"taxonomy":"post_tag","embeddable":true,"href":"https:\/\/jotaposta.com.ar\/jposta\/wp-json\/wp\/v2\/tags?post=6725"}],"curies":[{"name":"wp","href":"https:\/\/api.w.org\/{rel}","templated":true}]}}