{"id":6591,"date":"2020-06-18T05:38:00","date_gmt":"2020-06-18T08:38:00","guid":{"rendered":"https:\/\/www.jotaposta.com.ar\/?p=6591"},"modified":"2020-06-18T05:38:00","modified_gmt":"2020-06-18T08:38:00","slug":"pandemia-la-obesidad-en-la-adolescencia-no-discrimina","status":"publish","type":"post","link":"https:\/\/jotaposta.com.ar\/jposta\/2020\/06\/18\/pandemia-la-obesidad-en-la-adolescencia-no-discrimina\/","title":{"rendered":"Pandemia: La Obesidad en la Adolescencia no Discrimina"},"content":{"rendered":"\n<p class=\"wp-block-paragraph\">La malnutrici\u00f3n coexiste en las mismas regiones y en los\ndistintos estratos sociales. La nutrici\u00f3n tiene un rol fundamental en el\ndesarrollo, crecimiento y maduraci\u00f3n sexual de los adolescentes. Causas y\nconsecuencias de una problem\u00e1tica actual que se acrecienta durante la pandemia\ny tendr\u00e1 secuelas en un futuro cercano.<\/p>\n\n\n\n<div class=\"wp-block-image\"><figure class=\"alignleft is-resized\"><img loading=\"lazy\" decoding=\"async\" src=\"https:\/\/jotaposta.com.ar\/jposta\/wp-content\/uploads\/2018\/10\/Busnelli-Doctora.jpg\" alt=\"\" class=\"wp-image-2437\" width=\"275\" height=\"279\" srcset=\"https:\/\/jotaposta.com.ar\/jposta\/wp-content\/uploads\/2018\/10\/Busnelli-Doctora.jpg 472w, https:\/\/jotaposta.com.ar\/jposta\/wp-content\/uploads\/2018\/10\/Busnelli-Doctora-296x300.jpg 296w\" sizes=\"auto, (max-width: 275px) 100vw, 275px\" \/><figcaption>Dra. Virginia Busnelli<\/figcaption><\/figure><\/div>\n\n\n\n<p class=\"wp-block-paragraph\">En <strong>#JotaPosta<\/strong> dialogamos con la <strong><a href=\"https:\/\/www.instagram.com\/virbusnelli\/\">Doctora Virginia Busnelli,<\/a> (MN 110351), M\u00e9dica especialista en nutrici\u00f3n <\/strong>que nos explica que <em>\u201cEn nuestro pa\u00eds la malnutrici\u00f3n est\u00e1 avanzando sobre todas las zonas y estratos sociales, sin distinci\u00f3n de sexo y edad. Este t\u00e9rmino abarca la desnutrici\u00f3n, definida por la OMS como: la ingesta insuficiente de alimentos de forma continuada, que es insuficiente para satisfacer las necesidades de energ\u00eda alimentaria, sea por absorci\u00f3n y\/o uso biol\u00f3gico deficiente de los nutrientes consumidos; como as\u00ed tambi\u00e9n incluye la de sobre alimentaci\u00f3n, que se refiere a un estado cr\u00f3nico en el que la ingesta de alimentos es mayor a lo requerido por el gasto energ\u00e9tico diario, provocando sobrepeso u obesidad. Concretamente esta \u00faltima es la forma m\u00e1s frecuente de malnutrici\u00f3n en los pa\u00edses desarrollados. Hoy la obesidad y la desnutrici\u00f3n de los individuos coexisten en las mismas regiones, mismas familias y hasta en el mismo individuo (obesidad con retraso cr\u00f3nico de crecimiento), conocida como \u201cdesnutrici\u00f3n oculta\u201d. Lamentablemente en plena pandemia, los profesionales de la salud creemos que los n\u00fameros van a incrementarse\u201d.<\/em><\/p>\n\n\n\n<figure class=\"wp-block-image\"><img loading=\"lazy\" decoding=\"async\" width=\"1024\" height=\"576\" src=\"https:\/\/www.jotaposta.com.ar\/wp-content\/uploads\/2020\/06\/argentina-obesidad-1024x576.jpg\" alt=\"\" class=\"wp-image-6592\" srcset=\"https:\/\/jotaposta.com.ar\/jposta\/wp-content\/uploads\/2020\/06\/argentina-obesidad-1024x576.jpg 1024w, https:\/\/jotaposta.com.ar\/jposta\/wp-content\/uploads\/2020\/06\/argentina-obesidad-300x169.jpg 300w, https:\/\/jotaposta.com.ar\/jposta\/wp-content\/uploads\/2020\/06\/argentina-obesidad-768x432.jpg 768w, https:\/\/jotaposta.com.ar\/jposta\/wp-content\/uploads\/2020\/06\/argentina-obesidad-1536x864.jpg 1536w, https:\/\/jotaposta.com.ar\/jposta\/wp-content\/uploads\/2020\/06\/argentina-obesidad-390x220.jpg 390w, https:\/\/jotaposta.com.ar\/jposta\/wp-content\/uploads\/2020\/06\/argentina-obesidad.jpg 1600w\" sizes=\"auto, (max-width: 1024px) 100vw, 1024px\" \/><\/figure>\n\n\n\n<p class=\"wp-block-paragraph\">En este contexto, la profesional sostiene que <em>\u201clos adolescentes constituyen un grupo vulnerable debido al alto ritmo de crecimiento y por los fen\u00f3menos madurativos que afectan al tama\u00f1o, forma y composici\u00f3n del organismo generando un incremento en sus demandas nutritivas y energ\u00e9ticas. A su vez, est\u00e1n pasando por un per\u00edodo de transici\u00f3n, con una notable adaptaci\u00f3n a determinados cambios f\u00edsicos, sociales, emocionales y cognitivos, que en ciertas ocasiones lo superan en velocidad y exigencia. La nutrici\u00f3n, entonces juega un papel cr\u00edtico en su desarrollo y una alimentaci\u00f3n inadecuada puede influir desfavorablemente en su crecimiento y maduraci\u00f3n sexual\u201d.<\/em><\/p>\n\n\n\n<p class=\"wp-block-paragraph\"><strong>Busnelli,<\/strong> quien adem\u00e1s es <strong>directora del Centro de Endocrinolog\u00eda y Nutrici\u00f3n CRENYF<\/strong>, afirma que <em>\u201cLa alimentaci\u00f3n se encuentra influenciada por gustos, h\u00e1bitos, disponibilidad, costumbres, conocimientos y creencias tanto individuales como sociales, que no siempre llevan a tener una buena alimentaci\u00f3n. Los adolescentes en la actualidad reciben de m\u00faltiples maneras esta influencia, lo que los vuelve un grupo de riesgo. Muchas veces, la escasez de recursos econ\u00f3micos hace que la cantidad y calidad de los alimentos consumidos no sean las adecuadas. En otros casos las formas de alimentarse se trasmiten de familia en familia, simplemente por \u201ccostumbre\u201d comen determinadas preparaciones en ciertas ocasiones o formas. A veces, por la suposici\u00f3n de que tal alimento \u201chace bien o mal\u201d o tal otro \u201cengorda\u201d es que se consumen o dejan de hacerlo. Conforman \u201cmodas\u201d que se instalan, influidas por la publicidad, las redes sociales y hasta por los pares\u201d.<\/em><\/p>\n\n\n\n<figure class=\"wp-block-image\"><img loading=\"lazy\" decoding=\"async\" width=\"1019\" height=\"1024\" src=\"https:\/\/www.jotaposta.com.ar\/wp-content\/uploads\/2020\/06\/obesidad2-2-1019x1024.jpg\" alt=\"\" class=\"wp-image-6596\" srcset=\"https:\/\/jotaposta.com.ar\/jposta\/wp-content\/uploads\/2020\/06\/obesidad2-2-1019x1024.jpg 1019w, https:\/\/jotaposta.com.ar\/jposta\/wp-content\/uploads\/2020\/06\/obesidad2-2-298x300.jpg 298w, https:\/\/jotaposta.com.ar\/jposta\/wp-content\/uploads\/2020\/06\/obesidad2-2-150x150.jpg 150w, https:\/\/jotaposta.com.ar\/jposta\/wp-content\/uploads\/2020\/06\/obesidad2-2-768x772.jpg 768w, https:\/\/jotaposta.com.ar\/jposta\/wp-content\/uploads\/2020\/06\/obesidad2-2.jpg 1134w\" sizes=\"auto, (max-width: 1019px) 100vw, 1019px\" \/><\/figure>\n\n\n\n<p class=\"wp-block-paragraph\"><em>\u201cEl entorno que rodea a los adolescentes en general es obesog\u00e9nico, constantemente brinda est\u00edmulos que llevan al sobrepeso y la obesidad. En el contexto actual, el aumento del uso de la tecnolog\u00eda en reemplazo de la actividad f\u00edsica genera que los adolescentes est\u00e9n m\u00e1s horas sentados que en movimiento, lo que empora su situaci\u00f3n. Por otro lado, debemos destacar el aumento del consumo de bebidas azucaradas, como los jugos y las gaseosas, en reemplazo del agua, que pone en riesgo a este grupo y predispone a sufrir sobrepeso y obesidad\u201d<\/em> detalla.<\/p>\n\n\n\n<p class=\"wp-block-paragraph\">Otra situaci\u00f3n que se evidencia como problem\u00e1tica en los adolescentes es el aumento en el consumo de tabaco y alcohol, con las consecuencias f\u00edsicas y sociales que esto trae aparejado, la profesional enuncia que seg\u00fan la \u00faltima Encuesta Mundial de Salud Escolar (EMSE) realizada en el a\u00f1o 2012, <em>\u201c7 de cada 10 adolescentes probaron alcohol y\/o tabaco antes de los 14 a\u00f1os. Socialmente la frecuencia de la introducci\u00f3n temprana de estas sustancias tiene importantes consecuencias en el corto, mediano y largo plazo. Los adolescentes con sobrepeso presentan un 25% m\u00e1s de probabilidad de fumar y un 26% de probabilidad de consumir alcohol, volvi\u00e9ndose as\u00ed un grupo de alto riesgo\u201d.<\/em><\/p>\n\n\n\n<figure class=\"wp-block-image\"><img loading=\"lazy\" decoding=\"async\" width=\"1024\" height=\"683\" src=\"https:\/\/www.jotaposta.com.ar\/wp-content\/uploads\/2020\/06\/obesidad3-1-1024x683.jpg\" alt=\"\" class=\"wp-image-6597\" srcset=\"https:\/\/jotaposta.com.ar\/jposta\/wp-content\/uploads\/2020\/06\/obesidad3-1-1024x683.jpg 1024w, https:\/\/jotaposta.com.ar\/jposta\/wp-content\/uploads\/2020\/06\/obesidad3-1-300x200.jpg 300w, https:\/\/jotaposta.com.ar\/jposta\/wp-content\/uploads\/2020\/06\/obesidad3-1-768x512.jpg 768w, https:\/\/jotaposta.com.ar\/jposta\/wp-content\/uploads\/2020\/06\/obesidad3-1.jpg 1125w\" sizes=\"auto, (max-width: 1024px) 100vw, 1024px\" \/><\/figure>\n\n\n\n<p class=\"wp-block-paragraph\">Por otra parte, agrega que <em>\u201clos adolescentes con sobrepeso presentan un 21% m\u00e1s de probabilidad de sufrir intimidaci\u00f3n (bullying). Esta tendencia es m\u00e1s marcada en mujeres y tambi\u00e9n se observa una mayor tendencia al suicidio, por lo que es muy importante abordar esta problem\u00e1tica tambi\u00e9n desde el lado social\u201d<\/em><\/p>\n\n\n\n<p class=\"wp-block-paragraph\">\u201c<em>Con todos estos datos, podemos concluir que debemos poner especial atenci\u00f3n en la alimentaci\u00f3n y la salud tanto f\u00edsica como mental, de este grupo, por su constante exposici\u00f3n a un entorno obesog\u00e9nico y las consecuencias que puede tener tanto en el momento actual que transitan, como en el futuro de los chicos y chicas\u201d<\/em> anuncia <strong>Busnelli.<\/strong><\/p>\n\n\n\n<figure class=\"wp-block-image\"><img loading=\"lazy\" decoding=\"async\" width=\"1024\" height=\"594\" src=\"https:\/\/www.jotaposta.com.ar\/wp-content\/uploads\/2020\/06\/gordofobiastop-1024x594.jpg\" alt=\"\" class=\"wp-image-6598\" srcset=\"https:\/\/jotaposta.com.ar\/jposta\/wp-content\/uploads\/2020\/06\/gordofobiastop-1024x594.jpg 1024w, https:\/\/jotaposta.com.ar\/jposta\/wp-content\/uploads\/2020\/06\/gordofobiastop-300x174.jpg 300w, https:\/\/jotaposta.com.ar\/jposta\/wp-content\/uploads\/2020\/06\/gordofobiastop-768x445.jpg 768w, https:\/\/jotaposta.com.ar\/jposta\/wp-content\/uploads\/2020\/06\/gordofobiastop.jpg 1500w\" sizes=\"auto, (max-width: 1024px) 100vw, 1024px\" \/><\/figure>\n\n\n\n<p class=\"wp-block-paragraph\">Y al respecto adjunta que <em>\u201cen primer lugar, debemos generar conciencia de la situaci\u00f3n y del problema que esto puede conllevar en todos los aspectos de la vida. Muchos de estos adolescentes, y mismo sus padres no ven a la obesidad como una enfermedad, lo que genera que no haya intenciones de mejorar o comenzar un tratamiento para el cambio de h\u00e1bito. Tambi\u00e9n hace que se vea aumentado el fracaso en los tratamientos que se inician por obligaci\u00f3n o por derivaci\u00f3n m\u00e9dica\u201d.<\/em><\/p>\n\n\n\n<p class=\"wp-block-paragraph\">Y por \u00faltimo, la Doctora, considera fuadamental el <em>\u201ctrabajar socialmente en la inclusi\u00f3n y el acompa\u00f1amiento de los adolescentes con pol\u00edticas p\u00fablicas y educativas que acompa\u00f1en las situaciones de acoso y bullying que interfieren en las ganas de querer mejorar la situaci\u00f3n, tanto de los chicos como de las familias. Sin victimizar, pero teniendo a este grupo como vulnerable, debemos poder revertir la situaci\u00f3n actual de la obesidad en la adolescencia y disminuir las consecuencias tanto actuales como a futuro que esto puede ocasionar\u201d.<\/em><\/p>\n","protected":false},"excerpt":{"rendered":"<p>La malnutrici\u00f3n coexiste en las mismas regiones y en los distintos estratos sociales. La nutrici\u00f3n tiene un rol fundamental en el desarrollo, crecimiento y maduraci\u00f3n sexual de los adolescentes. Causas y consecuencias de una problem\u00e1tica actual que se acrecienta durante la pandemia y tendr\u00e1 secuelas en un futuro cercano. Dra. Virginia Busnelli En #JotaPosta dialogamos &hellip;<\/p>\n","protected":false},"author":1,"featured_media":6599,"comment_status":"open","ping_status":"open","sticky":false,"template":"","format":"standard","meta":{"pagelayer_contact_templates":[],"_pagelayer_content":"","iawp_total_views":8,"footnotes":""},"categories":[26],"tags":[],"class_list":["post-6591","post","type-post","status-publish","format-standard","has-post-thumbnail","hentry","category-salud-bienestar"],"_links":{"self":[{"href":"https:\/\/jotaposta.com.ar\/jposta\/wp-json\/wp\/v2\/posts\/6591","targetHints":{"allow":["GET"]}}],"collection":[{"href":"https:\/\/jotaposta.com.ar\/jposta\/wp-json\/wp\/v2\/posts"}],"about":[{"href":"https:\/\/jotaposta.com.ar\/jposta\/wp-json\/wp\/v2\/types\/post"}],"author":[{"embeddable":true,"href":"https:\/\/jotaposta.com.ar\/jposta\/wp-json\/wp\/v2\/users\/1"}],"replies":[{"embeddable":true,"href":"https:\/\/jotaposta.com.ar\/jposta\/wp-json\/wp\/v2\/comments?post=6591"}],"version-history":[{"count":0,"href":"https:\/\/jotaposta.com.ar\/jposta\/wp-json\/wp\/v2\/posts\/6591\/revisions"}],"wp:featuredmedia":[{"embeddable":true,"href":"https:\/\/jotaposta.com.ar\/jposta\/wp-json\/wp\/v2\/media\/6599"}],"wp:attachment":[{"href":"https:\/\/jotaposta.com.ar\/jposta\/wp-json\/wp\/v2\/media?parent=6591"}],"wp:term":[{"taxonomy":"category","embeddable":true,"href":"https:\/\/jotaposta.com.ar\/jposta\/wp-json\/wp\/v2\/categories?post=6591"},{"taxonomy":"post_tag","embeddable":true,"href":"https:\/\/jotaposta.com.ar\/jposta\/wp-json\/wp\/v2\/tags?post=6591"}],"curies":[{"name":"wp","href":"https:\/\/api.w.org\/{rel}","templated":true}]}}