{"id":6457,"date":"2020-06-04T21:49:52","date_gmt":"2020-06-05T00:49:52","guid":{"rendered":"https:\/\/www.jotaposta.com.ar\/?p=6457"},"modified":"2020-06-04T21:49:52","modified_gmt":"2020-06-05T00:49:52","slug":"el-aislamiento-sigue-hasta-el-28-de-junio-solo-en-el-amba-y-otras-zonas-de-transmision-comunitaria","status":"publish","type":"post","link":"https:\/\/jotaposta.com.ar\/jposta\/2020\/06\/04\/el-aislamiento-sigue-hasta-el-28-de-junio-solo-en-el-amba-y-otras-zonas-de-transmision-comunitaria\/","title":{"rendered":"El aislamiento sigue hasta el 28 de junio s\u00f3lo en el AMBA y otras zonas de transmisi\u00f3n comunitaria"},"content":{"rendered":"\n<p class=\"wp-block-paragraph\"><strong>El presidente Alberto Fern\u00e1ndez anunci\u00f3 esta noche la extensi\u00f3n del aislamiento social obligatorio por 21 d\u00edas, desde el lunes pr\u00f3ximo y hasta el 28 de junio, ahora enfocado en la ciudad de Buenos Aires y el conurbano bonaerense, donde se concentran m\u00e1s del 90% de los casos de coronavirus, una pandemia que en las \u00faltimas 24 horas caus\u00f3 25 muertes y 929 nuevos casos positivos en el pa\u00eds.<\/strong><\/p>\n\n\n\n<p class=\"wp-block-paragraph\">El jefe de Estado anunci\u00f3 que se mantendr\u00e1 el aislamiento en todos los lugares donde haya circulaci\u00f3n comunitaria de virus, como el Amba, el Gran Chaco, el Gran C\u00f3rdoba y Trelew, en tanto que el resto del pa\u00eds, donde haya pocos o nulos casos positivos, implementar\u00e1 un &#8220;distanciamiento preventivo&#8221;.<\/p>\n\n\n\n<p class=\"wp-block-paragraph\">Fern\u00e1ndez hizo el anuncio en la Residencia Presidencial de Olivos, acompa\u00f1ado por el gobernador de la provincia de Buenos Aires, Axel Kicillof, y el jefe de gobierno porte\u00f1o, Horacio Rodr\u00edguez Larreta.<\/p>\n\n\n\n<p class=\"wp-block-paragraph\">El Presidente de la Naci\u00f3n se congratul\u00f3 de contar &#8220;con todos y cada uno de los gobernadores&#8221; en acuerdo con el aislamiento, que se inici\u00f3 el 20 de marzo pasado, y llam\u00f3 a &#8220;seguir trabajando juntos, muy unidos, porque (el coronavirus) puede aparecer en cualquier momento en cualquier lugar<\/p>\n\n\n\n<p class=\"wp-block-paragraph\">En tanto, el Ministerio de Salud de la Naci\u00f3n inform\u00f3 que 25 personas murieron y 929 fueron diagnosticadas con coronavirus en las \u00faltimas 24 horas en el pa\u00eds, con lo que son 608 los fallecidos y 20.197 los infectados desde el inicio de la pandemia.<\/p>\n\n\n\n<p class=\"wp-block-paragraph\">El Ministerio inform\u00f3 en su reporte vespertino que murieron catorce hombres, ocho residentes en la provincia de Buenos Aires de 69, 90, 51, 64, 62, 84, 64 y 68 a\u00f1os; cinco de la ciudad de Buenos Aires de 36, 71, 64, 54 y 89 y uno de 57 a\u00f1os en la provincia de R\u00edo Negro;.<\/p>\n\n\n\n<p class=\"wp-block-paragraph\">Tambi\u00e9n fallecieron seis mujeres: cuatro residentes en la Ciudad de Buenos Aires de 56, 88, 88 y 85 a\u00f1os; una de 84 en la provincia de Buenos Aires y la restante de 54 en la provincia de Chaco.<\/p>\n\n\n\n<p class=\"wp-block-paragraph\">De esta forma, la cifra de muertos desde el inicio de la pandemia es de 608 y los infectados 20.197.<\/p>\n\n\n\n<p class=\"wp-block-paragraph\">El parte matutino consign\u00f3 que murieron tres mujeres, dos residentes en la Ciudad de Buenos Aires de 84 y 45 a\u00f1os y una de 88 en la provincia de Buenos Aires; adem\u00e1s de dos hombres, uno de 57 a\u00f1os, residente en la provincia de Buenos Aires; y otro de 56 en la Ciudad de Buenos Aires.<\/p>\n\n\n\n<p class=\"wp-block-paragraph\">Del total de los casos, 978 (4,8%) son importados, 8.541 (42,3%) contactos estrechos de casos confirmados, 7.349 (36,4%) casos de circulaci\u00f3n comunitaria y el resto se encuentra en investigaci\u00f3n epidemiol\u00f3gica.<\/p>\n\n\n\n<p class=\"wp-block-paragraph\">Por su parte, el ministro de Educaci\u00f3n de la Naci\u00f3n, Nicol\u00e1s Trotta, inform\u00f3 que est\u00e1 &#8220;trabajando en lo que son los protocolos a la vuelta de clases&#8221; y advirti\u00f3 que &#8220;no hay que apurar el momento de tomar alguna decisi\u00f3n para regresar a las aulas&#8221;.<\/p>\n\n\n\n<p class=\"wp-block-paragraph\">&#8220;Reci\u00e9n cuando nuestras escuelas est\u00e9n listas, los protocolos y que la comunidad educativa tenga la tranquilidad, ser\u00e1 el momento de regresar de manera escalonada&#8221;, sostuvo Trotta.<\/p>\n\n\n\n<p class=\"wp-block-paragraph\">A su vez, la Confederaci\u00f3n General del Trabajo (CGT) y la Uni\u00f3n Industrial Argentina (UIA) prorrogaron hoy el acuerdo marco original de abril para sostener &#8220;el empleo y la producci\u00f3n en el contexto de la pandemia de coronavirus&#8221;, que tendr\u00e1 otros 60 d\u00edas de vigencia y mantendr\u00e1 las suspensiones temporarias y el pago del 75 por ciento del salario neto, seg\u00fan el art\u00edculo 223 bis de la Ley de Contrato de Trabajo.<\/p>\n\n\n\n<p class=\"wp-block-paragraph\">En el campo de la ciencia, cient\u00edficos de la Universidad de San Mart\u00edn y Conicet comenzar\u00e1n con las investigaciones para desarrollar una vacuna contra el nuevo coronavirus, lo que los convierte en el segundo grupo nacional en sumarse a la b\u00fasqueda de este desarrollo, que cuenta con m\u00e1s de 120 candidatos a nivel mundial, diez de los cuales ya empezaron las pruebas en humanos.<\/p>\n\n\n\n<p class=\"wp-block-paragraph\">\u00c9ste es el segundo proyecto nacional que busca una vacuna para el SARS-Cov-2; el primero fue anunciado semanas atr\u00e1s y se trata del trabajo de cient\u00edficos de la Facultad de Bioqu\u00edmica y Ciencias Biol\u00f3gicas de la Universidad Nacional del Litoral (FBCB &#8211; UNL), Conicet y las empresas Cellargen Biotech SRL y Biotecnofe SA.<\/p>\n\n\n\n<p class=\"wp-block-paragraph\">Por su parte, el Ministerio de Ciencia y Tecnolog\u00eda e Innovaci\u00f3n seleccion\u00f3 ocho proyectos presentados por cient\u00edficos e investigadores de universidades de todo el pa\u00eds y del Conicet que recibir\u00e1n 37.566.010 pesos para desarrollar sus investigaciones. La mitad del capital ser\u00e1 aportado por la Fundaci\u00f3n Bunge y Born.<\/p>\n\n\n\n<p class=\"wp-block-paragraph\">Los proyectos tienen que ver con un recubrimiento antiviral para barbijos y camisolines o un m\u00e9todo que predice cuando un paciente podr\u00eda tener una complicaci\u00f3n pulmonar, entre otros.<\/p>\n\n\n\n<p class=\"wp-block-paragraph\">Sobre el regreso de argentinos desde el exterior retenidos por las restricciones de la pandemia, Aerol\u00edneas Argentinas confirm\u00f3 nueve vuelos especiales desde San Pablo, Canc\u00fan, Miami y Madrid.<\/p>\n\n\n\n<p class=\"wp-block-paragraph\">Las nueve vuelos de Aerol\u00edneas significan m\u00e1s de 2.100 asientos disponibles para el regreso de argentinos y, desde que se iniciaran las operaciones especiales, la compa\u00f1\u00eda program\u00f3 103 vuelos en los que arribaron al pa\u00eds m\u00e1s de 25.000 argentinos.<\/p>\n\n\n\n<p class=\"wp-block-paragraph\">De igual forma, la compa\u00f1\u00eda realiz\u00f3 y program\u00f3 un total de 32 vuelos especiales hacia Shangh\u00e1i, Rep\u00fablica Popular China con el objetivo de traer al pa\u00eds insumos cr\u00edticos en la lucha contra el virus del Covid-19.<\/p>\n\n\n\n<p class=\"wp-block-paragraph\">En el plano global, el premier brit\u00e1nico, Boris Johnson, inst\u00f3 a los l\u00edderes mundiales a unirse para luchar contra el coronavirus y a trabajar con la Organizaci\u00f3n Mundial de la Salud (OMS), al encabezar la apertura de la Cumbre Mundial de Vacunas, organizada por el Reino Unido.<\/p>\n\n\n\n<p class=\"wp-block-paragraph\">La cumbre espera recaudar al menos 6.000 millones de libras esterlinas (7,4 mil millones de d\u00f3lares) para inmunizar a unos 300 millones de ni\u00f1os en los pa\u00edses m\u00e1s pobres del mundo hacia 2025 de diversos males, como polio o difteria.<\/p>\n\n\n\n<p class=\"wp-block-paragraph\">Johnson insisti\u00f3 en que el mundo debe &#8220;cooperar a una escala m\u00e1s grande que cualquier otra cosa que hayamos visto antes&#8221;.<\/p>\n\n\n\n<p class=\"wp-block-paragraph\">En la regi\u00f3n, Chile volvi\u00f3 a reportar en las \u00faltimas 24 horas m\u00e1s de 4.000 casos de infectados con coronavirus y nuevamente las muertes diarias superan las 80, seg\u00fan el \u00faltimo balance del ministerio de Salud, que admiti\u00f3 que los hospitales p\u00fablicos y privados viven una crisis debido a la gran cantidad de internados.<\/p>\n\n\n\n<p class=\"wp-block-paragraph\">En tanto, Brasil pretende iniciar este mes mes la aplicaci\u00f3n en 2.000 personas de la dosis de una vacuna experimental contra la Covid-19 que fue desarrollada por la Universidad de Oxford con la empresa farmac\u00e9utica AstraZeneca, lo anunci\u00f3 una de las responsables del proyecto, de la Universidad Federal de San Pablo (Unifesp).\n\n<\/p>\n","protected":false},"excerpt":{"rendered":"<p>El presidente Alberto Fern\u00e1ndez anunci\u00f3 esta noche la extensi\u00f3n del aislamiento social obligatorio por 21 d\u00edas, desde el lunes pr\u00f3ximo y hasta el 28 de junio, ahora enfocado en la ciudad de Buenos Aires y el conurbano bonaerense, donde se concentran m\u00e1s del 90% de los casos de coronavirus, una pandemia que en las \u00faltimas &hellip;<\/p>\n","protected":false},"author":1,"featured_media":6458,"comment_status":"open","ping_status":"open","sticky":false,"template":"","format":"standard","meta":{"pagelayer_contact_templates":[],"_pagelayer_content":"","iawp_total_views":6,"footnotes":""},"categories":[3],"tags":[],"class_list":["post-6457","post","type-post","status-publish","format-standard","has-post-thumbnail","hentry","category-actualidad"],"_links":{"self":[{"href":"https:\/\/jotaposta.com.ar\/jposta\/wp-json\/wp\/v2\/posts\/6457","targetHints":{"allow":["GET"]}}],"collection":[{"href":"https:\/\/jotaposta.com.ar\/jposta\/wp-json\/wp\/v2\/posts"}],"about":[{"href":"https:\/\/jotaposta.com.ar\/jposta\/wp-json\/wp\/v2\/types\/post"}],"author":[{"embeddable":true,"href":"https:\/\/jotaposta.com.ar\/jposta\/wp-json\/wp\/v2\/users\/1"}],"replies":[{"embeddable":true,"href":"https:\/\/jotaposta.com.ar\/jposta\/wp-json\/wp\/v2\/comments?post=6457"}],"version-history":[{"count":0,"href":"https:\/\/jotaposta.com.ar\/jposta\/wp-json\/wp\/v2\/posts\/6457\/revisions"}],"wp:featuredmedia":[{"embeddable":true,"href":"https:\/\/jotaposta.com.ar\/jposta\/wp-json\/wp\/v2\/media\/6458"}],"wp:attachment":[{"href":"https:\/\/jotaposta.com.ar\/jposta\/wp-json\/wp\/v2\/media?parent=6457"}],"wp:term":[{"taxonomy":"category","embeddable":true,"href":"https:\/\/jotaposta.com.ar\/jposta\/wp-json\/wp\/v2\/categories?post=6457"},{"taxonomy":"post_tag","embeddable":true,"href":"https:\/\/jotaposta.com.ar\/jposta\/wp-json\/wp\/v2\/tags?post=6457"}],"curies":[{"name":"wp","href":"https:\/\/api.w.org\/{rel}","templated":true}]}}