{"id":6155,"date":"2020-03-27T18:20:10","date_gmt":"2020-03-27T21:20:10","guid":{"rendered":"https:\/\/www.jotaposta.com.ar\/?p=6155"},"modified":"2020-03-27T18:20:10","modified_gmt":"2020-03-27T21:20:10","slug":"estaban-estudiando-o-trabajando-en-sidney-tenian-pasaje-para-volver-y-no-pueden-la-otra-cara-de-los-argentinos-varados","status":"publish","type":"post","link":"https:\/\/jotaposta.com.ar\/jposta\/2020\/03\/27\/estaban-estudiando-o-trabajando-en-sidney-tenian-pasaje-para-volver-y-no-pueden-la-otra-cara-de-los-argentinos-varados\/","title":{"rendered":"Estaban estudiando o trabajando en Sidney: ten\u00edan pasaje para volver y no pueden. La otra cara de los argentinos varados."},"content":{"rendered":"\n<p class=\"wp-block-paragraph\"><strong><em>#Especial de #CincoDias para #JotaPosta<\/em><\/strong><\/p>\n\n\n\n<p class=\"wp-block-paragraph\">La decisi\u00f3n del Gobierno nacional de ampliar el cierre de fronteras que reg\u00eda desde el 16 de marzo \u00faltimo<em>\u00a0\u00aba las personas residentes en el pa\u00eds, y a los argentinos y las argentinas con residencia en el exterior\u00bb,<\/em>\u00a0a trav\u00e9s de la totalidad de los pasos internacionales, puertos, aeropuertos y centros de frontera, en el marco de las medidas adoptadas para frenar el avance del coronavirus, ha dejado preocupado a muchos ciudadanos que esperaban su viaje de regreso.<\/p>\n\n\n\n<p class=\"wp-block-paragraph\">Si bien el Decreto de Necesidad y Urgencia (DNU) 313\/2020 establece que la medida rige hasta las 24 del pr\u00f3ximo 31 de marzo, en su texto aclara que el plazo previsto&nbsp;<em>\u00abpodr\u00e1 ser ampliado o abreviado\u00bb<\/em>&nbsp;por el Ministerio del Interior previa intervenci\u00f3n de la autoridad sanitaria nacional conforme a la evoluci\u00f3n de la situaci\u00f3n epidemiol\u00f3gica.<\/p>\n\n\n\n<p class=\"wp-block-paragraph\">La medida comprende a los puertos, aeropuertos, pasos internacionales, centros de frontera y cualquier otro punto de acceso al pa\u00eds, seg\u00fan indica el art\u00edculo 1 del decreto, v\u00e1lido para&nbsp;<em>\u00ablas personas residentes en el pa\u00eds y a los argentinos y las argentinas con residencia en el exterior\u00bb.<\/em><\/p>\n\n\n\n<p class=\"wp-block-paragraph\">Entre las excepciones se encuentran las personas afectadas al traslado de mercader\u00edas por operaciones de comercio internacional de transporte de cargas de mercader\u00edas, los transportistas y tripulantes de buques y aeronaves, y las personas afectadas a la operaci\u00f3n de vuelos y traslados sanitarios.<\/p>\n\n\n\n<p class=\"wp-block-paragraph\">Claro que este \u00faltimo inciso es el que m\u00e1s preocupa a muchos que han quedado varados en ciudades extranjeras. Al margen de que se dispuso que ser\u00e1n asistidos por el servicio consular y de Canciller\u00eda, en ciertos casos esto a\u00fan no est\u00e1 coordinado y la desesperaci\u00f3n prima.<\/p>\n\n\n\n<p class=\"wp-block-paragraph\"><strong>En&nbsp;<em>#CincoDias<\/em>&nbsp;hablamos en exclusiva con un grupo de argentinos que quedo en tr\u00e1nsito en el Internacional Kingsford Smith, que se encuentra en el barrio de Mascot en S\u00eddney, Australia.<\/strong><\/p>\n\n\n\n<p class=\"wp-block-paragraph\">La mayor\u00eda arribo al continente oce\u00e1nico hace varios meses atr\u00e1s, como es&nbsp;<strong>el caso de Antonella Amendola<\/strong>, quien pudo llegar hasta all\u00ed mediante las llamadas Visas Working o visas de Trabajo y Vacaciones, &nbsp;las cuales surgen de acuerdos bilaterales entre Argentina y algunos pa\u00edses mediante los cuales miles de j\u00f3venes argentinos pueden vivir y trabajar legalmente en otro pa\u00eds por un per\u00edodo determinado. Esto les permite aprender o perfeccionar otro idioma y adquirir una experiencia internacional.<\/p>\n\n\n\n<figure><iframe loading=\"lazy\" src=\"https:\/\/w.soundcloud.com\/player\/?url=https%3A\/\/api.soundcloud.com\/tracks\/784786420&amp;color=%23ff5500&amp;auto_play=false&amp;hide_related=false&amp;show_comments=true&amp;show_user=true&amp;show_reposts=false&amp;show_teaser=true\" width=\"100%\" height=\"136\"><\/iframe><\/figure>\n\n\n\n<p class=\"wp-block-paragraph\"><br \/><em>\u201cYo no vine desoyendo la advertencia de la Pandemia\u201d<\/em>&nbsp;aclara angustiada&nbsp;<em>\u201cesto nos tom\u00f3 de sorpresa y no s\u00e9 qu\u00e9 hacer ahora, quiero volver y no me dejan\u201d<\/em>&nbsp;enfatiza.<\/p>\n\n\n\n<p class=\"wp-block-paragraph\"><em>\u201cEl consulado aqu\u00ed est\u00e1 cerrado. De hecho yo hace varias semanas atr\u00e1s llame a la Embajada y por recomendaci\u00f3n de ellos compre pasajes de vueltas antes de que empeore y mi fecha de regreso fue en estos d\u00edas y no me dejaron volar.&nbsp; Ahora la embajada ni siquiera me responde los mails\u201d<\/em>&nbsp;describe.<\/p>\n\n\n\n<figure><iframe loading=\"lazy\" src=\"https:\/\/w.soundcloud.com\/player\/?url=https%3A\/\/api.soundcloud.com\/tracks\/784784803&amp;color=%23ff5500&amp;auto_play=false&amp;hide_related=false&amp;show_comments=true&amp;show_user=true&amp;show_reposts=false&amp;show_teaser=true\" width=\"100%\" height=\"136\"><\/iframe><\/figure>\n\n\n\n<p class=\"wp-block-paragraph\"><br \/>En esta l\u00ednea explica que&nbsp;<em>\u201cel problema fue el cierre repentino de las fronteras. Porque LATAM Airlines me explica que hasta el 29 de marzo tienen vuelos, pero no nos dejan subir a los argentinos porque dicen que no podemos entrar al pa\u00eds\u00bb<\/em>&nbsp;a\u00f1ade.<\/p>\n\n\n\n<p class=\"wp-block-paragraph\">Adem\u00e1s anuncia que ya le han avisado&nbsp;<em>\u201cque a partir de Abril el aeropuerto de Australia cierra sus puertas, as\u00ed que si no nos autorizan poder viajar en estos d\u00edas no s\u00e9 qu\u00e9 vamos a hacer\u201d.<\/em><\/p>\n\n\n\n<figure><iframe loading=\"lazy\" src=\"https:\/\/w.soundcloud.com\/player\/?url=https%3A\/\/api.soundcloud.com\/tracks\/784785922&amp;color=%23ff5500&amp;auto_play=false&amp;hide_related=false&amp;show_comments=true&amp;show_user=true&amp;show_reposts=false&amp;show_teaser=true\" width=\"100%\" height=\"136\"><\/iframe><\/figure>\n\n\n\n<p class=\"wp-block-paragraph\"><br \/>La situaci\u00f3n no es para nada sencilla&nbsp;<em>\u201cmuchos de los chicos que estamos ac\u00e1 no tenemos ya lugar, o dinero. Muchos estuvimos trabajando ac\u00e1 y ahora se cerr\u00f3 todo, quedamos en la calle. Otros estaban estudiando desde hace tiempo, justo terminaba su cuatrimestre. La poca ayuda que recibimos es gracias a la gente que se apiada y nos acerca comida o presta sus casa para que nos ba\u00f1emos\u201d<\/em>&nbsp;dice Antonella.<\/p>\n\n\n\n<p class=\"wp-block-paragraph\"><strong>Otros de los casos es el de Gisela<\/strong>, que seg\u00fan explica&nbsp;<em>\u201cvine con mi pap\u00e1 y mi mam\u00e1 a visitar a mi hermana desde enero, la cual no ve\u00edamos desde hace tiempo y ahora estamos solos en el aeropuerto, sin dinero casi y sin casa\u201d.<\/em><\/p>\n\n\n\n<p class=\"wp-block-paragraph\">La joven detalla que su hermana esta varada en otra ciudad ya que ellos, aconsejados por LATAM Airlines, arribaron de urgencia en S\u00eddney porque ten\u00eda confirmaci\u00f3n de vuelos de regreso ante la Pandemia de COVID-19, pero ahora la situaci\u00f3n es otra&nbsp;<em>\u201cquedamos varados, con ellos que son grandes e hipertensos, necesitan remedios y mi hermana es la \u00fanica que sabe ingl\u00e9s.&nbsp; No s\u00e9 c\u00f3mo hacer si no podemos volver\u201d.<\/em><\/p>\n\n\n\n<p class=\"wp-block-paragraph\"><em>\u00abDe hecho el vuelo m\u00edo, que ten\u00eda escala en Chile&nbsp;<\/em>(NR. No hay vuelo directo desde Argentina a S\u00eddney)&nbsp;<em>sali\u00f3 y llev\u00f3 a los pasajeros chilenos. No es con la empresa, es con el gobierno que nos cerr\u00f3 las fronteras\u201d<\/em>&nbsp;concluye la joven.<\/p>\n\n\n\n<figure><iframe loading=\"lazy\" src=\"https:\/\/w.soundcloud.com\/player\/?url=https%3A\/\/api.soundcloud.com\/tracks\/784787119&amp;color=%23ff5500&amp;auto_play=false&amp;hide_related=false&amp;show_comments=true&amp;show_user=true&amp;show_reposts=false&amp;show_teaser=true\" width=\"100%\" height=\"136\"><\/iframe><\/figure>\n\n\n\n<p class=\"wp-block-paragraph\">Los relatos se asemejan y se repiten. No piden vuelos de repatriaci\u00f3n, ni dinero, ni ayuda del gobierno, \u00fanicamente permiso de aterrizaje para su vuelo, porque todos tienen su pasaje abonado. Lo que los detiene en es el cierre de fronteras. El Consulado brilla por su ausencia y la aerol\u00ednea deslinda responsabilidades. Un caos y una situaci\u00f3n estresante, desagradable que puede solucionarse con un par de llamados diplom\u00e1ticos que agilicen una burocracia que entorpece. Ojala as\u00ed sea.<\/p>\n\n\n\n<p class=\"wp-block-paragraph\"><strong>Video Gentileza de #CincoDias<\/strong><\/p>\n\n\n\n<blockquote class=\"instagram-media\" data-instgrm-captioned data-instgrm-permalink=\"https:\/\/www.instagram.com\/tv\/B-Mt6tNFNjH\/?utm_source=ig_embed&amp;utm_campaign=loading\" data-instgrm-version=\"12\" style=\" background:#FFF; border:0; border-radius:3px; box-shadow:0 0 1px 0 rgba(0,0,0,0.5),0 1px 10px 0 rgba(0,0,0,0.15); margin: 1px; max-width:540px; min-width:326px; padding:0; width:99.375%; width:-webkit-calc(100% - 2px); width:calc(100% - 2px);\"><div style=\"padding:16px;\"> <a href=\"https:\/\/www.instagram.com\/tv\/B-Mt6tNFNjH\/?utm_source=ig_embed&amp;utm_campaign=loading\" style=\" background:#FFFFFF; line-height:0; padding:0 0; text-align:center; text-decoration:none; width:100%;\" target=\"_blank\"> <div style=\" display: flex; flex-direction: row; align-items: center;\"> <div style=\"background-color: #F4F4F4; border-radius: 50%; flex-grow: 0; height: 40px; margin-right: 14px; width: 40px;\"><\/div> <div style=\"display: flex; flex-direction: column; flex-grow: 1; justify-content: center;\"> <div style=\" background-color: #F4F4F4; border-radius: 4px; flex-grow: 0; height: 14px; margin-bottom: 6px; width: 100px;\"><\/div> <div style=\" background-color: #F4F4F4; border-radius: 4px; flex-grow: 0; height: 14px; width: 60px;\"><\/div><\/div><\/div><div style=\"padding: 19% 0;\"><\/div> <div style=\"display:block; height:50px; margin:0 auto 12px; width:50px;\"><svg width=\"50px\" height=\"50px\" viewBox=\"0 0 60 60\" version=\"1.1\" xmlns=\"https:\/\/www.w3.org\/2000\/svg\" xmlns:xlink=\"https:\/\/www.w3.org\/1999\/xlink\"><g stroke=\"none\" stroke-width=\"1\" fill=\"none\" fill-rule=\"evenodd\"><g transform=\"translate(-511.000000, -20.000000)\" fill=\"#000000\"><g><path d=\"M556.869,30.41 C554.814,30.41 553.148,32.076 553.148,34.131 C553.148,36.186 554.814,37.852 556.869,37.852 C558.924,37.852 560.59,36.186 560.59,34.131 C560.59,32.076 558.924,30.41 556.869,30.41 M541,60.657 C535.114,60.657 530.342,55.887 530.342,50 C530.342,44.114 535.114,39.342 541,39.342 C546.887,39.342 551.658,44.114 551.658,50 C551.658,55.887 546.887,60.657 541,60.657 M541,33.886 C532.1,33.886 524.886,41.1 524.886,50 C524.886,58.899 532.1,66.113 541,66.113 C549.9,66.113 557.115,58.899 557.115,50 C557.115,41.1 549.9,33.886 541,33.886 M565.378,62.101 C565.244,65.022 564.756,66.606 564.346,67.663 C563.803,69.06 563.154,70.057 562.106,71.106 C561.058,72.155 560.06,72.803 558.662,73.347 C557.607,73.757 556.021,74.244 553.102,74.378 C549.944,74.521 548.997,74.552 541,74.552 C533.003,74.552 532.056,74.521 528.898,74.378 C525.979,74.244 524.393,73.757 523.338,73.347 C521.94,72.803 520.942,72.155 519.894,71.106 C518.846,70.057 518.197,69.06 517.654,67.663 C517.244,66.606 516.755,65.022 516.623,62.101 C516.479,58.943 516.448,57.996 516.448,50 C516.448,42.003 516.479,41.056 516.623,37.899 C516.755,34.978 517.244,33.391 517.654,32.338 C518.197,30.938 518.846,29.942 519.894,28.894 C520.942,27.846 521.94,27.196 523.338,26.654 C524.393,26.244 525.979,25.756 528.898,25.623 C532.057,25.479 533.004,25.448 541,25.448 C548.997,25.448 549.943,25.479 553.102,25.623 C556.021,25.756 557.607,26.244 558.662,26.654 C560.06,27.196 561.058,27.846 562.106,28.894 C563.154,29.942 563.803,30.938 564.346,32.338 C564.756,33.391 565.244,34.978 565.378,37.899 C565.522,41.056 565.552,42.003 565.552,50 C565.552,57.996 565.522,58.943 565.378,62.101 M570.82,37.631 C570.674,34.438 570.167,32.258 569.425,30.349 C568.659,28.377 567.633,26.702 565.965,25.035 C564.297,23.368 562.623,22.342 560.652,21.575 C558.743,20.834 556.562,20.326 553.369,20.18 C550.169,20.033 549.148,20 541,20 C532.853,20 531.831,20.033 528.631,20.18 C525.438,20.326 523.257,20.834 521.349,21.575 C519.376,22.342 517.703,23.368 516.035,25.035 C514.368,26.702 513.342,28.377 512.574,30.349 C511.834,32.258 511.326,34.438 511.181,37.631 C511.035,40.831 511,41.851 511,50 C511,58.147 511.035,59.17 511.181,62.369 C511.326,65.562 511.834,67.743 512.574,69.651 C513.342,71.625 514.368,73.296 516.035,74.965 C517.703,76.634 519.376,77.658 521.349,78.425 C523.257,79.167 525.438,79.673 528.631,79.82 C531.831,79.965 532.853,80.001 541,80.001 C549.148,80.001 550.169,79.965 553.369,79.82 C556.562,79.673 558.743,79.167 560.652,78.425 C562.623,77.658 564.297,76.634 565.965,74.965 C567.633,73.296 568.659,71.625 569.425,69.651 C570.167,67.743 570.674,65.562 570.82,62.369 C570.966,59.17 571,58.147 571,50 C571,41.851 570.966,40.831 570.82,37.631\"><\/path><\/g><\/g><\/g><\/svg><\/div><div style=\"padding-top: 8px;\"> <div style=\" color:#3897f0; font-family:Arial,sans-serif; font-size:14px; font-style:normal; font-weight:550; line-height:18px;\"> Ver esta publicaci\u00f3n en Instagram<\/div><\/div><div style=\"padding: 12.5% 0;\"><\/div> <div style=\"display: flex; flex-direction: row; margin-bottom: 14px; align-items: center;\"><div> <div style=\"background-color: #F4F4F4; border-radius: 50%; height: 12.5px; width: 12.5px; transform: translateX(0px) translateY(7px);\"><\/div> <div style=\"background-color: #F4F4F4; height: 12.5px; transform: rotate(-45deg) translateX(3px) translateY(1px); width: 12.5px; flex-grow: 0; margin-right: 14px; margin-left: 2px;\"><\/div> <div style=\"background-color: #F4F4F4; border-radius: 50%; height: 12.5px; width: 12.5px; transform: translateX(9px) translateY(-18px);\"><\/div><\/div><div style=\"margin-left: 8px;\"> <div style=\" background-color: #F4F4F4; border-radius: 50%; flex-grow: 0; height: 20px; width: 20px;\"><\/div> <div style=\" width: 0; height: 0; border-top: 2px solid transparent; border-left: 6px solid #f4f4f4; border-bottom: 2px solid transparent; transform: translateX(16px) translateY(-4px) rotate(30deg)\"><\/div><\/div><div style=\"margin-left: auto;\"> <div style=\" width: 0px; border-top: 8px solid #F4F4F4; border-right: 8px solid transparent; transform: translateY(16px);\"><\/div> <div style=\" background-color: #F4F4F4; flex-grow: 0; height: 12px; width: 16px; transform: translateY(-4px);\"><\/div> <div style=\" width: 0; height: 0; border-top: 8px solid #F4F4F4; border-left: 8px solid transparent; transform: translateY(-4px) translateX(8px);\"><\/div><\/div><\/div><\/a> <p style=\" margin:8px 0 0 0; padding:0 4px;\"> <a href=\"https:\/\/www.instagram.com\/tv\/B-Mt6tNFNjH\/?utm_source=ig_embed&amp;utm_campaign=loading\" style=\" color:#000; font-family:Arial,sans-serif; font-size:14px; font-style:normal; font-weight:normal; line-height:17px; text-decoration:none; word-wrap:break-word;\" target=\"_blank\">@antoasa23 nos acerca este material para que se conozca esta situaci\u00f3n. #coronavirus #covid_19<\/a><\/p> <p style=\" color:#c9c8cd; font-family:Arial,sans-serif; font-size:14px; line-height:17px; margin-bottom:0; margin-top:8px; overflow:hidden; padding:8px 0 7px; text-align:center; text-overflow:ellipsis; white-space:nowrap;\">Una publicaci\u00f3n compartida de <a href=\"https:\/\/www.instagram.com\/agenciacincodias\/?utm_source=ig_embed&amp;utm_campaign=loading\" style=\" color:#c9c8cd; font-family:Arial,sans-serif; font-size:14px; font-style:normal; font-weight:normal; line-height:17px;\" target=\"_blank\"> Cinco Dias<\/a> (@agenciacincodias) el <time style=\" font-family:Arial,sans-serif; font-size:14px; line-height:17px;\" datetime=\"2020-03-26T13:36:00+00:00\">26 Mar, 2020 a las 6:36 PDT<\/time><\/p><\/div><\/blockquote> <script async src=\"\/\/www.instagram.com\/embed.js\"><\/script>\n","protected":false},"excerpt":{"rendered":"<p>#Especial de #CincoDias para #JotaPosta La decisi\u00f3n del Gobierno nacional de ampliar el cierre de fronteras que reg\u00eda desde el 16 de marzo \u00faltimo\u00a0\u00aba las personas residentes en el pa\u00eds, y a los argentinos y las argentinas con residencia en el exterior\u00bb,\u00a0a trav\u00e9s de la totalidad de los pasos internacionales, puertos, aeropuertos y centros de &hellip;<\/p>\n","protected":false},"author":1,"featured_media":6158,"comment_status":"open","ping_status":"open","sticky":false,"template":"","format":"standard","meta":{"pagelayer_contact_templates":[],"_pagelayer_content":"","iawp_total_views":4,"footnotes":""},"categories":[3,16],"tags":[185,217,540,1136,1461,1997,3369,3596,3630,5864,6519,6673,6674,6732],"class_list":["post-6155","post","type-post","status-publish","format-standard","has-post-thumbnail","hentry","category-actualidad","category-jp-entrevistas","tag-aeropuertos","tag-aislamiento-social-obligatorio","tag-australia","tag-cierre-de-las-fronteras","tag-coronavirus","tag-dnu","tag-internacional-kingsford-smith","tag-la-cumbia-del-coronavirus","tag-latam-airlines","tag-sidney","tag-varados","tag-visas-de-trabajos","tag-visas-working","tag-vuelos-repatriar"],"_links":{"self":[{"href":"https:\/\/jotaposta.com.ar\/jposta\/wp-json\/wp\/v2\/posts\/6155","targetHints":{"allow":["GET"]}}],"collection":[{"href":"https:\/\/jotaposta.com.ar\/jposta\/wp-json\/wp\/v2\/posts"}],"about":[{"href":"https:\/\/jotaposta.com.ar\/jposta\/wp-json\/wp\/v2\/types\/post"}],"author":[{"embeddable":true,"href":"https:\/\/jotaposta.com.ar\/jposta\/wp-json\/wp\/v2\/users\/1"}],"replies":[{"embeddable":true,"href":"https:\/\/jotaposta.com.ar\/jposta\/wp-json\/wp\/v2\/comments?post=6155"}],"version-history":[{"count":0,"href":"https:\/\/jotaposta.com.ar\/jposta\/wp-json\/wp\/v2\/posts\/6155\/revisions"}],"wp:featuredmedia":[{"embeddable":true,"href":"https:\/\/jotaposta.com.ar\/jposta\/wp-json\/wp\/v2\/media\/6158"}],"wp:attachment":[{"href":"https:\/\/jotaposta.com.ar\/jposta\/wp-json\/wp\/v2\/media?parent=6155"}],"wp:term":[{"taxonomy":"category","embeddable":true,"href":"https:\/\/jotaposta.com.ar\/jposta\/wp-json\/wp\/v2\/categories?post=6155"},{"taxonomy":"post_tag","embeddable":true,"href":"https:\/\/jotaposta.com.ar\/jposta\/wp-json\/wp\/v2\/tags?post=6155"}],"curies":[{"name":"wp","href":"https:\/\/api.w.org\/{rel}","templated":true}]}}