{"id":6152,"date":"2020-03-27T09:42:39","date_gmt":"2020-03-27T12:42:39","guid":{"rendered":"https:\/\/www.jotaposta.com.ar\/?p=6152"},"modified":"2020-03-27T09:42:39","modified_gmt":"2020-03-27T12:42:39","slug":"el-equipo-de-profesionales-del-hospital-dr-arturo-onativia-armo-un-protocolo-de-accion-ante-el-covid-19","status":"publish","type":"post","link":"https:\/\/jotaposta.com.ar\/jposta\/2020\/03\/27\/el-equipo-de-profesionales-del-hospital-dr-arturo-onativia-armo-un-protocolo-de-accion-ante-el-covid-19\/","title":{"rendered":"El Equipo de Profesionales del Hospital Dr. Arturo O\u00f1ativia arm\u00f3 un protocolo de acci\u00f3n ante el COVID-19"},"content":{"rendered":"\n<p class=\"wp-block-paragraph\"><strong><em>#Especial de #CincoDias para #JotaPosta<\/em><\/strong><\/p>\n\n\n\n<p class=\"wp-block-paragraph\">A lo largo de los d\u00edas desde que se ha declarado la Pandemia del COVID-19, las noticias del trabajo de los m\u00e9dicos y profesionales de la salud del pa\u00eds, llegan desde los cuatro puntos cardinales.<\/p>\n\n\n\n<p class=\"wp-block-paragraph\">Muchos de ellos act\u00faan de manera independiente, se organizan en funci\u00f3n de su \u00e9tica moral y ajenos, quiz\u00e1s, de ayuda y\/o asistencia estatal alguna.<\/p>\n\n\n\n<p class=\"wp-block-paragraph\">Con la premisa de ayudar y brindar sus herramientas en socorrer al pr\u00f3jimo, olvidan su condici\u00f3n de&nbsp;<em>ciudadanos corrientes<\/em>&nbsp;y se convierten en&nbsp;<em>\u201ch\u00e9roes an\u00f3nimos\u201d<\/em>, acaso por eso, cada noche, el resto de los mortales les responde en un sentido aplauso generalizado desde los balcones y ventanas.&nbsp; Porque se entiende que la mayor\u00eda act\u00faa en funci\u00f3n de una inercia propia, esa que alguna vez los motiv\u00f3 a estudiar la carrera de medicina, ese motor interno que los hace ceder ante la necesidad del otro.<\/p>\n\n\n\n<div class=\"wp-block-image\"><figure class=\"aligncenter\"><img decoding=\"async\" src=\"https:\/\/www.cincodias.com.ar\/wp-content\/uploads\/2020\/03\/WhatsApp-Image-2020-03-26-at-18.30.25-1024x651.jpeg\" alt=\"\" class=\"wp-image-2030\"\/><\/figure><\/div>\n\n\n\n<p class=\"wp-block-paragraph\">En esta oportunidad la historia nos conduce al&nbsp;<strong>Hospital Zonal General de Agudos Dr. Arturo O\u00f1ativia (ubicado en Rafael Calzada, al sur del conurbano bonaerense) m\u00e1s precisamente al Servicio de Infectolog\u00eda, Kinesiolog\u00eda y \u00e1reas cr\u00edticas de Pediatr\u00eda y Adultos<\/strong>, quienes en l\u00ednea con el plan operativo de la Organizaci\u00f3n Mundial de la Salud, desarrollaron y llevan a cabo una serie de acciones necesarias para detener la transmisi\u00f3n del virus, de persona a persona y, ante la eventual presencia de casos, poder cuidar a las personas afectadas y al personal sanitario.<\/p>\n\n\n\n<p class=\"wp-block-paragraph\">El protocolo incluye un curso de capacitaci\u00f3n con pr\u00e1ctica en simulaci\u00f3n. En&nbsp;<strong>#CincoDias<\/strong>&nbsp;dialogamos en exclusiva con la&nbsp;<strong>Licenciada Erica Rey, Especialista en kinesiolog\u00eda intensivista y kinesi\u00f3loga (MP 6238),<\/strong>&nbsp;que nos explica que el g\u00e9nesis de esta idea se centra no s\u00f3lo en<em>&nbsp;\u201cdetener la transmisi\u00f3n de persona en persona, sino tambi\u00e9n cuidarnos entre nosotros el personal de salud, porque si uno cae, caemos todos\u201d.<\/em><\/p>\n\n\n\n<figure><iframe loading=\"lazy\" src=\"https:\/\/w.soundcloud.com\/player\/?url=https%3A\/\/api.soundcloud.com\/tracks\/784117627&amp;color=%23ff5500&amp;auto_play=false&amp;hide_related=false&amp;show_comments=true&amp;show_user=true&amp;show_reposts=false&amp;show_teaser=true\" width=\"100%\" height=\"136\"><\/iframe><\/figure>\n\n\n\n<p class=\"wp-block-paragraph\"><em>\u201cEl martes pasado cuando recibimos los lineamientos generales, comenzaron los jefes a comunicarse entre s\u00ed para darle forma a esta capacitaci\u00f3n\u201d<\/em>&nbsp;recuerda la especialista&nbsp;<em>\u201cy al otro d\u00eda se nos comunic\u00f3 a todos del proyecto.&nbsp; Fue armado de manera r\u00e1pida y pr\u00e1ctica, lo que nos permiti\u00f3 hoy ya poder estar dando las primeras charlas informativas\u201d<\/em>&nbsp;analiza.<\/p>\n\n\n\n<p class=\"wp-block-paragraph\">En esta l\u00ednea, Rey quien adem\u00e1s es docente de fisiolog\u00eda y kinefilaxia en UNAJ, describe que el objetivo principal de la iniciativa es&nbsp;<em>\u201cminimizar la diseminaci\u00f3n de la enfermedad, la morbilidad y la mortalidad, asistir en forma adecuada a las personas enfermas, asegurar el uso de equipos de protecci\u00f3n personal adecuados, identificar y caracterizar la naturaleza del virus y la gravedad cl\u00ednica de la enfermedad, recomendar estrategias de manejo espec\u00edficas de enfermedades respiratorias como as\u00ed tambi\u00e9n contribuir a la recuperaci\u00f3n r\u00e1pida y segura de individuos\u201d.<\/em><\/p>\n\n\n\n<figure><iframe loading=\"lazy\" src=\"https:\/\/w.soundcloud.com\/player\/?url=https%3A\/\/api.soundcloud.com\/tracks\/784117102&amp;color=%23ff5500&amp;auto_play=false&amp;hide_related=false&amp;show_comments=true&amp;show_user=true&amp;show_reposts=false&amp;show_teaser=true\" width=\"100%\" height=\"166\"><\/iframe><\/figure>\n\n\n\n<p class=\"wp-block-paragraph\"><br \/>El protocolo implica un<em>&nbsp;\u201caprendizaje basado en competencias con practica simulada, apoyo con video y audiovisual con recomendaciones\u201d<\/em>&nbsp;se\u00f1ala la profesional y explaya que abarca diferentes tem\u00e1ticas&nbsp;<em>\u201cEquipo de Protecci\u00f3n Personal (Recomendaciones de higiene de manos, barbijos. Manifestaciones cl\u00ednicas de infecci\u00f3n),&nbsp; Formaci\u00f3n de Equipos de trabajo y funciones (Rol del l\u00edder y de los integrantes, Recepci\u00f3n del paciente. Preparaci\u00f3n de material), Manejo de V\u00eda a\u00e9rea.&nbsp; (Tratamientos de pacientes ventilados .Bioseguridad) y Ventilaci\u00f3n Mec\u00e1nica (Abordaje de la Insuficiencia Ventilatoria. Modos Ventilatorios. Ventilaci\u00f3n protectora)\u201d<\/em>.<\/p>\n\n\n\n<p class=\"wp-block-paragraph\">En una primera jornada, Rey, explica que la idea final es poder&nbsp;<em>\u201cgeneralizar este protocolo y procedimiento. Para que, ante la emergencia, cualquiera de los profesionales que estamos a cargo podamos accionar de la misma manera. Que todos estemos capacitados e informados nos da seguridad a la hora de actuar\u201d&nbsp;<\/em>sentencia<em>.<\/em><\/p>\n\n\n\n<p class=\"wp-block-paragraph\">Sobre esto destaca que lo m\u00e1s interesante es que&nbsp;<em>\u201cindependientemente de lo que determina la OMS, nosotros analizamos e interpretamos esos conceptos para adaptarlos a nuestra realidad, nuestra capacidades t\u00e9cnicas, nuestros insumos. Eso es lo que hace este protocolo\u201d.<\/em><\/p>\n\n\n\n<div class=\"wp-block-image\"><figure class=\"aligncenter\"><img decoding=\"async\" src=\"https:\/\/www.cincodias.com.ar\/wp-content\/uploads\/2020\/03\/WhatsApp-Image-2020-03-26-at-18.25.36-1024x768.jpeg\" alt=\"\" class=\"wp-image-2028\"\/><\/figure><\/div>\n\n\n\n<p class=\"wp-block-paragraph\">Recordemos que el Hospital,&nbsp; sufri\u00f3 un incendio en diciembre del 2018, que arras\u00f3 con el primer piso de la instituci\u00f3n en el que se encontraban las \u00e1reas de Neonatolog\u00eda, quir\u00f3fanos y Terapia Intensiva. Y como desde entonces no hubo obras de mejoras, los m\u00e9dicos debieron improvisar ante la llegada de la crisis.<\/p>\n\n\n\n<p class=\"wp-block-paragraph\">En este sentido, Rey narra que&nbsp;<em>\u201cpara poder contar con internaci\u00f3n, sala de terapia, shock-room, debimos reubicar todos esos sectores, en una sala que, originalmente,&nbsp; ten\u00eda como destino ser una guardia de adulto\u201d.<\/em><\/p>\n\n\n\n<p class=\"wp-block-paragraph\"><em>\u201cLa nueva gesti\u00f3n ahora habilit\u00f3 unas carpas y comenz\u00f3 a agilizar los arreglos para poder habilitar salas de internaci\u00f3n en el primer piso\u201d<\/em>&nbsp;explica.<\/p>\n\n\n\n<p class=\"wp-block-paragraph\">Parece sencillo cuando lo cuenta. Da la sensaci\u00f3n de que lo conseguido es fruto de un procedimiento de pocas horas. Pero nada se aleja m\u00e1s de la realidad.&nbsp; Lo logrado, por este grupo de profesionales, es una muestra m\u00e1s de la capacidades, del recurso humano inmenso con el que cuenta el pa\u00eds en materia de salud. Una salud p\u00fablica que hasta seis meses no contaba siquiera con un Ministerio propio. Esa que tantas veces fue menospreciada.&nbsp; Por a\u00f1os degradada por los gobiernos de turno. Aquella que el<em>&nbsp;\u00abmercado\u00bb<\/em>, palabra tan de moda en los \u00faltimos tiempos, no incluye en su listado de&nbsp;<em>\u00abprioridades\u00bb<\/em>. Esa que a partir de esta desgracia ha dejado al descubierto su esencia. Su, ya indiscutible, imprescindible rol social.&nbsp; Un triunfo m\u00e1s de estos H\u00e9roes con may\u00fasculas que se pusieron al hombro, con todas las dificultades que arrastraban, la emocionante tarea de luchar contra un enemigo<em>&nbsp;\u00abinvisible\u00bb<\/em>&nbsp;que por ahora, no da vestigios de ser derrotado con facilidad.<\/p>\n\n\n\n<p class=\"wp-block-paragraph\"><em><strong>Para #CincoD\u00edas por Juan Jose Postararo<\/strong><\/em><\/p>\n","protected":false},"excerpt":{"rendered":"<p>#Especial de #CincoDias para #JotaPosta A lo largo de los d\u00edas desde que se ha declarado la Pandemia del COVID-19, las noticias del trabajo de los m\u00e9dicos y profesionales de la salud del pa\u00eds, llegan desde los cuatro puntos cardinales. Muchos de ellos act\u00faan de manera independiente, se organizan en funci\u00f3n de su \u00e9tica moral &hellip;<\/p>\n","protected":false},"author":1,"featured_media":6153,"comment_status":"open","ping_status":"open","sticky":false,"template":"","format":"standard","meta":{"pagelayer_contact_templates":[],"_pagelayer_content":"","iawp_total_views":8,"footnotes":""},"categories":[16],"tags":[],"class_list":["post-6152","post","type-post","status-publish","format-standard","has-post-thumbnail","hentry","category-jp-entrevistas"],"_links":{"self":[{"href":"https:\/\/jotaposta.com.ar\/jposta\/wp-json\/wp\/v2\/posts\/6152","targetHints":{"allow":["GET"]}}],"collection":[{"href":"https:\/\/jotaposta.com.ar\/jposta\/wp-json\/wp\/v2\/posts"}],"about":[{"href":"https:\/\/jotaposta.com.ar\/jposta\/wp-json\/wp\/v2\/types\/post"}],"author":[{"embeddable":true,"href":"https:\/\/jotaposta.com.ar\/jposta\/wp-json\/wp\/v2\/users\/1"}],"replies":[{"embeddable":true,"href":"https:\/\/jotaposta.com.ar\/jposta\/wp-json\/wp\/v2\/comments?post=6152"}],"version-history":[{"count":0,"href":"https:\/\/jotaposta.com.ar\/jposta\/wp-json\/wp\/v2\/posts\/6152\/revisions"}],"wp:featuredmedia":[{"embeddable":true,"href":"https:\/\/jotaposta.com.ar\/jposta\/wp-json\/wp\/v2\/media\/6153"}],"wp:attachment":[{"href":"https:\/\/jotaposta.com.ar\/jposta\/wp-json\/wp\/v2\/media?parent=6152"}],"wp:term":[{"taxonomy":"category","embeddable":true,"href":"https:\/\/jotaposta.com.ar\/jposta\/wp-json\/wp\/v2\/categories?post=6152"},{"taxonomy":"post_tag","embeddable":true,"href":"https:\/\/jotaposta.com.ar\/jposta\/wp-json\/wp\/v2\/tags?post=6152"}],"curies":[{"name":"wp","href":"https:\/\/api.w.org\/{rel}","templated":true}]}}