{"id":6128,"date":"2020-03-24T15:16:54","date_gmt":"2020-03-24T18:16:54","guid":{"rendered":"https:\/\/www.jotaposta.com.ar\/?p=6128"},"modified":"2020-03-24T15:16:54","modified_gmt":"2020-03-24T18:16:54","slug":"6ta-victima-por-covid-19-en-argentina","status":"publish","type":"post","link":"https:\/\/jotaposta.com.ar\/jposta\/2020\/03\/24\/6ta-victima-por-covid-19-en-argentina\/","title":{"rendered":"6ta Vict\u00edma por COVID-19 en Argentina"},"content":{"rendered":"\n<p class=\"wp-block-paragraph\"><strong>El Ministerio de Salud P\u00fablica del Chaco informa que, este martes 24 marzo de 2020, se confirm\u00f3 \u201cel fallecimiento de un paciente con diagn\u00f3stico de coronavirus (COVID-19) de la provincia\u201d.&nbsp;<\/strong><\/p>\n\n\n\n<p class=\"wp-block-paragraph\">\u201cSe trata de un hombre de 53 a\u00f1os que se encontraba internado en una instituci\u00f3n de salud privada de Resistencia desde el 14 de marzo de 2020\u201d dice el comunicado.<\/p>\n\n\n\n<p class=\"wp-block-paragraph\">\u201cEl hombre, residente de la capital del Chaco, contrajo la infecci\u00f3n de una paciente que fue anteriormente confirmada con el diagn\u00f3stico de coronavirus. La persona, que no contaba antecedentes de otras comorbilidades, comenz\u00f3 el 11 de marzo con s\u00edntomas de malestar general, cefalea, dolor abdominal, fiebre alta, odinofagia (dolor de garganta)\u201d.<\/p>\n\n\n\n<p class=\"wp-block-paragraph\">\u201cEl 14 de marzo se agravaron los s\u00edntomas y comenz\u00f3 con dificultad respiratoria. Desde entonces estuvo internado y recibi\u00f3 atenci\u00f3n en la misma instituci\u00f3n hasta su fallecimiento\u201d.<\/p>\n\n\n\n<blockquote class=\"wp-block-quote is-layout-flow wp-block-quote-is-layout-flow\"><p>En este sentido el Ministerio de esa provincia inform\u00f3 que \u201cDesde este lunes, Chaco se incorpora al testeo del COVID-19, en el&nbsp; laboratorio de Inmunolog\u00eda del Hospital Perrando, donde ya se realizaron 10 pruebas con resultado negativo. Se estima que se podr\u00e1n procesar unas 25 muestras diarias, las que sumar\u00e1n a las enviadas peri\u00f3dicamente al Instituto Malbr\u00e1n de Buenos Aires\u201d.<\/p><\/blockquote>\n\n\n\n<p class=\"wp-block-paragraph\">Horas antes, un hombre de 71 a\u00f1os de la ciudad balnearia de Mar del Plata tambi\u00e9n falleci\u00f3 a causa del Covid-19, seg\u00fan confirm\u00f3 el intendente de esa ciudad, Guillermo Montenegro.<\/p>\n\n\n\n<p class=\"wp-block-paragraph\">El marplatense estaba internado desde hac\u00eda dos semanas en la Cl\u00ednica 25 de Mayo y falleci\u00f3 este martes a las 12,44.<\/p>\n\n\n\n<p class=\"wp-block-paragraph\">El hombre fallecido, del que a\u00fan no trascendi\u00f3 su identidad, hab\u00eda regresado de Espa\u00f1a y lleg\u00f3 a Mar del Plata el 9 de marzo en un colectivo de la empresa Tienda Le\u00f3n.<\/p>\n\n\n\n<p class=\"wp-block-paragraph\">Un amigo suyo fue a buscarlo a la terminal de esa compa\u00f1\u00eda y lo traslad\u00f3 a la cl\u00ednica debido a los s\u00edntomas que presentaba, y luego de que le realizaran las pruebas, qued\u00f3 aislado. .<\/p>\n\n\n\n<p class=\"wp-block-paragraph\">Tres d\u00edas despu\u00e9s, el Instituto Malbr\u00e1n confirm\u00f3 que se trataba de un caso de coronavirus.<\/p>\n\n\n\n<p class=\"wp-block-paragraph\"><strong>De esta manera ya llega a seis el n\u00famero de v\u00edctimas por el Coronovairus en la Argentina.<\/strong><\/p>\n","protected":false},"excerpt":{"rendered":"<p>El Ministerio de Salud P\u00fablica del Chaco informa que, este martes 24 marzo de 2020, se confirm\u00f3 \u201cel fallecimiento de un paciente con diagn\u00f3stico de coronavirus (COVID-19) de la provincia\u201d.&nbsp; \u201cSe trata de un hombre de 53 a\u00f1os que se encontraba internado en una instituci\u00f3n de salud privada de Resistencia desde el 14 de marzo &hellip;<\/p>\n","protected":false},"author":1,"featured_media":6129,"comment_status":"open","ping_status":"open","sticky":false,"template":"","format":"standard","meta":{"pagelayer_contact_templates":[],"_pagelayer_content":"","iawp_total_views":6,"footnotes":""},"categories":[12],"tags":[1074,1461,1462,1493,3337,3892,3922,4021,6589],"class_list":["post-6128","post","type-post","status-publish","format-standard","has-post-thumbnail","hentry","category-coronavirus-covid-19","tag-chaco","tag-coronavirus","tag-coronavirus-argentina","tag-covid-19","tag-instituto-malbran","tag-malbran","tag-mar-del-plata","tag-mdq","tag-victimas"],"_links":{"self":[{"href":"https:\/\/jotaposta.com.ar\/jposta\/wp-json\/wp\/v2\/posts\/6128","targetHints":{"allow":["GET"]}}],"collection":[{"href":"https:\/\/jotaposta.com.ar\/jposta\/wp-json\/wp\/v2\/posts"}],"about":[{"href":"https:\/\/jotaposta.com.ar\/jposta\/wp-json\/wp\/v2\/types\/post"}],"author":[{"embeddable":true,"href":"https:\/\/jotaposta.com.ar\/jposta\/wp-json\/wp\/v2\/users\/1"}],"replies":[{"embeddable":true,"href":"https:\/\/jotaposta.com.ar\/jposta\/wp-json\/wp\/v2\/comments?post=6128"}],"version-history":[{"count":0,"href":"https:\/\/jotaposta.com.ar\/jposta\/wp-json\/wp\/v2\/posts\/6128\/revisions"}],"wp:featuredmedia":[{"embeddable":true,"href":"https:\/\/jotaposta.com.ar\/jposta\/wp-json\/wp\/v2\/media\/6129"}],"wp:attachment":[{"href":"https:\/\/jotaposta.com.ar\/jposta\/wp-json\/wp\/v2\/media?parent=6128"}],"wp:term":[{"taxonomy":"category","embeddable":true,"href":"https:\/\/jotaposta.com.ar\/jposta\/wp-json\/wp\/v2\/categories?post=6128"},{"taxonomy":"post_tag","embeddable":true,"href":"https:\/\/jotaposta.com.ar\/jposta\/wp-json\/wp\/v2\/tags?post=6128"}],"curies":[{"name":"wp","href":"https:\/\/api.w.org\/{rel}","templated":true}]}}