{"id":6020,"date":"2020-03-16T08:42:57","date_gmt":"2020-03-16T11:42:57","guid":{"rendered":"https:\/\/www.jotaposta.com.ar\/?p=6020"},"modified":"2020-03-16T08:42:57","modified_gmt":"2020-03-16T11:42:57","slug":"alberto-fernandez-determino-la-suspension-de-clases-cierre-de-fronteras-y-licencia-para-adultos-mayores","status":"publish","type":"post","link":"https:\/\/jotaposta.com.ar\/jposta\/2020\/03\/16\/alberto-fernandez-determino-la-suspension-de-clases-cierre-de-fronteras-y-licencia-para-adultos-mayores\/","title":{"rendered":"Alberto Fern\u00e1ndez determin\u00f3 la Suspensi\u00f3n de Clases, Cierre de Fronteras y Licencia para Adultos Mayores"},"content":{"rendered":"\n<p class=\"wp-block-paragraph\"><strong>Luego de una reuni\u00f3n con los ministros el Olivos, el presidente Alberto Fern\u00e1ndez anunci\u00f3 la suspensi\u00f3n de las clases, el cierre de fronteras y la disposici\u00f3n de licencias para mayores de 65 a\u00f1os, como alguna de las medidas para detener la propagaci\u00f3n del coronavirus.<\/strong><\/p>\n\n\n\n<p class=\"wp-block-paragraph\"><em>\u00abVamos a suspender las clases hasta el 31 de marzo\u00bb<\/em>, precis\u00f3 Alberto Fern\u00e1ndez, aunque aclar\u00f3 que \u00ablas escuelas no van a estar cerradas\u00bb.<\/p>\n\n\n\n<p class=\"wp-block-paragraph\"><em>\u00abTenemos que tratar de que no se convierta en un virus aut\u00f3ctono\u00bb,<\/em>&nbsp;argument\u00f3 el Presidente aunque admiti\u00f3:&nbsp;<em>\u00abTenemos que luchar contra dos cosas: la pandemia y la psicosis\u00bb.<\/em><\/p>\n\n\n\n<p class=\"wp-block-paragraph\">En una conferencia de prensa en la que estuvo acompa\u00f1ado por al gobernador bonaerense Axel Kicillof y el jefe de Gobierno porte\u00f1o Horacio Rodr\u00edguez Larreta, tambi\u00e9n se desarroll\u00f3 que se esta evaluando disminuir el tr\u00e1nsito en el AMBA ya que el 70% de los afectados est\u00e1 en Buenos Aires y alrededores.<\/p>\n\n\n\n<div class=\"wp-block-image\"><figure class=\"alignright\"><img decoding=\"async\" src=\"https:\/\/www.cincodias.com.ar\/wp-content\/uploads\/2020\/03\/reunion-casa-olivos.jpg\" alt=\"\" class=\"wp-image-1194\"\/><\/figure><\/div>\n\n\n\n<p class=\"wp-block-paragraph\">En otro orden, Fern\u00e1ndez, precis\u00f3 que se cerrar\u00e1n las fronteras del pa\u00eds durante los pr\u00f3ximos 14 d\u00edas porque&nbsp;<em>\u00abel episodio del coronavirus ya no viene s\u00f3lo de Europa sino que afecta a pa\u00edses lim\u00edtrofes y a nosotros mismos\u00bb.<\/em><\/p>\n\n\n\n<p class=\"wp-block-paragraph\"><em>\u00abPor las fronteras terrestres vienen turistas que vienen de las zonas de riesgo\u00bb,<\/em>&nbsp;explic\u00f3 el mandatario aclar\u00f3 que quedan exceptuados de esa restricci\u00f3n los \u00abargentinos nativos o residentes en Argentina\u00bb.<\/p>\n\n\n\n<p class=\"wp-block-paragraph\">El presidente agreg\u00f3 que el Gobierno dispuso el<em>&nbsp;\u00ablicenciamiento de todas las personas mayores de 65 a\u00f1os\u00bb para que \u00abse queden en sus casas, tranquilas y disfruten\u00bb<\/em>&nbsp;de sus hogares, lejos de la posibilidad de contagio de coronavirus.<\/p>\n\n\n\n<p class=\"wp-block-paragraph\">Asimismo, indic\u00f3 que<em>&nbsp;\u00abvamos a asignarles horarios de atenci\u00f3n espec\u00edficos en lugares como bancos y centros de salud para que no tengan que vivir momentos de aglomeraci\u00f3n de gente\u00bb.<\/em><\/p>\n\n\n\n<p class=\"wp-block-paragraph\"><em>\u00abSi atacamos el problema de chiquito vamos a evitar que crezca. Por lo menos frenar el crecimiento exponencial y que sea paulatio, de modo sea posible controarlo con nuestro sistema sanitario. Que nadie se inquiete\u00bb<\/em>, analiz\u00f3 Fern\u00e1ndez.<\/p>\n\n\n\n<p class=\"wp-block-paragraph\"><em>\u00abTodos tenemos que tener conciencia de la responsabilidad social. El modo solidario es cuidanos nosotros para cuidar a los otros.Los que tengan que hacer la cuarentena lo har\u00e1n y si no ser\u00e1n perseguidos judicialmente. La soberbia de un tonto no va a poner en peligro la Argentina\u00bb,<\/em>&nbsp;pidi\u00f3 el mandatario.<\/p>\n","protected":false},"excerpt":{"rendered":"<p>Luego de una reuni\u00f3n con los ministros el Olivos, el presidente Alberto Fern\u00e1ndez anunci\u00f3 la suspensi\u00f3n de las clases, el cierre de fronteras y la disposici\u00f3n de licencias para mayores de 65 a\u00f1os, como alguna de las medidas para detener la propagaci\u00f3n del coronavirus. \u00abVamos a suspender las clases hasta el 31 de marzo\u00bb, precis\u00f3 &hellip;<\/p>\n","protected":false},"author":1,"featured_media":6021,"comment_status":"open","ping_status":"open","sticky":false,"template":"","format":"standard","meta":{"pagelayer_contact_templates":[],"_pagelayer_content":"","iawp_total_views":8,"footnotes":""},"categories":[3,12],"tags":[235,1461,1462,4033,4158,5661,5675],"class_list":["post-6020","post","type-post","status-publish","format-standard","has-post-thumbnail","hentry","category-actualidad","category-coronavirus-covid-19","tag-alberto-fernandez","tag-coronavirus","tag-coronavirus-argentina","tag-medidas","tag-ministerio-salud","tag-salud","tag-salud-publica"],"_links":{"self":[{"href":"https:\/\/jotaposta.com.ar\/jposta\/wp-json\/wp\/v2\/posts\/6020","targetHints":{"allow":["GET"]}}],"collection":[{"href":"https:\/\/jotaposta.com.ar\/jposta\/wp-json\/wp\/v2\/posts"}],"about":[{"href":"https:\/\/jotaposta.com.ar\/jposta\/wp-json\/wp\/v2\/types\/post"}],"author":[{"embeddable":true,"href":"https:\/\/jotaposta.com.ar\/jposta\/wp-json\/wp\/v2\/users\/1"}],"replies":[{"embeddable":true,"href":"https:\/\/jotaposta.com.ar\/jposta\/wp-json\/wp\/v2\/comments?post=6020"}],"version-history":[{"count":0,"href":"https:\/\/jotaposta.com.ar\/jposta\/wp-json\/wp\/v2\/posts\/6020\/revisions"}],"wp:featuredmedia":[{"embeddable":true,"href":"https:\/\/jotaposta.com.ar\/jposta\/wp-json\/wp\/v2\/media\/6021"}],"wp:attachment":[{"href":"https:\/\/jotaposta.com.ar\/jposta\/wp-json\/wp\/v2\/media?parent=6020"}],"wp:term":[{"taxonomy":"category","embeddable":true,"href":"https:\/\/jotaposta.com.ar\/jposta\/wp-json\/wp\/v2\/categories?post=6020"},{"taxonomy":"post_tag","embeddable":true,"href":"https:\/\/jotaposta.com.ar\/jposta\/wp-json\/wp\/v2\/tags?post=6020"}],"curies":[{"name":"wp","href":"https:\/\/api.w.org\/{rel}","templated":true}]}}