{"id":5441,"date":"2020-01-27T16:52:33","date_gmt":"2020-01-27T19:52:33","guid":{"rendered":"https:\/\/www.jotaposta.com.ar\/?p=5441"},"modified":"2020-01-27T16:52:33","modified_gmt":"2020-01-27T19:52:33","slug":"alejandro-sanz-se-consagra-ganador-en-los-grammy-y-prepara-su-visita-a-la-argentina","status":"publish","type":"post","link":"https:\/\/jotaposta.com.ar\/jposta\/2020\/01\/27\/alejandro-sanz-se-consagra-ganador-en-los-grammy-y-prepara-su-visita-a-la-argentina\/","title":{"rendered":"Alejandro Sanz, se Consagra Ganador en los Grammy y prepara su Visita a la Argentina."},"content":{"rendered":"\n<p class=\"wp-block-paragraph\">El Domingo 26, se <strong>celebr\u00f3 la 62 edici\u00f3n de los Grammy Awards en el m\u00edtico Staples Center de Los \u00c1ngeles.<\/strong> Una cita imprescindible para el mundo de la m\u00fasica en la que <strong>Alejandro Sanz<\/strong> consigui\u00f3 alzarse con el premio <strong>a Best Latin Pop Album por su reciente \u00e1lbum de estudio #ElDisco.<\/strong><\/p>\n\n\n\n<p class=\"wp-block-paragraph\">As\u00ed, Alejandro Sanz se consolida como el artista espa\u00f1ol con\nm\u00e1s premios Grammy de la historia, acumulando un total de 4 galardones, a los\nque hay que sumar los 24 Latin Grammy que atesora el responsable de himnos como\nCoraz\u00f3n Part\u00edo, Y, \u00bfSi Fuera Ella? o el m\u00e1s reciente Mi Persona Favorita. <\/p>\n\n\n\n<figure class=\"wp-block-image\"><img loading=\"lazy\" decoding=\"async\" width=\"1024\" height=\"576\" src=\"https:\/\/www.jotaposta.com.ar\/wp-content\/uploads\/2020\/01\/ale-sanz-grammy-1024x576.jpg\" alt=\"\" class=\"wp-image-5443\" srcset=\"https:\/\/jotaposta.com.ar\/jposta\/wp-content\/uploads\/2020\/01\/ale-sanz-grammy-1024x576.jpg 1024w, https:\/\/jotaposta.com.ar\/jposta\/wp-content\/uploads\/2020\/01\/ale-sanz-grammy-300x169.jpg 300w, https:\/\/jotaposta.com.ar\/jposta\/wp-content\/uploads\/2020\/01\/ale-sanz-grammy-768x432.jpg 768w, https:\/\/jotaposta.com.ar\/jposta\/wp-content\/uploads\/2020\/01\/ale-sanz-grammy-1536x864.jpg 1536w, https:\/\/jotaposta.com.ar\/jposta\/wp-content\/uploads\/2020\/01\/ale-sanz-grammy-390x220.jpg 390w, https:\/\/jotaposta.com.ar\/jposta\/wp-content\/uploads\/2020\/01\/ale-sanz-grammy.jpg 1706w\" sizes=\"auto, (max-width: 1024px) 100vw, 1024px\" \/><figcaption>Foto Gentileza Prensa<\/figcaption><\/figure>\n\n\n\n<p class=\"wp-block-paragraph\">#ElDisco ha sido n\u00famero 1 en 14 pa\u00edses y es Doble Disco de\nPlatino en Espa\u00f1a y Disco en Oro en Argentina y Chile. Adem\u00e1s, el single Mi\nPersona Favorita junto a la artista Camila Cabello es Disco de Platino en\nEspa\u00f1a y Disco de Oro en Estados Unidos y Puerto Rico. La publicaci\u00f3n del\ntrabajo en directo #LaGira de #ElDisco el pasado 6 de diciembre supuso el\nretorno al n\u00famero 1 en Espa\u00f1a, donde #ElDisco ha ocupado la posici\u00f3n m\u00e1s alta\nde la lista de ventas durante 8 semanas.<\/p>\n\n\n\n<p class=\"wp-block-paragraph\">Alejandro Sanz, que formar\u00e1 parte del elenco de coaches del\nc\u00e9lebre programa televisivo La Voz en su pr\u00f3xima edici\u00f3n espa\u00f1ola, se encuentra\nactualmente preparando la nueva fase de #LAGIRA, que en 2020 le traer\u00e1 de\nvuelta a los escenarios de Espa\u00f1a y que tambi\u00e9n pasar\u00e1 por pa\u00edses como\nArgentina, Chile, Colombia, Per\u00fa, Uruguay, Ecuador y Paraguay. <\/p>\n\n\n\n<p class=\"wp-block-paragraph\">En nuestro pa\u00eds, ya comenz\u00f3 la cuenta regresiva para la tan\nesperada presentaci\u00f3n de Alejandro Sanz el pr\u00f3ximo 22 de Febrero en el\nHip\u00f3dromo de Palermo y las localidades est\u00e1n pr\u00f3ximo a agotarse. Las \u00faltimas\nentradas para una noche imperdible se encuentra a la venta a trav\u00e9s de\nwww.daleplayticket.com con todos los medios de pago.<\/p>\n\n\n\n<p class=\"wp-block-paragraph\">El consagrado artista llegar\u00e1 a nuestro pa\u00eds y Latinoam\u00e9rica como parte de #LaGira donde presentar\u00e1 sus grandes \u00e9xitos y los nuevos temas incluidos en #ELDISCO. El show cuenta con la producci\u00f3n m\u00e1s espectacular vista hasta la fecha: 1.000 m2 de pantalla LED alojar\u00e1n un contenido audiovisual en HD dise\u00f1ado especialmente para la ocasi\u00f3n, unido a 250.000 W de sonido. Alejandro Sanz estar\u00e1 acompa\u00f1ado de una banda formada por 6 hombres y 6 mujeres venidos de distintas partes del mundo<\/p>\n\n\n\n<figure class=\"wp-block-image\"><img loading=\"lazy\" decoding=\"async\" width=\"600\" height=\"600\" src=\"https:\/\/www.jotaposta.com.ar\/wp-content\/uploads\/2020\/01\/unnamed.jpg\" alt=\"\" class=\"wp-image-5442\" srcset=\"https:\/\/jotaposta.com.ar\/jposta\/wp-content\/uploads\/2020\/01\/unnamed.jpg 600w, https:\/\/jotaposta.com.ar\/jposta\/wp-content\/uploads\/2020\/01\/unnamed-300x300.jpg 300w, https:\/\/jotaposta.com.ar\/jposta\/wp-content\/uploads\/2020\/01\/unnamed-150x150.jpg 150w\" sizes=\"auto, (max-width: 600px) 100vw, 600px\" \/><figcaption>Foto Gentileza Prensa<\/figcaption><\/figure>\n\n\n\n<p class=\"has-medium-font-size wp-block-paragraph\"><strong>#LAGIRA 2020\u00a0 LATAM<\/strong><\/p>\n\n\n\n<p class=\"wp-block-paragraph\"> 13 febrero \u2013 Lima<br \/> 16 febrero \u2013 Asunci\u00f3n<br \/> 19 febrero \u2013 Montevideo<br \/> <strong>22 febrero \u2013 Buenos Aires<\/strong><br \/> 25 febrero \u2013 Santiago de Chile<br \/> 27 febrero \u2013 Santiago de Chile<br \/> 29 febrero \u2013 Santiago de Chile<br \/> 5 marzo \u2013 Quito<br \/> 7 marzo \u2013 Cuenca<br \/> 12 marzo \u2013 Bogot\u00e1<br \/> 14 marzo \u2013 Cali<\/p>\n\n\n\n<p class=\"wp-block-paragraph\"><\/p>\n\n\n\n<p class=\"wp-block-paragraph\"><\/p>\n\n\n\n<p class=\"wp-block-paragraph\"><\/p>\n\n\n\n<p class=\"wp-block-paragraph\"><\/p>\n\n\n\n<p class=\"has-small-font-size wp-block-paragraph\"><em>Agradecemos Prensa <\/em><a rel=\"noreferrer noopener\" href=\"https:\/\/delivery.hipermailer.com.ar\/do\/trkln.php?index=1024097383AZD&amp;id=ywwwswppwserpioswpi&amp;url=aHR0cDovL3d3dy5jemNvbXVuaWNhY2lvbi5jb20%3D\" target=\"_blank\"><em>www.czcomunicacion.com<\/em><\/a><em>\u00a0&#8211;\u00a0<\/em><a rel=\"noreferrer noopener\" href=\"https:\/\/delivery.hipermailer.com.ar\/do\/trkln.php?index=1024098654AZD&amp;id=ywwwswppwserpioswpi&amp;url=aHR0cHM6Ly93d3cuaW5zdGFncmFtLmNvbS9jemNvbXVuaWNhY2lvbi8%3D\" target=\"_blank\"><em>www.instagram.com\/czcomunicacion\u00a0<\/em><\/a><\/p>\n","protected":false},"excerpt":{"rendered":"<p>El Domingo 26, se celebr\u00f3 la 62 edici\u00f3n de los Grammy Awards en el m\u00edtico Staples Center de Los \u00c1ngeles. Una cita imprescindible para el mundo de la m\u00fasica en la que Alejandro Sanz consigui\u00f3 alzarse con el premio a Best Latin Pop Album por su reciente \u00e1lbum de estudio #ElDisco. As\u00ed, Alejandro Sanz se &hellip;<\/p>\n","protected":false},"author":1,"featured_media":5444,"comment_status":"open","ping_status":"open","sticky":false,"template":"","format":"standard","meta":{"pagelayer_contact_templates":[],"_pagelayer_content":"","iawp_total_views":2,"footnotes":""},"categories":[5],"tags":[],"class_list":["post-5441","post","type-post","status-publish","format-standard","has-post-thumbnail","hentry","category-jp-agenda"],"_links":{"self":[{"href":"https:\/\/jotaposta.com.ar\/jposta\/wp-json\/wp\/v2\/posts\/5441","targetHints":{"allow":["GET"]}}],"collection":[{"href":"https:\/\/jotaposta.com.ar\/jposta\/wp-json\/wp\/v2\/posts"}],"about":[{"href":"https:\/\/jotaposta.com.ar\/jposta\/wp-json\/wp\/v2\/types\/post"}],"author":[{"embeddable":true,"href":"https:\/\/jotaposta.com.ar\/jposta\/wp-json\/wp\/v2\/users\/1"}],"replies":[{"embeddable":true,"href":"https:\/\/jotaposta.com.ar\/jposta\/wp-json\/wp\/v2\/comments?post=5441"}],"version-history":[{"count":0,"href":"https:\/\/jotaposta.com.ar\/jposta\/wp-json\/wp\/v2\/posts\/5441\/revisions"}],"wp:featuredmedia":[{"embeddable":true,"href":"https:\/\/jotaposta.com.ar\/jposta\/wp-json\/wp\/v2\/media\/5444"}],"wp:attachment":[{"href":"https:\/\/jotaposta.com.ar\/jposta\/wp-json\/wp\/v2\/media?parent=5441"}],"wp:term":[{"taxonomy":"category","embeddable":true,"href":"https:\/\/jotaposta.com.ar\/jposta\/wp-json\/wp\/v2\/categories?post=5441"},{"taxonomy":"post_tag","embeddable":true,"href":"https:\/\/jotaposta.com.ar\/jposta\/wp-json\/wp\/v2\/tags?post=5441"}],"curies":[{"name":"wp","href":"https:\/\/api.w.org\/{rel}","templated":true}]}}