{"id":5348,"date":"2021-01-25T08:47:45","date_gmt":"2021-01-25T11:47:45","guid":{"rendered":"https:\/\/www.jotaposta.com.ar\/?p=5348"},"modified":"2021-01-25T08:47:45","modified_gmt":"2021-01-25T11:47:45","slug":"a-23-anos-del-crimen-de-jose-luis-cabezas-que-paso-con-los-condenados","status":"publish","type":"post","link":"https:\/\/jotaposta.com.ar\/jposta\/2021\/01\/25\/a-23-anos-del-crimen-de-jose-luis-cabezas-que-paso-con-los-condenados\/","title":{"rendered":"A 24 a\u00f1os del Crimen de Jos\u00e9 Luis Cabezas: qu\u00e9 pas\u00f3 con los condenados."},"content":{"rendered":"\n<p>Era la madrugada del 25 de enero de 1997 y hab\u00eda pasado poco\nmenos de un a\u00f1o del d\u00eda en que logr\u00f3 la foto que sac\u00f3 del anonimato a Alfredo\nYabr\u00e1n.<\/p>\n\n\n\n<p>La cara del empresario era una de las m\u00e1s buscadas por los reporteros luego de que el por entonces ministro de Econom\u00eda del gobierno de Carlos Menem, Domingo Felipe Cavallo lo nombrara ante los diputados en el Congreso de la Naci\u00f3n como expresi\u00f3n de &#8220;una mafia enquistada en el poder&#8221;: &#8220;<em>\u00bfQui\u00e9n es el se\u00f1or Yabr\u00e1n? \u00a1Nadie lo conoce! \u00a1Pero \u00e9l s\u00ed va a conocer todas las pruebas que tenemos!&#8221;<\/em>, dijo.<\/p>\n\n\n\n<figure class=\"wp-block-image\"><img loading=\"lazy\" decoding=\"async\" width=\"980\" height=\"967\" src=\"https:\/\/www.jotaposta.com.ar\/wp-content\/uploads\/2020\/01\/cabezas2.jpg\" alt=\"\" class=\"wp-image-5355\" srcset=\"https:\/\/jotaposta.com.ar\/jposta\/wp-content\/uploads\/2020\/01\/cabezas2.jpg 980w, https:\/\/jotaposta.com.ar\/jposta\/wp-content\/uploads\/2020\/01\/cabezas2-300x296.jpg 300w, https:\/\/jotaposta.com.ar\/jposta\/wp-content\/uploads\/2020\/01\/cabezas2-768x758.jpg 768w\" sizes=\"auto, (max-width: 980px) 100vw, 980px\" \/><\/figure>\n\n\n\n<p>En 1995 no exist\u00eda Google, los celulares no cab\u00edan en los\nbolsillos y la idea de que incluyeran una c\u00e1mara de fotos no hab\u00eda llegado a\nlas compa\u00f1\u00edas que los fabricaban. <\/p>\n\n\n\n<p>La revista Noticias pidi\u00f3 una entrevista con el due\u00f1o de las\nm\u00faltiples firmas. Acept\u00f3 con la salvedad de que no hubiera fotos porque ni los\nservicios de inteligencia conoc\u00edan su cara. Se rumore\u00f3 que dijo: \u201cSacarme una\nfoto a m\u00ed es como darme un tiro en la frente\u201d.<\/p>\n\n\n\n<p>Jos\u00e9 Luis Cabezas y su compa\u00f1ero Gabriel Michi (fotogragos\nde la Revista) arrancaron la temporada de verano de 1996 con la consiga clara:\nbuscar a Yabr\u00e1n.<\/p>\n\n\n\n<figure class=\"wp-block-image\"><img loading=\"lazy\" decoding=\"async\" width=\"1024\" height=\"819\" src=\"https:\/\/www.jotaposta.com.ar\/wp-content\/uploads\/2020\/01\/cabezas-foto-Noticias-1024x819.jpg\" alt=\"\" class=\"wp-image-5356\" srcset=\"https:\/\/jotaposta.com.ar\/jposta\/wp-content\/uploads\/2020\/01\/cabezas-foto-Noticias-1024x819.jpg 1024w, https:\/\/jotaposta.com.ar\/jposta\/wp-content\/uploads\/2020\/01\/cabezas-foto-Noticias-300x240.jpg 300w, https:\/\/jotaposta.com.ar\/jposta\/wp-content\/uploads\/2020\/01\/cabezas-foto-Noticias-768x614.jpg 768w, https:\/\/jotaposta.com.ar\/jposta\/wp-content\/uploads\/2020\/01\/cabezas-foto-Noticias.jpg 1280w\" sizes=\"auto, (max-width: 1024px) 100vw, 1024px\" \/><figcaption>La Foto que Cabezas logr\u00f3 Tomar de Yabr\u00e1n<\/figcaption><\/figure>\n\n\n\n<p>El 16 de febrero de 1996 el reportero gr\u00e1fico logr\u00f3\nfotografiarlo mientras caminaba por una de las playas de Pinamar. Junto a su\namigo, Michi, ten\u00edan estudiados los movimientos de Yabr\u00e1n, quien tambi\u00e9n ten\u00eda\nvigilados los de ellos. El 3 de marzo, la imagen fue tapa de la revista. El\nvalor period\u00edstico de la foto es alt\u00edsimo desde donde se la mire, pero nadie\njam\u00e1s imagin\u00f3 que por ella se pagar\u00eda un precio tan alto. Nadie pens\u00f3 que la\nira del magnate llegar\u00eda tan lejos y que decidir\u00eda poner fin a la vida del\nfot\u00f3grafo.<\/p>\n\n\n\n<figure class=\"wp-block-image\"><img loading=\"lazy\" decoding=\"async\" width=\"1024\" height=\"768\" src=\"https:\/\/www.jotaposta.com.ar\/wp-content\/uploads\/2020\/01\/Cabezas3-Tapa-Diario-1024x768.jpg\" alt=\"\" class=\"wp-image-5352\" srcset=\"https:\/\/jotaposta.com.ar\/jposta\/wp-content\/uploads\/2020\/01\/Cabezas3-Tapa-Diario-1024x768.jpg 1024w, https:\/\/jotaposta.com.ar\/jposta\/wp-content\/uploads\/2020\/01\/Cabezas3-Tapa-Diario-300x225.jpg 300w, https:\/\/jotaposta.com.ar\/jposta\/wp-content\/uploads\/2020\/01\/Cabezas3-Tapa-Diario-768x576.jpg 768w, https:\/\/jotaposta.com.ar\/jposta\/wp-content\/uploads\/2020\/01\/Cabezas3-Tapa-Diario-1536x1152.jpg 1536w, https:\/\/jotaposta.com.ar\/jposta\/wp-content\/uploads\/2020\/01\/Cabezas3-Tapa-Diario.jpg 1600w\" sizes=\"auto, (max-width: 1024px) 100vw, 1024px\" \/><\/figure>\n\n\n\n<p>Lo que sigui\u00f3 fue el secuestro de Jos\u00e9 Luis. Sal\u00eda de la\nfiesta de cumplea\u00f1os de Oscar Andreani, lo esperaron, lo torturaron, le dieron\nunos balazos para llevarlo luego a una cava escondida en un camino rural a la\nvera de la ruta que une Gral. Madariaga y Pinamar y, una vez all\u00ed, rematar el\ncrimen prendiendo fuego su veh\u00edculo con el cuerpo del fot\u00f3grafo adentro.<\/p>\n\n\n\n<p class=\"has-medium-font-size\"><strong>Prellezo a las Ordenes de Yabran<\/strong><\/p>\n\n\n\n<p>Prellezo particip\u00f3 el 25 de enero de 1997 en Pinamar del\nhomicidio de Cabezas (que fue asesinado e incinerado en una cava cuando ten\u00eda\n35 a\u00f1os), junto con una banda de delincuentes conocida como &#8220;Los\nHorneros&#8221;.<\/p>\n\n\n\n<p>El entonces efectivo de la Bonaerense estaba al servicio del\nempresario postal Alfredo Yabr\u00e1n, quien fue procesado como instigador del hecho\ny se suicid\u00f3 en un campo de Entre R\u00edos cuando estaba pr\u00f3fugo de la Justicia, un\na\u00f1o y cuatro meses despu\u00e9s del crimen. <\/p>\n\n\n\n<figure class=\"wp-block-image is-resized\"><img loading=\"lazy\" decoding=\"async\" src=\"https:\/\/jotaposta.com.ar\/jposta\/wp-content\/uploads\/2020\/01\/Gustavo-Prellezo.jpg\" alt=\"\" class=\"wp-image-5353\" width=\"595\" height=\"333\"\/><figcaption>Gustavo Prellezo<\/figcaption><\/figure>\n\n\n\n<p>El autor de los disparos que terminaron con la vida del\nreportero gr\u00e1fico, seg\u00fan lo estableci\u00f3 la Justicia, est\u00e1 en libertad\ncondicional desde diciembre de 2017, aunque desde 2010 vive en su casa bajo el\nr\u00e9gimen de prisi\u00f3n domiciliaria.<\/p>\n\n\n\n<p>Prellezo fue condenado a reclusi\u00f3n perpetua en febrero de\n2002, pero s\u00f3lo pas\u00f3 tras las rejas 13 a\u00f1os, pese a que la sentencia fue\nratificada en las m\u00e1ximas instancias judiciales de la provincia y el pa\u00eds. La\nmisma expirar\u00e1 en 2022.<\/p>\n\n\n\n<figure class=\"wp-block-image\"><img loading=\"lazy\" decoding=\"async\" width=\"640\" height=\"360\" src=\"https:\/\/jotaposta.com.ar\/jposta\/wp-content\/uploads\/2020\/01\/auto-cabezas.jpg\" alt=\"\" class=\"wp-image-5358\" srcset=\"https:\/\/jotaposta.com.ar\/jposta\/wp-content\/uploads\/2020\/01\/auto-cabezas.jpg 640w, https:\/\/jotaposta.com.ar\/jposta\/wp-content\/uploads\/2020\/01\/auto-cabezas-300x169.jpg 300w, https:\/\/jotaposta.com.ar\/jposta\/wp-content\/uploads\/2020\/01\/auto-cabezas-390x220.jpg 390w\" sizes=\"auto, (max-width: 640px) 100vw, 640px\" \/><figcaption>As\u00ed encontraron el auto de Cabezas<\/figcaption><\/figure>\n\n\n\n<p>El exoficial de la Polic\u00eda estudi\u00f3 en la c\u00e1rcel y se\nrecibi\u00f3, primero, de abogado y, luego, de escribano en la Universidad Nacional\nde la Plata (UNLP). Intent\u00f3 obtener una matr\u00edcula de abogado en un colegio\np\u00fablico de Quilmes pero, ante una denuncia presentada por la familia de\nCabezas, esa entidad opt\u00f3 por no entregarle la habilitaci\u00f3n para desempe\u00f1arse como\nletrado.<\/p>\n\n\n\n<p>No obstante, Jorge Rizzo, extitular del Colegio P\u00fablico de\nAbogados de la Capital Federal, asegur\u00f3 hoy que esa entidad debi\u00f3 otorgarle una\nmatr\u00edcula habilitante a Gustavo Prellezo, condenado por el crimen del fot\u00f3grafo\nJos\u00e9 Luis Cabezas, por &#8220;una cuesti\u00f3n legal&#8221;, pero aclar\u00f3 que un\nTribunal de Conducta de la instituci\u00f3n analizar\u00e1 si corresponde una suspensi\u00f3n\nhasta que el expolic\u00eda cumpla su sentencia.<\/p>\n\n\n\n<p class=\"has-medium-font-size\"><strong>Los dem\u00e1s condenados<\/strong><\/p>\n\n\n\n<p>El expolic\u00eda An\u00edbal Luna, condenado a prisi\u00f3n perpetua por\nel asesinato de Cabezas, est\u00e1 bajo libertad condicional desde septiembre de\n2017, tras cumplir durante dos a\u00f1os un per\u00edodo de salidas transitorias.<\/p>\n\n\n\n<p>Gregorio R\u00edos, exjefe de la seguridad de Alfredo Yabr\u00e1n, fue\ncondenado a perpetua como instigador del asesinato, pero en 2008 result\u00f3\nbeneficiado con la libertad condicional al cumplirse 20 a\u00f1os de su detenci\u00f3n.<\/p>\n\n\n\n<figure class=\"wp-block-image\"><img loading=\"lazy\" decoding=\"async\" width=\"1024\" height=\"682\" src=\"https:\/\/www.jotaposta.com.ar\/wp-content\/uploads\/2020\/01\/Camaratta-Cabezas-1024x682.jpg\" alt=\"\" class=\"wp-image-5359\" srcset=\"https:\/\/jotaposta.com.ar\/jposta\/wp-content\/uploads\/2020\/01\/Camaratta-Cabezas-1024x682.jpg 1024w, https:\/\/jotaposta.com.ar\/jposta\/wp-content\/uploads\/2020\/01\/Camaratta-Cabezas-300x200.jpg 300w, https:\/\/jotaposta.com.ar\/jposta\/wp-content\/uploads\/2020\/01\/Camaratta-Cabezas-768x512.jpg 768w, https:\/\/jotaposta.com.ar\/jposta\/wp-content\/uploads\/2020\/01\/Camaratta-Cabezas.jpg 1420w\" sizes=\"auto, (max-width: 1024px) 100vw, 1024px\" \/><figcaption>Ex Polic\u00eda Sergio Cammaratta<\/figcaption><\/figure>\n\n\n\n<p>El comisario Mario &#8220;la Liebre&#8221; G\u00f3mez, condenado\npor haber liberado la zona en la que ocurri\u00f3 el crimen, recuper\u00f3 la libertad en\n2006 tras una decisi\u00f3n de la C\u00e1mara de Casaci\u00f3n de la Provincia de Buenos\nAires.<\/p>\n\n\n\n<p>Sergio Cammaratta, otro de los polic\u00edas implicados en el\ncaso y sindicado por la Justicia como responsable de haberle hecho &#8220;un\nseguimiento&#8221; a Cabezas cuando trabajaba en Pinamar en el verano de 1997,\nmuri\u00f3 en 2015 en el penal de Dolores.<\/p>\n\n\n\n<p class=\"has-medium-font-size\"><strong>&#8220;Los Horneros&#8221;<\/strong><\/p>\n\n\n\n<p>Con relaci\u00f3n a la banda de &#8220;Los Horneros&#8221;, los\ndelincuentes comunes de la periferia de La Plata que fueron reclutados por\nPrellezo para cometer el crimen de Cabezas, tambi\u00e9n quedaron desvinculados de\nla causa.<\/p>\n\n\n\n<p>Jos\u00e9 Luis Auge recibi\u00f3 una condena en el juicio que se llev\u00f3\na cabo en 2004 pero, cuatro a\u00f1os m\u00e1s tarde, qued\u00f3 en libertad.<\/p>\n\n\n\n<p>Su c\u00f3mplice Sergio Gustavo Gonz\u00e1lez, tras ser sentenciado a\nprisi\u00f3n perpetua, recibi\u00f3 una reducci\u00f3n de su condena. Sali\u00f3 de la c\u00e1rcel en\n2006 y, en 2018, se le declar\u00f3 la extinci\u00f3n de la pena, aunque a\u00fan tiene una\ncausa por drogas radicada en los tribunales federales de la Ciudad de Buenos\nAires.<\/p>\n\n\n\n<figure class=\"wp-block-image\"><img loading=\"lazy\" decoding=\"async\" width=\"1024\" height=\"823\" src=\"https:\/\/www.jotaposta.com.ar\/wp-content\/uploads\/2020\/01\/Auge-Los-Hornoros-1024x823.jpg\" alt=\"\" class=\"wp-image-5351\" srcset=\"https:\/\/jotaposta.com.ar\/jposta\/wp-content\/uploads\/2020\/01\/Auge-Los-Hornoros-1024x823.jpg 1024w, https:\/\/jotaposta.com.ar\/jposta\/wp-content\/uploads\/2020\/01\/Auge-Los-Hornoros-300x241.jpg 300w, https:\/\/jotaposta.com.ar\/jposta\/wp-content\/uploads\/2020\/01\/Auge-Los-Hornoros-768x617.jpg 768w, https:\/\/jotaposta.com.ar\/jposta\/wp-content\/uploads\/2020\/01\/Auge-Los-Hornoros.jpg 1200w\" sizes=\"auto, (max-width: 1024px) 100vw, 1024px\" \/><figcaption>Luis Auge, parte de la banda &#8220;Los Horneros&#8221;<\/figcaption><\/figure>\n\n\n\n<p>En tanto, Horacio Braga qued\u00f3 en libertad condicional diez\na\u00f1os despu\u00e9s del crimen y, a mediados de 2018, cumpli\u00f3 su condena con la\nJusticia.<\/p>\n\n\n\n<p>Miguel Retana, sentenciado a prisi\u00f3n perpetua en 2000, muri\u00f3\nde sida en la c\u00e1rcel, un a\u00f1o despu\u00e9s.<\/p>\n\n\n\n<p class=\"has-medium-font-size\"><strong>Yabr\u00e1n<\/strong><\/p>\n\n\n\n<p>Alfredo Yabr\u00e1n , ten\u00eda 47 a\u00f1os.&nbsp; Hab\u00eda pasado de vender helados con un&nbsp; carrito fabricado por \u00e9l en Larroque, a ser\nun hombre exitoso.<\/p>\n\n\n\n<figure class=\"wp-block-image is-resized\"><img loading=\"lazy\" decoding=\"async\" src=\"https:\/\/www.jotaposta.com.ar\/wp-content\/uploads\/2020\/01\/yabran2.jpg\" alt=\"\" class=\"wp-image-5349\" width=\"552\" height=\"309\"\/><figcaption>El Enigm\u00e1tico Empresario Yabr\u00e1n<\/figcaption><\/figure>\n\n\n\n<p>Protegido por funcionarios y pol\u00edticos de todos los\ncolores,&nbsp; el violento magnate pudo\ncobijarse en las sombras para multiplicar sus negocios mafiosos\u2026 hasta que lo\ndescubri\u00f3 NOTICIAS. Ya destapado y se\u00f1alado por la ejecuci\u00f3n de Cabezas \u2013quien\ncometi\u00f3 el \u201cpecado\u201d de fotografiarlo-, Alfredo Yabr\u00e1n tuvo que irse a la Casa\nRosada a plena luz del d\u00eda, en un gesto desesperado por blanquearse y buscar la\ncomplicidad expl\u00edcita del menemismo, aquel&nbsp;\npoder de turno. Ya era tarde: todos los medios y la opini\u00f3n p\u00fablica se\nhab\u00edan lanzado a cuestionarlo. Lamentablemente, tambi\u00e9n era tarde para Cabezas.<\/p>\n\n\n\n<figure class=\"wp-block-image\"><img loading=\"lazy\" decoding=\"async\" width=\"762\" height=\"1024\" src=\"https:\/\/www.jotaposta.com.ar\/wp-content\/uploads\/2020\/01\/Yabran-tapa-cronica-762x1024.jpg\" alt=\"\" class=\"wp-image-5350\" srcset=\"https:\/\/jotaposta.com.ar\/jposta\/wp-content\/uploads\/2020\/01\/Yabran-tapa-cronica-762x1024.jpg 762w, https:\/\/jotaposta.com.ar\/jposta\/wp-content\/uploads\/2020\/01\/Yabran-tapa-cronica-223x300.jpg 223w, https:\/\/jotaposta.com.ar\/jposta\/wp-content\/uploads\/2020\/01\/Yabran-tapa-cronica-768x1033.jpg 768w, https:\/\/jotaposta.com.ar\/jposta\/wp-content\/uploads\/2020\/01\/Yabran-tapa-cronica-1142x1536.jpg 1142w, https:\/\/jotaposta.com.ar\/jposta\/wp-content\/uploads\/2020\/01\/Yabran-tapa-cronica.jpg 1190w\" sizes=\"auto, (max-width: 762px) 100vw, 762px\" \/><figcaption>Tapa de Cr\u00f3nica<\/figcaption><\/figure>\n\n\n\n<p>Cuando se dictamin\u00f3 una orden de arresto contra Yabr\u00e1n, \u00e9ste\npas\u00f3 a la clandestinidad. Cinco d\u00edas despu\u00e9s, el 20 de mayo de 1998, Alfredo\nYabr\u00e1n se suicid\u00f3 dispar\u00e1ndose con una escopeta en la boca, que le desfigur\u00f3 el\nrostro y&nbsp; hac\u00eda al cad\u00e1ver irreconocible.<\/p>\n","protected":false},"excerpt":{"rendered":"<p>Era la madrugada del 25 de enero de 1997 y hab\u00eda pasado poco menos de un a\u00f1o del d\u00eda en que logr\u00f3 la foto que sac\u00f3 del anonimato a Alfredo Yabr\u00e1n. La cara del empresario era una de las m\u00e1s buscadas por los reporteros luego de que el por entonces ministro de Econom\u00eda del gobierno &hellip;<\/p>\n","protected":false},"author":1,"featured_media":5354,"comment_status":"open","ping_status":"open","sticky":false,"template":"","format":"standard","meta":{"pagelayer_contact_templates":[],"_pagelayer_content":"","iawp_total_views":2,"footnotes":""},"categories":[3],"tags":[],"class_list":["post-5348","post","type-post","status-publish","format-standard","has-post-thumbnail","hentry","category-actualidad"],"_links":{"self":[{"href":"https:\/\/jotaposta.com.ar\/jposta\/wp-json\/wp\/v2\/posts\/5348","targetHints":{"allow":["GET"]}}],"collection":[{"href":"https:\/\/jotaposta.com.ar\/jposta\/wp-json\/wp\/v2\/posts"}],"about":[{"href":"https:\/\/jotaposta.com.ar\/jposta\/wp-json\/wp\/v2\/types\/post"}],"author":[{"embeddable":true,"href":"https:\/\/jotaposta.com.ar\/jposta\/wp-json\/wp\/v2\/users\/1"}],"replies":[{"embeddable":true,"href":"https:\/\/jotaposta.com.ar\/jposta\/wp-json\/wp\/v2\/comments?post=5348"}],"version-history":[{"count":0,"href":"https:\/\/jotaposta.com.ar\/jposta\/wp-json\/wp\/v2\/posts\/5348\/revisions"}],"wp:featuredmedia":[{"embeddable":true,"href":"https:\/\/jotaposta.com.ar\/jposta\/wp-json\/wp\/v2\/media\/5354"}],"wp:attachment":[{"href":"https:\/\/jotaposta.com.ar\/jposta\/wp-json\/wp\/v2\/media?parent=5348"}],"wp:term":[{"taxonomy":"category","embeddable":true,"href":"https:\/\/jotaposta.com.ar\/jposta\/wp-json\/wp\/v2\/categories?post=5348"},{"taxonomy":"post_tag","embeddable":true,"href":"https:\/\/jotaposta.com.ar\/jposta\/wp-json\/wp\/v2\/tags?post=5348"}],"curies":[{"name":"wp","href":"https:\/\/api.w.org\/{rel}","templated":true}]}}