{"id":4922,"date":"2019-12-15T02:21:28","date_gmt":"2019-12-15T05:21:28","guid":{"rendered":"https:\/\/www.jotaposta.com.ar\/?p=4922"},"modified":"2019-12-15T02:21:28","modified_gmt":"2019-12-15T05:21:28","slug":"el-bellas-artes-inaugura-una-gran-muestra-dedicada-a-norah-borges","status":"publish","type":"post","link":"https:\/\/jotaposta.com.ar\/jposta\/2019\/12\/15\/el-bellas-artes-inaugura-una-gran-muestra-dedicada-a-norah-borges\/","title":{"rendered":"El Bellas Artes inaugura una gran muestra dedicada a Norah Borges"},"content":{"rendered":"\n<p class=\"wp-block-paragraph\">El Museo Nacional de\nBellas Artes inaugurar\u00e1 ma\u00f1ana martes 17 de diciembre, a las 19, la exposici\u00f3n\n\u201cNorah Borges. Una mujer en la vanguardia\u201d, curada por el especialista Sergio\nAlberto Baur, que reunir\u00e1 m\u00e1s de 200 pinturas, dibujos, grabados y objetos\n\u2013entre&nbsp; documentos, manuscritos, impresos\ny fotograf\u00edas\u2013 de la artista pl\u00e1stica argentina Norah Borges (1901-1998).<\/p>\n\n\n\n<p class=\"wp-block-paragraph\"><em>\u201cEsta exposici\u00f3n inaugura un cap\u00edtulo en la historia del Bellas Artes, ya que, adem\u00e1s de ser la primera muestra de la artista, es la primera vez que una artista mujer llega con una exposici\u00f3n monogr\u00e1fica al emblem\u00e1tico espacio de nuestro Museo\u201d<\/em>, destaca el director de la instituci\u00f3n, Andr\u00e9s Duprat.\u00a0 <\/p>\n\n\n\n<p class=\"wp-block-paragraph\">La muestra, que analizar\u00e1\ntoda su vida art\u00edstica a trav\u00e9s de obras de distintas \u00e9pocas, provenientes de\n28 colecciones p\u00fablicas y privadas, se propone enlazar los mundos que vivi\u00f3\nBorges desde su per\u00edodo de formaci\u00f3n, y su destacado trabajo como ilustradora\nde la vanguardia espa\u00f1ola y argentina. Tambi\u00e9n se exhibir\u00e1 documentaci\u00f3n\npersonal y bibliogr\u00e1fica que la ubican en el escenario de los a\u00f1os 1920 y\n1930.&nbsp; <\/p>\n\n\n\n<figure class=\"wp-block-image\"><img loading=\"lazy\" decoding=\"async\" width=\"585\" height=\"800\" src=\"https:\/\/jotaposta.com.ar\/jposta\/wp-content\/uploads\/2019\/12\/49204363547_e5a915dbc6_c.jpg\" alt=\"\" class=\"wp-image-4923\" srcset=\"https:\/\/jotaposta.com.ar\/jposta\/wp-content\/uploads\/2019\/12\/49204363547_e5a915dbc6_c.jpg 585w, https:\/\/jotaposta.com.ar\/jposta\/wp-content\/uploads\/2019\/12\/49204363547_e5a915dbc6_c-219x300.jpg 219w\" sizes=\"auto, (max-width: 585px) 100vw, 585px\" \/><figcaption>Foto Prensa<\/figcaption><\/figure>\n\n\n\n<p class=\"wp-block-paragraph\"><em>\u201cNorah Borges<\/em> \u2013explica Duprat\u2013 <em>transit\u00f3 casi la totalidad del siglo pasado y, sin embargo, su obra se encuentra t\u00edmidamente representada en las colecciones p\u00fablicas nacionales\u201d. \u201cEn su producci\u00f3n experiment\u00f3 con diversas t\u00e9cnicas, como el dibujo, la pintura y el grabado, todas ellas marcadas por la sencillez, la levedad y la sutileza, la misma discreci\u00f3n que adopt\u00f3 en su vida que transcurri\u00f3 siempre al margen, evitando el centro de la escena\u201d<\/em>, agrega.<\/p>\n\n\n\n<p class=\"wp-block-paragraph\">Seg\u00fan explica Baur, historiador y diplom\u00e1tico, la artista \u2013hermana del c\u00e9lebre escritor Jorge Luis Borges, y esposa del cr\u00edtico y poeta espa\u00f1ol Guillermo de Torre\u2013 <em>\u201cconstituye una rara excepci\u00f3n dentro de la historia del arte argentino, debido a que su presencia en las d\u00e9cadas de auge de las vanguardias internacionales le permiti\u00f3 acompa\u00f1ar a personajes de la relevancia de Juan Ram\u00f3n Jim\u00e9nez, Federico Garc\u00eda Lorca, Gabriela Mistral, y a los j\u00f3venes poetas de renovaci\u00f3n de Espa\u00f1a y de la Argentina, y establecer un di\u00e1logo pl\u00e1stico con los movimientos art\u00edsticos de esos a\u00f1os\u201d.<\/em><\/p>\n\n\n\n<figure class=\"wp-block-image\"><img loading=\"lazy\" decoding=\"async\" width=\"618\" height=\"800\" src=\"https:\/\/jotaposta.com.ar\/jposta\/wp-content\/uploads\/2019\/12\/49204178941_e1b0595a4a_c.jpg\" alt=\"\" class=\"wp-image-4925\" srcset=\"https:\/\/jotaposta.com.ar\/jposta\/wp-content\/uploads\/2019\/12\/49204178941_e1b0595a4a_c.jpg 618w, https:\/\/jotaposta.com.ar\/jposta\/wp-content\/uploads\/2019\/12\/49204178941_e1b0595a4a_c-232x300.jpg 232w\" sizes=\"auto, (max-width: 618px) 100vw, 618px\" \/><figcaption>Foto Gentileza Prensa<\/figcaption><\/figure>\n\n\n\n<p class=\"wp-block-paragraph\">\u201c<em>Su involuntario olvido encuentra su reconocimiento en esta exposici\u00f3n, como un merecido homenaje a esta extraordinaria pintora, que, entre otras cosas, fue la mujer m\u00e1s relevante del ultra\u00edsmo, que explor\u00f3 el expresionismo, y que se fue definiendo como artista, m\u00e1s all\u00e1 de las tendencias y de las escuelas art\u00edsticas del siglo XX, o transitando en los m\u00e1rgenes de los innumerables ismos que concibi\u00f3 ese tiempo hist\u00f3rico\u201d.\u00a0<\/em> <\/p>\n\n\n\n<p class=\"wp-block-paragraph\">Acompa\u00f1ando la\nexhibici\u00f3n, el Bellas Artes editar\u00e1 en 2020 un cat\u00e1logo que incluye un texto\ncuratorial de Baur, un art\u00edculo de Artundo y una rese\u00f1a sobre la actividad de\nla artista entre los a\u00f1os 1920 y 1940, a cargo del \u00e1rea de Investigaci\u00f3n del\nMuseo, adem\u00e1s del cuerpo de obra exhibido y un apartado documental.<\/p>\n\n\n\n<figure class=\"wp-block-image is-resized\"><img loading=\"lazy\" decoding=\"async\" src=\"https:\/\/jotaposta.com.ar\/jposta\/wp-content\/uploads\/2019\/12\/Norah-Borges.jpg\" alt=\"\" class=\"wp-image-4926\" width=\"604\" height=\"451\"\/><figcaption>Foto Gentileza Prensa<\/figcaption><\/figure>\n\n\n\n<p class=\"has-medium-font-size wp-block-paragraph\"><strong>Donde y Cuando?<\/strong><\/p>\n\n\n\n<p class=\"wp-block-paragraph\">Luego de la inauguraci\u00f3n,\nel martes 17 de diciembre a las 19, \u201cNorah Borges. Una mujer en la vanguardia\u201d\npodr\u00e1 visitarse hasta el 1.\u00b0 de marzo de 2020 en el Pabell\u00f3n de exposiciones\ntemporarias del Museo.<\/p>\n\n\n\n<p class=\"wp-block-paragraph\">El p\u00fablico argentino o\nresidente en el pa\u00eds podr\u00e1 recorrer el Museo con entrada gratuita todos los\nd\u00edas. Para los visitantes extranjeros, la entrada general al Bellas Artes tiene\nun valor de $200 (martes de 11 a 20, y de mi\u00e9rcoles a domingo, de 18.45 a 20:\ngratis).<\/p>\n","protected":false},"excerpt":{"rendered":"<p>El Museo Nacional de Bellas Artes inaugurar\u00e1 ma\u00f1ana martes 17 de diciembre, a las 19, la exposici\u00f3n \u201cNorah Borges. Una mujer en la vanguardia\u201d, curada por el especialista Sergio Alberto Baur, que reunir\u00e1 m\u00e1s de 200 pinturas, dibujos, grabados y objetos \u2013entre&nbsp; documentos, manuscritos, impresos y fotograf\u00edas\u2013 de la artista pl\u00e1stica argentina Norah Borges (1901-1998). &hellip;<\/p>\n","protected":false},"author":1,"featured_media":4924,"comment_status":"open","ping_status":"open","sticky":false,"template":"","format":"standard","meta":{"pagelayer_contact_templates":[],"_pagelayer_content":"","iawp_total_views":4,"footnotes":""},"categories":[3,5],"tags":[],"class_list":["post-4922","post","type-post","status-publish","format-standard","has-post-thumbnail","hentry","category-actualidad","category-jp-agenda"],"_links":{"self":[{"href":"https:\/\/jotaposta.com.ar\/jposta\/wp-json\/wp\/v2\/posts\/4922","targetHints":{"allow":["GET"]}}],"collection":[{"href":"https:\/\/jotaposta.com.ar\/jposta\/wp-json\/wp\/v2\/posts"}],"about":[{"href":"https:\/\/jotaposta.com.ar\/jposta\/wp-json\/wp\/v2\/types\/post"}],"author":[{"embeddable":true,"href":"https:\/\/jotaposta.com.ar\/jposta\/wp-json\/wp\/v2\/users\/1"}],"replies":[{"embeddable":true,"href":"https:\/\/jotaposta.com.ar\/jposta\/wp-json\/wp\/v2\/comments?post=4922"}],"version-history":[{"count":0,"href":"https:\/\/jotaposta.com.ar\/jposta\/wp-json\/wp\/v2\/posts\/4922\/revisions"}],"wp:featuredmedia":[{"embeddable":true,"href":"https:\/\/jotaposta.com.ar\/jposta\/wp-json\/wp\/v2\/media\/4924"}],"wp:attachment":[{"href":"https:\/\/jotaposta.com.ar\/jposta\/wp-json\/wp\/v2\/media?parent=4922"}],"wp:term":[{"taxonomy":"category","embeddable":true,"href":"https:\/\/jotaposta.com.ar\/jposta\/wp-json\/wp\/v2\/categories?post=4922"},{"taxonomy":"post_tag","embeddable":true,"href":"https:\/\/jotaposta.com.ar\/jposta\/wp-json\/wp\/v2\/tags?post=4922"}],"curies":[{"name":"wp","href":"https:\/\/api.w.org\/{rel}","templated":true}]}}