{"id":4904,"date":"2019-12-14T05:02:00","date_gmt":"2019-12-14T08:02:00","guid":{"rendered":"https:\/\/www.jotaposta.com.ar\/?p=4904"},"modified":"2019-12-14T05:02:00","modified_gmt":"2019-12-14T08:02:00","slug":"raiz-lo-nuevo-de-daniela-herrero","status":"publish","type":"post","link":"https:\/\/jotaposta.com.ar\/jposta\/2019\/12\/14\/raiz-lo-nuevo-de-daniela-herrero\/","title":{"rendered":"#Raiz, lo nuevo de Daniela Herrero"},"content":{"rendered":"\n<p class=\"wp-block-paragraph\">Daniela Herrero es furor en las redes con su nueva canci\u00f3n y\nvideoclip, bautiza como \u201cRa\u00edz\u201d, adelanto de su pr\u00f3ximo disco, sucesor de \u201cEn un\nSegundo\u201d, lanzado en 2015.<\/p>\n\n\n\n<p class=\"wp-block-paragraph\">Al respecto la cantante expres\u00f3 que el single refiere a &#8220;Una\njoven inmersa en el mundo de la tecnolog\u00eda y las redes sociales, vive en una\nrealidad virtual hasta que un apag\u00f3n de energ\u00eda la traslada a una dimensi\u00f3n\ndespojada de la sobre informaci\u00f3n. En este antiguo universo olvidado, puede\nreencontrarse con su lado m\u00e1s genuino y descubrir finalmente, como adaptarse a\neste juego&#8221;.<\/p>\n\n\n\n<figure class=\"wp-block-image\"><img loading=\"lazy\" decoding=\"async\" width=\"1024\" height=\"562\" src=\"https:\/\/www.jotaposta.com.ar\/wp-content\/uploads\/2019\/12\/daniela_3-1024x562.jpg\" alt=\"\" class=\"wp-image-4905\" srcset=\"https:\/\/jotaposta.com.ar\/jposta\/wp-content\/uploads\/2019\/12\/daniela_3-1024x562.jpg 1024w, https:\/\/jotaposta.com.ar\/jposta\/wp-content\/uploads\/2019\/12\/daniela_3-300x165.jpg 300w, https:\/\/jotaposta.com.ar\/jposta\/wp-content\/uploads\/2019\/12\/daniela_3-768x422.jpg 768w, https:\/\/jotaposta.com.ar\/jposta\/wp-content\/uploads\/2019\/12\/daniela_3.jpg 1260w\" sizes=\"auto, (max-width: 1024px) 100vw, 1024px\" \/><\/figure>\n\n\n\n<p class=\"wp-block-paragraph\">\u00abRa\u00edz\u00bb cuenta con la direcci\u00f3n de Benjam\u00edn Melloni.\nAsistente de Direcci\u00f3n: Candela Le\u00f3n. Jefa de Producci\u00f3n: Camila Casco.<\/p>\n\n\n\n<p class=\"wp-block-paragraph\">La canci\u00f3n fue grabada en estudios Romaphonic y producida\npor Gustavo \u201cTavo\u201d Lozano. Ingeniero t\u00e9cnico, mezcla y mastering: Eduardo\nPereyra. Los m\u00fasicos que participan son: Tavo Lozano (guitarras); Fer Cosenza\n(guitarras); Cristian Borneo (bater\u00eda); y Maxi Chercover (bajo).<\/p>\n\n\n\n<figure class=\"wp-block-image\"><img loading=\"lazy\" decoding=\"async\" width=\"639\" height=\"960\" src=\"https:\/\/jotaposta.com.ar\/jposta\/wp-content\/uploads\/2019\/12\/daniela-herrero-4.jpg\" alt=\"\" class=\"wp-image-4906\" srcset=\"https:\/\/jotaposta.com.ar\/jposta\/wp-content\/uploads\/2019\/12\/daniela-herrero-4.jpg 639w, https:\/\/jotaposta.com.ar\/jposta\/wp-content\/uploads\/2019\/12\/daniela-herrero-4-200x300.jpg 200w\" sizes=\"auto, (max-width: 639px) 100vw, 639px\" \/><\/figure>\n\n\n\n<p class=\"wp-block-paragraph\">El estreno oficial del tema fue, el pasado 22 de noviembre\nde 2019, y ya se encuentra en todas las plataformas digitales.<\/p>\n\n\n\n<p class=\"wp-block-paragraph\">Actualmente, Daniela Herrero contin\u00faa con la producci\u00f3n de su pr\u00f3ximo disco que saldr\u00e1 en el 2020.<\/p>\n\n\n\n<p class=\"has-medium-font-size wp-block-paragraph\"><strong>El Video Clip<\/strong><\/p>\n\n\n\n<figure class=\"wp-block-embed-youtube wp-block-embed is-type-video is-provider-youtube wp-embed-aspect-16-9 wp-has-aspect-ratio\"><div class=\"wp-block-embed__wrapper\">\n<iframe loading=\"lazy\" title=\"Daniela Herrero - Ra\u00edz (Video Oficial)\" width=\"500\" height=\"281\" src=\"https:\/\/www.youtube.com\/embed\/xszeujvTHoc?feature=oembed\" frameborder=\"0\" allow=\"accelerometer; autoplay; clipboard-write; encrypted-media; gyroscope; picture-in-picture; web-share\" referrerpolicy=\"strict-origin-when-cross-origin\" allowfullscreen><\/iframe>\n<\/div><\/figure>\n","protected":false},"excerpt":{"rendered":"<p>Daniela Herrero es furor en las redes con su nueva canci\u00f3n y videoclip, bautiza como \u201cRa\u00edz\u201d, adelanto de su pr\u00f3ximo disco, sucesor de \u201cEn un Segundo\u201d, lanzado en 2015. Al respecto la cantante expres\u00f3 que el single refiere a &#8220;Una joven inmersa en el mundo de la tecnolog\u00eda y las redes sociales, vive en una &hellip;<\/p>\n","protected":false},"author":1,"featured_media":4907,"comment_status":"open","ping_status":"open","sticky":false,"template":"","format":"standard","meta":{"pagelayer_contact_templates":[],"_pagelayer_content":"","iawp_total_views":7,"footnotes":""},"categories":[3,5],"tags":[],"class_list":["post-4904","post","type-post","status-publish","format-standard","has-post-thumbnail","hentry","category-actualidad","category-jp-agenda"],"_links":{"self":[{"href":"https:\/\/jotaposta.com.ar\/jposta\/wp-json\/wp\/v2\/posts\/4904","targetHints":{"allow":["GET"]}}],"collection":[{"href":"https:\/\/jotaposta.com.ar\/jposta\/wp-json\/wp\/v2\/posts"}],"about":[{"href":"https:\/\/jotaposta.com.ar\/jposta\/wp-json\/wp\/v2\/types\/post"}],"author":[{"embeddable":true,"href":"https:\/\/jotaposta.com.ar\/jposta\/wp-json\/wp\/v2\/users\/1"}],"replies":[{"embeddable":true,"href":"https:\/\/jotaposta.com.ar\/jposta\/wp-json\/wp\/v2\/comments?post=4904"}],"version-history":[{"count":0,"href":"https:\/\/jotaposta.com.ar\/jposta\/wp-json\/wp\/v2\/posts\/4904\/revisions"}],"wp:featuredmedia":[{"embeddable":true,"href":"https:\/\/jotaposta.com.ar\/jposta\/wp-json\/wp\/v2\/media\/4907"}],"wp:attachment":[{"href":"https:\/\/jotaposta.com.ar\/jposta\/wp-json\/wp\/v2\/media?parent=4904"}],"wp:term":[{"taxonomy":"category","embeddable":true,"href":"https:\/\/jotaposta.com.ar\/jposta\/wp-json\/wp\/v2\/categories?post=4904"},{"taxonomy":"post_tag","embeddable":true,"href":"https:\/\/jotaposta.com.ar\/jposta\/wp-json\/wp\/v2\/tags?post=4904"}],"curies":[{"name":"wp","href":"https:\/\/api.w.org\/{rel}","templated":true}]}}