{"id":4841,"date":"2019-12-08T01:12:26","date_gmt":"2019-12-08T04:12:26","guid":{"rendered":"https:\/\/www.jotaposta.com.ar\/?p=4841"},"modified":"2019-12-08T01:12:26","modified_gmt":"2019-12-08T04:12:26","slug":"por-que-el-arbol-de-navidad-se-arma-el-8-de-diciembre","status":"publish","type":"post","link":"https:\/\/jotaposta.com.ar\/jposta\/2019\/12\/08\/por-que-el-arbol-de-navidad-se-arma-el-8-de-diciembre\/","title":{"rendered":"\u00bfPor qu\u00e9 el \u00e1rbol de Navidad se arma el 8 de Diciembre?"},"content":{"rendered":"\n<p class=\"wp-block-paragraph\">Llega diciembre y, por supuesto, con las reuniones\ny despedidas de a\u00f1o tambi\u00e9n llega Navidad, A\u00f1o Nuevo y se acerca la noche de\nReyes. Estas fiestas son celebradas a lo largo de todo el mundo Occidental, y\ntienen un fuerte componente religioso. La Navidad es la celebraci\u00f3n del\nnacimiento del ni\u00f1o Jes\u00fas, y el A\u00f1o Nuevo es el fin de un a\u00f1o seg\u00fan el\ncalendario gregoriano, que fue propuesto por el papa Gregorio XIII en 1582 y\nsustituye al calendario juliano, promovido por Julio C\u00e9sar.<\/p>\n\n\n\n<p class=\"wp-block-paragraph\">Estas fechas est\u00e1n rodeadas de fuertes tradiciones\ncomo armar el pesebre y el \u00e1rbol de Navidad, as\u00ed como hacer regalos y preparar\ndeterminadas comidas. <\/p>\n\n\n\n<p class=\"wp-block-paragraph\">Pero hoy en<strong> #JotaPosta<\/strong> vamos a adentrarnos en una de las tradiciones m\u00e1s difundidas, pero menos comprendidas de las fiestas: <strong><em>\u00bfpor qu\u00e9 se arma el arbolito de navidad el 8 de diciembre? <\/em><\/strong><\/p>\n\n\n\n<figure class=\"wp-block-image\"><img loading=\"lazy\" decoding=\"async\" width=\"1024\" height=\"576\" src=\"https:\/\/www.jotaposta.com.ar\/wp-content\/uploads\/2019\/12\/arbolnavidad2-1024x576.jpg\" alt=\"\" class=\"wp-image-4844\" srcset=\"https:\/\/jotaposta.com.ar\/jposta\/wp-content\/uploads\/2019\/12\/arbolnavidad2-1024x576.jpg 1024w, https:\/\/jotaposta.com.ar\/jposta\/wp-content\/uploads\/2019\/12\/arbolnavidad2-300x169.jpg 300w, https:\/\/jotaposta.com.ar\/jposta\/wp-content\/uploads\/2019\/12\/arbolnavidad2-768x432.jpg 768w, https:\/\/jotaposta.com.ar\/jposta\/wp-content\/uploads\/2019\/12\/arbolnavidad2-390x220.jpg 390w, https:\/\/jotaposta.com.ar\/jposta\/wp-content\/uploads\/2019\/12\/arbolnavidad2.jpg 1280w\" sizes=\"auto, (max-width: 1024px) 100vw, 1024px\" \/><\/figure>\n\n\n\n<p class=\"wp-block-paragraph\">La tradici\u00f3n cristiana de decorar un \u00e1rbol para\nNavidad proviene de Alemania, sin embargo no es algo original del cristianismo\nya que se ha constatado que muchas culturas a lo largo de la historia han\ndecorado \u00e1rboles en modo de ofrenda a sus deidades.<\/p>\n\n\n\n<p class=\"wp-block-paragraph\">Los cristianos que comenzaron la tradici\u00f3n de\ndecorar \u00e1rboles perennes fueron devotos germanos, de la regi\u00f3n de Alsacia, y\nsupuestamente fue Mart\u00edn Lutero qui\u00e9n por primera vez puso luces en \u00e9l, en el\nsiglo XVI. La tradicional estrella en la parte m\u00e1s alta del \u00e1rbol representa la\nestrella de Bel\u00e9n y simboliza la fe del cristianismo. Los adornos, que se cree\nque originalmente eran manzanas, representan el pecado original y las\ntentaciones, y las luces (velas, inicialmente) representan la luz de\nJesucristo.<\/p>\n\n\n\n<div class=\"wp-block-image\"><figure class=\"aligncenter is-resized\"><img loading=\"lazy\" decoding=\"async\" src=\"https:\/\/jotaposta.com.ar\/jposta\/wp-content\/uploads\/2019\/12\/arbolnavidad3.jpg\" alt=\"\" class=\"wp-image-4843\" width=\"449\" height=\"251\"\/><\/figure><\/div>\n\n\n\n<p class=\"wp-block-paragraph\">El 8 de diciembre de 1854 el papa P\u00edo IX declar\u00f3 el\nDogma de la Inmaculada Concepci\u00f3n de Mar\u00eda, en el que se exim\u00eda a Mar\u00eda de todo\ntipo de culpa o pecado por la concepci\u00f3n de Jes\u00fas.&nbsp; A partir de la declaraci\u00f3n del papa P\u00edo IX,\nel 8 de diciembre se festeja el d\u00eda de la Inmaculada Concepci\u00f3n de Mar\u00eda es\ndecir, el d\u00eda que San Joaqu\u00edn y Santa Ana concibieron a la Virgen Mar\u00eda. <\/p>\n\n\n\n<p class=\"wp-block-paragraph\">La tradici\u00f3n de armar el \u00e1rbol de Navidad el d\u00eda de\nla Inmaculada Concepci\u00f3n es t\u00edpica de Italia y se ha difundido a pa\u00edses como\nArgentina, donde hay gran cantidad de inmigrantes italianos. A su vez, desde\nArgentina, la tradici\u00f3n se ha expandido a casi todo Am\u00e9rica del Sur.<\/p>\n\n\n\n<figure class=\"wp-block-image\"><img loading=\"lazy\" decoding=\"async\" width=\"1024\" height=\"683\" src=\"https:\/\/www.jotaposta.com.ar\/wp-content\/uploads\/2019\/12\/arbolnavidad4-1024x683.jpg\" alt=\"\" class=\"wp-image-4842\" srcset=\"https:\/\/jotaposta.com.ar\/jposta\/wp-content\/uploads\/2019\/12\/arbolnavidad4-1024x683.jpg 1024w, https:\/\/jotaposta.com.ar\/jposta\/wp-content\/uploads\/2019\/12\/arbolnavidad4-300x200.jpg 300w, https:\/\/jotaposta.com.ar\/jposta\/wp-content\/uploads\/2019\/12\/arbolnavidad4-768x512.jpg 768w, https:\/\/jotaposta.com.ar\/jposta\/wp-content\/uploads\/2019\/12\/arbolnavidad4.jpg 1200w\" sizes=\"auto, (max-width: 1024px) 100vw, 1024px\" \/><\/figure>\n\n\n\n<p class=\"wp-block-paragraph\">No hay una \u00fanica versi\u00f3n sobre qu\u00e9 simboliza el\n\u00e1rbol de Navidad, ni hay una fecha oficial para armarlo. Sin embargo la versi\u00f3n\nm\u00e1s aceptada es que el \u00e1rbol simboliza la vida, el universo y el amor de Dios,\ny se arma el d\u00eda en que fue concebida la Virgen Mar\u00eda, que fue quien trajo al\nmundo a Jes\u00fas, salvador de los cristianos. <\/p>\n\n\n\n<p class=\"has-medium-font-size wp-block-paragraph\"><strong>El \u201cprimer Arbolito\u201d en Argentina<\/strong><\/p>\n\n\n\n<figure class=\"wp-block-image\"><img loading=\"lazy\" decoding=\"async\" width=\"1024\" height=\"683\" src=\"https:\/\/www.jotaposta.com.ar\/wp-content\/uploads\/2019\/12\/arbolnavidad5-1024x683.jpg\" alt=\"\" class=\"wp-image-4846\" srcset=\"https:\/\/jotaposta.com.ar\/jposta\/wp-content\/uploads\/2019\/12\/arbolnavidad5-1024x683.jpg 1024w, https:\/\/jotaposta.com.ar\/jposta\/wp-content\/uploads\/2019\/12\/arbolnavidad5-300x200.jpg 300w, https:\/\/jotaposta.com.ar\/jposta\/wp-content\/uploads\/2019\/12\/arbolnavidad5-768x512.jpg 768w, https:\/\/jotaposta.com.ar\/jposta\/wp-content\/uploads\/2019\/12\/arbolnavidad5-1536x1024.jpg 1536w, https:\/\/jotaposta.com.ar\/jposta\/wp-content\/uploads\/2019\/12\/arbolnavidad5-2048x1365.jpg 2048w\" sizes=\"auto, (max-width: 1024px) 100vw, 1024px\" \/><\/figure>\n\n\n\n<p class=\"wp-block-paragraph\">En la Argentina se arm\u00f3 por\nprimera vez en Diciembre de 1807, seg\u00fan relata los diarios de esa \u00e9poca, un\nirland\u00e9s que deseaba recordar las costumbres de su pa\u00eds decor\u00f3 un pino en una\nplaza p\u00fablica.<\/p>\n","protected":false},"excerpt":{"rendered":"<p>Llega diciembre y, por supuesto, con las reuniones y despedidas de a\u00f1o tambi\u00e9n llega Navidad, A\u00f1o Nuevo y se acerca la noche de Reyes. Estas fiestas son celebradas a lo largo de todo el mundo Occidental, y tienen un fuerte componente religioso. La Navidad es la celebraci\u00f3n del nacimiento del ni\u00f1o Jes\u00fas, y el A\u00f1o &hellip;<\/p>\n","protected":false},"author":1,"featured_media":4845,"comment_status":"open","ping_status":"open","sticky":false,"template":"","format":"standard","meta":{"pagelayer_contact_templates":[],"_pagelayer_content":"","iawp_total_views":7,"footnotes":""},"categories":[6],"tags":[],"class_list":["post-4841","post","type-post","status-publish","format-standard","has-post-thumbnail","hentry","category-jp-apostillas"],"_links":{"self":[{"href":"https:\/\/jotaposta.com.ar\/jposta\/wp-json\/wp\/v2\/posts\/4841","targetHints":{"allow":["GET"]}}],"collection":[{"href":"https:\/\/jotaposta.com.ar\/jposta\/wp-json\/wp\/v2\/posts"}],"about":[{"href":"https:\/\/jotaposta.com.ar\/jposta\/wp-json\/wp\/v2\/types\/post"}],"author":[{"embeddable":true,"href":"https:\/\/jotaposta.com.ar\/jposta\/wp-json\/wp\/v2\/users\/1"}],"replies":[{"embeddable":true,"href":"https:\/\/jotaposta.com.ar\/jposta\/wp-json\/wp\/v2\/comments?post=4841"}],"version-history":[{"count":0,"href":"https:\/\/jotaposta.com.ar\/jposta\/wp-json\/wp\/v2\/posts\/4841\/revisions"}],"wp:featuredmedia":[{"embeddable":true,"href":"https:\/\/jotaposta.com.ar\/jposta\/wp-json\/wp\/v2\/media\/4845"}],"wp:attachment":[{"href":"https:\/\/jotaposta.com.ar\/jposta\/wp-json\/wp\/v2\/media?parent=4841"}],"wp:term":[{"taxonomy":"category","embeddable":true,"href":"https:\/\/jotaposta.com.ar\/jposta\/wp-json\/wp\/v2\/categories?post=4841"},{"taxonomy":"post_tag","embeddable":true,"href":"https:\/\/jotaposta.com.ar\/jposta\/wp-json\/wp\/v2\/tags?post=4841"}],"curies":[{"name":"wp","href":"https:\/\/api.w.org\/{rel}","templated":true}]}}