{"id":4705,"date":"2019-11-19T12:47:26","date_gmt":"2019-11-19T15:47:26","guid":{"rendered":"https:\/\/www.jotaposta.com.ar\/?p=4705"},"modified":"2019-11-19T12:47:26","modified_gmt":"2019-11-19T15:47:26","slug":"el-tenor-rafale-cini-presenta-su-gala-de-navidad","status":"publish","type":"post","link":"https:\/\/jotaposta.com.ar\/jposta\/2019\/11\/19\/el-tenor-rafale-cini-presenta-su-gala-de-navidad\/","title":{"rendered":"El Tenor, Rafale Cini, Presenta su &quot;Gala de Navidad&quot;"},"content":{"rendered":"\n<p class=\"wp-block-paragraph\">Cada vez falta menos para la llegada de la Navidad y en <strong>#JotaPosta<\/strong> nos vamos aclimatandonos y palpitando el esp\u00edritu del 25.<\/p>\n\n\n\n<p class=\"wp-block-paragraph\">En esta oportunidad recomendamos e invitamos a la presentaci\u00f3n del T<strong>enor\u00a0Rom\u00e1ntico\u00a0Argentino, Rafael Cini,<\/strong> quien\u00a0presentar\u00e1 una selecci\u00f3n de las m\u00e1s afamadas melod\u00edas rom\u00e1nticas, internacionales, canzonetas napolitanas, y \u00e1reas de \u00f3pera adem\u00e1s de tradicionales canciones navide\u00f1as, acompa\u00f1ado por sus m\u00fasicos, y presentando como artistas invitados a la soprano internacional\u00a0Gilda\u00a0Giancaspro, el cantor de tangos\u00a0Alberto\u00a0Bianco\u00a0y el juglar de la noche de Buenos Aires,\u00a0Walter\u00a0Acosta.<\/p>\n\n\n\n<p class=\"wp-block-paragraph\">Rafael&nbsp;Cini&nbsp;tiene\nmucho que festejar en un a\u00f1o que lo ha tenido de gira por octava vez\nconsecutiva en Europa, con especial menci\u00f3n de Sorrento y la costa Amalfitana\ndonde ha sido declarado \u201cEmbajador de la m\u00fasica Napolitana para el mundo\u201d; ha\nrealizado shows por el interior del pa\u00eds y especialmente en la Ciudad de Buenos\nAires, por lo que en este 2019 ha sido destacado por la Legislatura Porte\u00f1a\ncomo \u201cPersonalidad destacada de la Cultura de la Ciudad de Buenos Aires\u201d; por\notra parte se encuentra en etapa de producci\u00f3n de su octavo trabajo\ndiscogr\u00e1fico con lanzamiento en mayo 2020; y preparando su gira 2020 por\nEuropa.<\/p>\n\n\n\n<p class=\"wp-block-paragraph\">Recordemos que\u00a0Rafael\u00a0Cini\u00a0es un tenor argentino multipremiado, con reputaci\u00f3n internacional que lo ha llevado a ganar Festivales de la Canci\u00f3n en Espa\u00f1a, Per\u00fa, Puerto Rico, Argentina e Italia. Ha sido protagonista de numerosos \u00e9xitos teatrales y musicales, con gigantes de la escena como\u00a0Alejandro Romay,\u00a0Nito Artaza,\u00a0Moria Cas\u00e1n,\u00a0Ra\u00fal Lavie,\u00a0Tincho Zabala,\u00a0Jorge Corona,\u00a0Adriana Aguirre, Maria Marta Serra Lima,\u00a0El Puma Jos\u00e9 Luis Rodriguez\u00a0y tant\u00edsimos m\u00e1s.<\/p>\n\n\n\n<figure class=\"wp-block-embed-youtube wp-block-embed is-type-video is-provider-youtube wp-embed-aspect-4-3 wp-has-aspect-ratio\"><div class=\"wp-block-embed__wrapper\">\n<iframe loading=\"lazy\" title=\"El Tenor Romantico Rafael Cini\" width=\"500\" height=\"375\" src=\"https:\/\/www.youtube.com\/embed\/b6XhXoezgCA?feature=oembed\" frameborder=\"0\" allow=\"accelerometer; autoplay; clipboard-write; encrypted-media; gyroscope; picture-in-picture; web-share\" referrerpolicy=\"strict-origin-when-cross-origin\" allowfullscreen><\/iframe>\n<\/div><\/figure>\n\n\n\n<p class=\"has-medium-font-size wp-block-paragraph\"><strong>Donde y Cuando?<\/strong><\/p>\n\n\n\n<p class=\"wp-block-paragraph\">El 7 de\nDiciembre de 2019 nuevamente en la m\u00edtica Avenida Corrientes, esta vez en el\nrenovado teatro La Casona. Av. Corrientes 1975. CABA. a las 21.30 hs. Entradas\ndesde $600-. en venta en Boleter\u00eda y&nbsp;<a href=\"http:\/\/www.plateanet.com\/\" target=\"_blank\" rel=\"noreferrer noopener\">www.plateanet.com<\/a><\/p>\n\n\n\n<p class=\"has-small-font-size wp-block-paragraph\"><\/p>\n\n\n\n<p class=\"wp-block-paragraph\"><\/p>\n\n\n\n<p class=\"wp-block-paragraph\"><\/p>\n\n\n\n\n\n<p class=\"has-small-font-size wp-block-paragraph\"><em>Agradecemos gesti\u00f3n prensa Alfredo Monserrat * <\/em><a rel=\"noreferrer noopener\" href=\"mailto:alfredomonserrat@gmail.com\" target=\"_blank\"><em>alfredomonserrat@gmail.com<\/em><\/a><\/p>\n","protected":false},"excerpt":{"rendered":"<p>Cada vez falta menos para la llegada de la Navidad y en #JotaPosta nos vamos aclimatandonos y palpitando el esp\u00edritu del 25. En esta oportunidad recomendamos e invitamos a la presentaci\u00f3n del Tenor\u00a0Rom\u00e1ntico\u00a0Argentino, Rafael Cini, quien\u00a0presentar\u00e1 una selecci\u00f3n de las m\u00e1s afamadas melod\u00edas rom\u00e1nticas, internacionales, canzonetas napolitanas, y \u00e1reas de \u00f3pera adem\u00e1s de tradicionales canciones &hellip;<\/p>\n","protected":false},"author":1,"featured_media":4706,"comment_status":"open","ping_status":"open","sticky":false,"template":"","format":"standard","meta":{"pagelayer_contact_templates":[],"_pagelayer_content":"","iawp_total_views":7,"footnotes":""},"categories":[3,5],"tags":[],"class_list":["post-4705","post","type-post","status-publish","format-standard","has-post-thumbnail","hentry","category-actualidad","category-jp-agenda"],"_links":{"self":[{"href":"https:\/\/jotaposta.com.ar\/jposta\/wp-json\/wp\/v2\/posts\/4705","targetHints":{"allow":["GET"]}}],"collection":[{"href":"https:\/\/jotaposta.com.ar\/jposta\/wp-json\/wp\/v2\/posts"}],"about":[{"href":"https:\/\/jotaposta.com.ar\/jposta\/wp-json\/wp\/v2\/types\/post"}],"author":[{"embeddable":true,"href":"https:\/\/jotaposta.com.ar\/jposta\/wp-json\/wp\/v2\/users\/1"}],"replies":[{"embeddable":true,"href":"https:\/\/jotaposta.com.ar\/jposta\/wp-json\/wp\/v2\/comments?post=4705"}],"version-history":[{"count":0,"href":"https:\/\/jotaposta.com.ar\/jposta\/wp-json\/wp\/v2\/posts\/4705\/revisions"}],"wp:featuredmedia":[{"embeddable":true,"href":"https:\/\/jotaposta.com.ar\/jposta\/wp-json\/wp\/v2\/media\/4706"}],"wp:attachment":[{"href":"https:\/\/jotaposta.com.ar\/jposta\/wp-json\/wp\/v2\/media?parent=4705"}],"wp:term":[{"taxonomy":"category","embeddable":true,"href":"https:\/\/jotaposta.com.ar\/jposta\/wp-json\/wp\/v2\/categories?post=4705"},{"taxonomy":"post_tag","embeddable":true,"href":"https:\/\/jotaposta.com.ar\/jposta\/wp-json\/wp\/v2\/tags?post=4705"}],"curies":[{"name":"wp","href":"https:\/\/api.w.org\/{rel}","templated":true}]}}