{"id":4655,"date":"2019-10-23T09:17:16","date_gmt":"2019-10-23T12:17:16","guid":{"rendered":"https:\/\/www.jotaposta.com.ar\/?p=4655"},"modified":"2019-10-23T09:17:16","modified_gmt":"2019-10-23T12:17:16","slug":"la-derecha-latinoamericana-se-pudre","status":"publish","type":"post","link":"https:\/\/jotaposta.com.ar\/jposta\/2019\/10\/23\/la-derecha-latinoamericana-se-pudre\/","title":{"rendered":"La Derecha Latinoamericana se Pudre."},"content":{"rendered":"\n<p class=\"wp-block-paragraph\">Especial &#8211; \u00a0Emir Sader (*)<\/p>\n\n\n\n<p class=\"wp-block-paragraph\">El retorno euf\u00f3rico de la derecha a los gobiernos\nlatinoamericanos produjo la derrota espectacular de Mauricio Macri, el estado\nde excepci\u00f3n de Len\u00edn Moreno en Ecuador para intentar contener la ira popular\nen contra de su paquete neoliberal y la proyecci\u00f3n de Bolsonaro como el m\u00e1s\nrid\u00edculo y grotesco jefe de Estado del mundo. Esos eran los personajes que iban\nsupuestamente a sanear las finanzas p\u00fablicas, recuperar el prestigio\ninternacional de nuestros pa\u00edses, terminar con la corrupci\u00f3n, superar a los\ngobiernos populistas y lograr estabilidad, desarrollo y bienestar social.<\/p>\n\n\n\n<figure class=\"wp-block-image\"><img loading=\"lazy\" decoding=\"async\" width=\"1024\" height=\"528\" src=\"https:\/\/www.jotaposta.com.ar\/wp-content\/uploads\/2019\/10\/derechlatina-f1-1024x528.jpg\" alt=\"\" class=\"wp-image-4657\" srcset=\"https:\/\/jotaposta.com.ar\/jposta\/wp-content\/uploads\/2019\/10\/derechlatina-f1-1024x528.jpg 1024w, https:\/\/jotaposta.com.ar\/jposta\/wp-content\/uploads\/2019\/10\/derechlatina-f1-300x155.jpg 300w, https:\/\/jotaposta.com.ar\/jposta\/wp-content\/uploads\/2019\/10\/derechlatina-f1-768x396.jpg 768w, https:\/\/jotaposta.com.ar\/jposta\/wp-content\/uploads\/2019\/10\/derechlatina-f1.jpg 1310w\" sizes=\"auto, (max-width: 1024px) 100vw, 1024px\" \/><\/figure>\n\n\n\n<p class=\"wp-block-paragraph\">Han pasado pocos a\u00f1os, no muchos meses, para que los heroicos personajes de la restauraci\u00f3n neoliberal sean personajes ridiculizados \u2013Macri, Len\u00edn Moreno, Bolsonaro.<em> \u00bfQui\u00e9n da algo por ellos? Quien cree que Macri va a dar vuelta las elecciones argentinas? Qui\u00e9n cree que Moreno va a lograr salir indemne de la crisis ecuatoriana actual? Qui\u00e9n cree que Bolsonaro es el futuro de Brasil?<\/em><\/p>\n\n\n\n<figure class=\"wp-block-image\"><img loading=\"lazy\" decoding=\"async\" width=\"1024\" height=\"576\" src=\"https:\/\/www.jotaposta.com.ar\/wp-content\/uploads\/2019\/10\/ChileProstestas2019-f10-1024x576.jpg\" alt=\"\" class=\"wp-image-4638\" srcset=\"https:\/\/jotaposta.com.ar\/jposta\/wp-content\/uploads\/2019\/10\/ChileProstestas2019-f10-1024x576.jpg 1024w, https:\/\/jotaposta.com.ar\/jposta\/wp-content\/uploads\/2019\/10\/ChileProstestas2019-f10-300x169.jpg 300w, https:\/\/jotaposta.com.ar\/jposta\/wp-content\/uploads\/2019\/10\/ChileProstestas2019-f10-768x432.jpg 768w, https:\/\/jotaposta.com.ar\/jposta\/wp-content\/uploads\/2019\/10\/ChileProstestas2019-f10-1536x864.jpg 1536w, https:\/\/jotaposta.com.ar\/jposta\/wp-content\/uploads\/2019\/10\/ChileProstestas2019-f10-390x220.jpg 390w, https:\/\/jotaposta.com.ar\/jposta\/wp-content\/uploads\/2019\/10\/ChileProstestas2019-f10.jpg 1600w\" sizes=\"auto, (max-width: 1024px) 100vw, 1024px\" \/><\/figure>\n\n\n\n<p class=\"wp-block-paragraph\">La derecha lleg\u00f3 al poder en pa\u00edses que hab\u00edan\nvuelto a crecer, hab\u00edan disminuido la desigualdad y ten\u00edan buenas relaciones de\ncooperaci\u00f3n con sus vecinos. Pa\u00edses que lograron estabilidad pol\u00edtica,\nconvivencia pac\u00edfica y democr\u00e1tica entre las fuerzas pol\u00edticas, sociales y\nculturales, con un Estado garante de los derechos de todos.&nbsp;<\/p>\n\n\n\n<figure class=\"wp-block-image\"><img loading=\"lazy\" decoding=\"async\" width=\"1024\" height=\"576\" src=\"https:\/\/www.jotaposta.com.ar\/wp-content\/uploads\/2019\/10\/Bolsonaro-1024x576.jpg\" alt=\"\" class=\"wp-image-4658\" srcset=\"https:\/\/jotaposta.com.ar\/jposta\/wp-content\/uploads\/2019\/10\/Bolsonaro-1024x576.jpg 1024w, https:\/\/jotaposta.com.ar\/jposta\/wp-content\/uploads\/2019\/10\/Bolsonaro-300x169.jpg 300w, https:\/\/jotaposta.com.ar\/jposta\/wp-content\/uploads\/2019\/10\/Bolsonaro-768x432.jpg 768w, https:\/\/jotaposta.com.ar\/jposta\/wp-content\/uploads\/2019\/10\/Bolsonaro-1536x864.jpg 1536w, https:\/\/jotaposta.com.ar\/jposta\/wp-content\/uploads\/2019\/10\/Bolsonaro-390x220.jpg 390w, https:\/\/jotaposta.com.ar\/jposta\/wp-content\/uploads\/2019\/10\/Bolsonaro.jpg 1600w\" sizes=\"auto, (max-width: 1024px) 100vw, 1024px\" \/><figcaption>Jair Messias Bolsonaro \u200b &#8211; Foto AFP<\/figcaption><\/figure>\n\n\n\n<p class=\"wp-block-paragraph\">Basta mirar cu\u00e1l es la situaci\u00f3n de pa\u00edses como\nArgentina, Brasil y Ecuador, entregados a la recesi\u00f3n, al desempleo, a la\nmiseria, a la p\u00e9rdida de apoyo y de legitimidad de sus gobiernos. La derecha ha\nhecho todos sus esfuerzos, legales e ilegales, para frenar a los gobiernos de\nizquierda y volver a la presidencia de esos pa\u00edses.&nbsp;<\/p>\n\n\n\n<p class=\"wp-block-paragraph\">Lo que era Ecuador de Rafael Correa y lo que se\nha vuelto en manos de alguien elegido en base al \u00e9xito de aqu\u00e9l, para luego\ntraicionar todo para lo que fue elegido, hacer lo que la derecha planteaba y\ntirar al pais al borde del caos, con ocupaci\u00f3n militar de las calles de\nEcuador!<\/p>\n\n\n\n<figure class=\"wp-block-image\"><img loading=\"lazy\" decoding=\"async\" width=\"1024\" height=\"576\" src=\"https:\/\/www.jotaposta.com.ar\/wp-content\/uploads\/2019\/10\/ChileProstestas2019-f6-1024x576.jpg\" alt=\"\" class=\"wp-image-4642\" srcset=\"https:\/\/jotaposta.com.ar\/jposta\/wp-content\/uploads\/2019\/10\/ChileProstestas2019-f6-1024x576.jpg 1024w, https:\/\/jotaposta.com.ar\/jposta\/wp-content\/uploads\/2019\/10\/ChileProstestas2019-f6-300x169.jpg 300w, https:\/\/jotaposta.com.ar\/jposta\/wp-content\/uploads\/2019\/10\/ChileProstestas2019-f6-768x432.jpg 768w, https:\/\/jotaposta.com.ar\/jposta\/wp-content\/uploads\/2019\/10\/ChileProstestas2019-f6-1536x864.jpg 1536w, https:\/\/jotaposta.com.ar\/jposta\/wp-content\/uploads\/2019\/10\/ChileProstestas2019-f6-390x220.jpg 390w, https:\/\/jotaposta.com.ar\/jposta\/wp-content\/uploads\/2019\/10\/ChileProstestas2019-f6.jpg 1600w\" sizes=\"auto, (max-width: 1024px) 100vw, 1024px\" \/><figcaption>Foto AFP<\/figcaption><\/figure>\n\n\n\n<p class=\"wp-block-paragraph\">Lo que era Brasil de Lula, pa\u00eds respetado a\nescala mundial, con un presidente que ha dejado su mandato con el 80 por ciento\nde referencias negativas en los medios, pero con el 87 por ciento de apoyo de\nla poblaci\u00f3n. Brasil crec\u00eda y distribu\u00eda renta, saliendo del Mapa del hambre. Y\nlo que es en manos de un presidente que nadie respeta, que ha tirado el pa\u00eds a\nla miseria y a la violencia desenfrenada.<\/p>\n\n\n\n<figure class=\"wp-block-image\"><img loading=\"lazy\" decoding=\"async\" width=\"1024\" height=\"584\" src=\"https:\/\/www.jotaposta.com.ar\/wp-content\/uploads\/2019\/10\/izquierda-latina-1024x584.png\" alt=\"\" class=\"wp-image-4659\" srcset=\"https:\/\/jotaposta.com.ar\/jposta\/wp-content\/uploads\/2019\/10\/izquierda-latina-1024x584.png 1024w, https:\/\/jotaposta.com.ar\/jposta\/wp-content\/uploads\/2019\/10\/izquierda-latina-300x171.png 300w, https:\/\/jotaposta.com.ar\/jposta\/wp-content\/uploads\/2019\/10\/izquierda-latina-768x438.png 768w, https:\/\/jotaposta.com.ar\/jposta\/wp-content\/uploads\/2019\/10\/izquierda-latina.png 1392w\" sizes=\"auto, (max-width: 1024px) 100vw, 1024px\" \/><figcaption>Foto AFP<\/figcaption><\/figure>\n\n\n\n<p class=\"wp-block-paragraph\">N\u00e9stor y Cristina rescataron a Argentina de la\npeor crisis de su historia, logrando que el pa\u00eds vuelva a desarrollarse y a\ngenerar empleos. Lograron superar el endeudamiento con el FMI y que el pa\u00eds\nvuelva a ser respetado en el mundo. En comparaci\u00edn con el pa\u00eds que Macri no\ntiene verg\u00fcenza de entregar de vuelta a las fuerzas democr\u00e1ticas, un pa\u00eds que\ncumple tres a\u00f1os de estanflaci\u00f3n, con el pueblo sufriendo miseria y hambre.<\/p>\n\n\n\n<p class=\"wp-block-paragraph\">Pero hay una l\u00f3gica en la locura de lo que la\nderecha hace en esos pa\u00edses y quiere hacer en otros. Su rol es, antes que nada,\nbuscar quitar legitimidad y apoyo popular a los liderazgos populares m\u00e1s\nimportantes que esos pa\u00edses han tenido. Esos l\u00edderes han sido transformados en\nlos principales enemigos de las oligarqu\u00edas locales y de la pol\u00edtica\nnorteamericana, porque con sus politicas han conquistado la confianza de sus\npueblos y el prestigio internacional, privilegiando los procesos de integraci\u00f3n\nregional y no los tratado de libre comercio con EE.UU.<\/p>\n\n\n\n<div class=\"wp-block-image\"><figure class=\"aligncenter is-resized\"><img loading=\"lazy\" decoding=\"async\" src=\"https:\/\/www.jotaposta.com.ar\/wp-content\/uploads\/2019\/10\/MAcri-y-FMI.jpg\" alt=\"\" class=\"wp-image-4660\" width=\"558\" height=\"312\"\/><figcaption>Foto AFP<\/figcaption><\/figure><\/div>\n\n\n\n<p class=\"wp-block-paragraph\">En segundo lugar, buscaron sustituir pol\u00edticas\necon\u00f3micas que han privilegiado el desarrollo del mercado interno con el\nretorno de las pol\u00edticas de ajuste fiscal, que promueven los intereses del\ncapital financiero. Retoman el modelo neoliberal, vigente en el capitalismo\nmundial, a pesar de que ha llevado a las grandes potencias a una profunda y\nprolongada recesi\u00f3n. Sacar el modelo antineoliberal es terminar con un ejemplo\nde pol\u00edtica econ\u00f3mica alternativa, que prueba que no hay un solo camino, como\nel Consenso de Washington y el pensamiento \u00fanico tratan de imponer.<\/p>\n\n\n\n<p class=\"wp-block-paragraph\">La derecha latinoamericana retom\u00f3 los gobiernos de pa\u00edses como Argentina, Brasil, Ecuador, y ha demostrado que no han aprendido nada de su fracaso anterior y del \u00e9xito de los gobiernos progresistas. Fracasan de nuevo, fracasan m\u00e1s, son y ser\u00e1n derrotados de nuevo.<\/p>\n\n\n\n<p class=\"wp-block-paragraph\"><\/p>\n\n\n\n<div class=\"wp-block-image\"><figure class=\"alignright\"><img loading=\"lazy\" decoding=\"async\" width=\"275\" height=\"183\" src=\"https:\/\/jotaposta.com.ar\/jposta\/wp-content\/uploads\/2019\/10\/Emir-Sader.jpg\" alt=\"\" class=\"wp-image-4656\"\/><figcaption>Emir Sader<\/figcaption><\/figure><\/div>\n\n\n\n<p class=\"wp-block-paragraph\"><em>(*) Emir Sim\u00e3o Sader es un soci\u00f3logo y polit\u00f3logo brasile\u00f1o. De origen liban\u00e9s, se gradu\u00f3 en Filosof\u00eda por la Universidad de S\u00e3o Paulo, donde obtuvo una maestr\u00eda en filosof\u00eda pol\u00edtica y un doctorado en Ciencias Pol\u00edticas.\u00a0 <\/em><\/p>\n","protected":false},"excerpt":{"rendered":"<p>Especial &#8211; \u00a0Emir Sader (*) El retorno euf\u00f3rico de la derecha a los gobiernos latinoamericanos produjo la derrota espectacular de Mauricio Macri, el estado de excepci\u00f3n de Len\u00edn Moreno en Ecuador para intentar contener la ira popular en contra de su paquete neoliberal y la proyecci\u00f3n de Bolsonaro como el m\u00e1s rid\u00edculo y grotesco jefe &hellip;<\/p>\n","protected":false},"author":1,"featured_media":4665,"comment_status":"open","ping_status":"open","sticky":false,"template":"","format":"standard","meta":{"pagelayer_contact_templates":[],"_pagelayer_content":"","iawp_total_views":10,"footnotes":""},"categories":[3,15],"tags":[],"class_list":["post-4655","post","type-post","status-publish","format-standard","has-post-thumbnail","hentry","category-actualidad","category-jp-editorial"],"_links":{"self":[{"href":"https:\/\/jotaposta.com.ar\/jposta\/wp-json\/wp\/v2\/posts\/4655","targetHints":{"allow":["GET"]}}],"collection":[{"href":"https:\/\/jotaposta.com.ar\/jposta\/wp-json\/wp\/v2\/posts"}],"about":[{"href":"https:\/\/jotaposta.com.ar\/jposta\/wp-json\/wp\/v2\/types\/post"}],"author":[{"embeddable":true,"href":"https:\/\/jotaposta.com.ar\/jposta\/wp-json\/wp\/v2\/users\/1"}],"replies":[{"embeddable":true,"href":"https:\/\/jotaposta.com.ar\/jposta\/wp-json\/wp\/v2\/comments?post=4655"}],"version-history":[{"count":0,"href":"https:\/\/jotaposta.com.ar\/jposta\/wp-json\/wp\/v2\/posts\/4655\/revisions"}],"wp:featuredmedia":[{"embeddable":true,"href":"https:\/\/jotaposta.com.ar\/jposta\/wp-json\/wp\/v2\/media\/4665"}],"wp:attachment":[{"href":"https:\/\/jotaposta.com.ar\/jposta\/wp-json\/wp\/v2\/media?parent=4655"}],"wp:term":[{"taxonomy":"category","embeddable":true,"href":"https:\/\/jotaposta.com.ar\/jposta\/wp-json\/wp\/v2\/categories?post=4655"},{"taxonomy":"post_tag","embeddable":true,"href":"https:\/\/jotaposta.com.ar\/jposta\/wp-json\/wp\/v2\/tags?post=4655"}],"curies":[{"name":"wp","href":"https:\/\/api.w.org\/{rel}","templated":true}]}}