{"id":4125,"date":"2019-08-05T18:53:53","date_gmt":"2019-08-05T21:53:53","guid":{"rendered":"https:\/\/www.jotaposta.com.ar\/?p=4125"},"modified":"2019-08-05T18:53:53","modified_gmt":"2019-08-05T21:53:53","slug":"el-bellas-artes-presenta-una-gran-muestra-homenaje-a-julio-le-parc","status":"publish","type":"post","link":"https:\/\/jotaposta.com.ar\/jposta\/2019\/08\/05\/el-bellas-artes-presenta-una-gran-muestra-homenaje-a-julio-le-parc\/","title":{"rendered":"El Bellas Artes presenta una gran muestra homenaje a Julio Le Parc"},"content":{"rendered":"\n<p class=\"wp-block-paragraph\">El Museo Nacional de Bellas Artes inaugurar\u00e1 el mi\u00e9rcoles 21 de agosto, a las 18, la muestra <strong>\u201cJulio Le Parc. Transici\u00f3n Buenos Aires-Par\u00eds (1955-1959)\u201d<\/strong>, que presentar\u00e1 en el Pabell\u00f3n de exposiciones temporarias un centenar de pinturas, dibujos, acuarelas y grabados, algunos de ellos nunca exhibidos, que ponen en relieve la obra temprana del gran artista argentino.<br \/><\/p>\n\n\n\n<figure class=\"wp-block-image\"><img loading=\"lazy\" decoding=\"async\" width=\"471\" height=\"640\" src=\"https:\/\/jotaposta.com.ar\/jposta\/wp-content\/uploads\/2019\/08\/48373578051_c2a7295d6c_z.jpg\" alt=\"\" class=\"wp-image-4126\" srcset=\"https:\/\/jotaposta.com.ar\/jposta\/wp-content\/uploads\/2019\/08\/48373578051_c2a7295d6c_z.jpg 471w, https:\/\/jotaposta.com.ar\/jposta\/wp-content\/uploads\/2019\/08\/48373578051_c2a7295d6c_z-221x300.jpg 221w\" sizes=\"auto, (max-width: 471px) 100vw, 471px\" \/><figcaption>Foto Gentileza Prensa<\/figcaption><\/figure>\n\n\n\n<p class=\"wp-block-paragraph\">La exposici\u00f3n, que rinde homenaje al creador nacido en Mendoza hace 90 a\u00f1os, indaga sobre el impacto de sus primeras experiencias, que precedieron a la consolidaci\u00f3n de Le Parc como figura clave del arte local e internacional.<br \/><\/p>\n\n\n\n<figure class=\"wp-block-image\"><img loading=\"lazy\" decoding=\"async\" width=\"625\" height=\"639\" src=\"https:\/\/jotaposta.com.ar\/jposta\/wp-content\/uploads\/2019\/08\/48373579376_c23ff42f06_z.jpg\" alt=\"\" class=\"wp-image-4129\" srcset=\"https:\/\/jotaposta.com.ar\/jposta\/wp-content\/uploads\/2019\/08\/48373579376_c23ff42f06_z.jpg 625w, https:\/\/jotaposta.com.ar\/jposta\/wp-content\/uploads\/2019\/08\/48373579376_c23ff42f06_z-293x300.jpg 293w\" sizes=\"auto, (max-width: 625px) 100vw, 625px\" \/><figcaption>Foto Gentileza Prensa<\/figcaption><\/figure>\n\n\n\n<p class=\"wp-block-paragraph\"><em>\u201cLa obra de <a href=\"https:\/\/es.wikipedia.org\/wiki\/Julio_Le_Parc\">Julio Le Parc<\/a> concita desde siempre un feliz sobresalto\u201d<\/em>, afirma el director del Bellas Artes, Andr\u00e9s Duprat. \u201c<em>El Museo acoge esta muestra homenaje al gran maestro argentino con la certeza de que sus creaciones, en las que se cifran buena parte de las escuelas pl\u00e1sticas en que inscribi\u00f3 su labor \u2013abstracci\u00f3n, arte cin\u00e9tico, conceptualismo, op art\u2013, permiten retomar el di\u00e1logo con la tradici\u00f3n universal desde un lenguaje fiel a s\u00ed mismo que captura los dilemas de cada \u00e9poca con la potencia interpelante de toda novedad radical\u201d.<\/em><br \/><\/p>\n\n\n\n<figure class=\"wp-block-image\"><img loading=\"lazy\" decoding=\"async\" width=\"623\" height=\"640\" src=\"https:\/\/jotaposta.com.ar\/jposta\/wp-content\/uploads\/2019\/08\/48373580151_f4e0a05183_z.jpg\" alt=\"\" class=\"wp-image-4128\" srcset=\"https:\/\/jotaposta.com.ar\/jposta\/wp-content\/uploads\/2019\/08\/48373580151_f4e0a05183_z.jpg 623w, https:\/\/jotaposta.com.ar\/jposta\/wp-content\/uploads\/2019\/08\/48373580151_f4e0a05183_z-292x300.jpg 292w\" sizes=\"auto, (max-width: 623px) 100vw, 623px\" \/><figcaption>Foto Gentileza Prensa<\/figcaption><\/figure>\n\n\n\n<p class=\"wp-block-paragraph\">Curada por la directora art\u00edstica del Bellas Artes, Mariana Marchesi, la exhibici\u00f3n abarca un per\u00edodo fechado entre las d\u00e9cadas de 1950-1960, desde sus \u00e9pocas de estudiante en la Escuela Nacional de Bellas Artes de Buenos Aires hasta sus primeros a\u00f1os en Par\u00eds, donde fund\u00f3 el Grupo de Investigaci\u00f3n de Arte Visual (GRAV) y realiz\u00f3 sus experiencias iniciales con la abstracci\u00f3n geom\u00e9trica. <br \/><\/p>\n\n\n\n<p class=\"wp-block-paragraph\">Acompa\u00f1ar\u00e1 la exposici\u00f3n un cat\u00e1logo biling\u00fce espa\u00f1ol-ingl\u00e9s, editado por el Museo, que re\u00fane el cuerpo de obra exhibido e incluye textos de Julio Le Parc, Andr\u00e9s Duprat, Mariana Marchesi, una cronolog\u00eda de los a\u00f1os abarcados por la muestra, y un ensayo exhaustivo de la investigadora Silvia Dolinko que analiza el rol de las t\u00e9cnicas gr\u00e1ficas en los a\u00f1os de estudiante de Le Parc y en el modo en que le abri\u00f3 camino hacia sus futuras propuestas de renovaci\u00f3n. <br \/><\/p>\n\n\n\n<figure class=\"wp-block-image\"><img loading=\"lazy\" decoding=\"async\" width=\"625\" height=\"639\" src=\"https:\/\/jotaposta.com.ar\/jposta\/wp-content\/uploads\/2019\/08\/48373579376_c23ff42f06_z-1.jpg\" alt=\"\" class=\"wp-image-4127\" srcset=\"https:\/\/jotaposta.com.ar\/jposta\/wp-content\/uploads\/2019\/08\/48373579376_c23ff42f06_z-1.jpg 625w, https:\/\/jotaposta.com.ar\/jposta\/wp-content\/uploads\/2019\/08\/48373579376_c23ff42f06_z-1-293x300.jpg 293w\" sizes=\"auto, (max-width: 625px) 100vw, 625px\" \/><figcaption>Foto Gentileza Prensa\n<\/figcaption><\/figure>\n\n\n\n<p class=\"has-medium-font-size wp-block-paragraph\"><strong>Donde y Cuando?<\/strong><br \/><\/p>\n\n\n\n<p class=\"wp-block-paragraph\">\u201cJulio Le Parc. Transici\u00f3n Buenos Aires-Par\u00eds (1955-1959)\u201d, podr\u00e1 visitarse hasta el 17 de noviembre en el Pabell\u00f3n de exposiciones temporarias del Museo.<br \/><\/p>\n\n\n\n<p class=\"wp-block-paragraph\">El ingreso general al Museo para los residentes en el pa\u00eds es gratuito, mientras que la entrada al Pabell\u00f3n de exposiciones temporarias, donde se exhibe esta muestra, tiene un costo de $100 (cien pesos). Quedan exceptuados de este pago los menores de 12 a\u00f1os, las personas con discapacidad, los jubilados y docentes con acreditaci\u00f3n, y los grupos de estudiantes. <br \/><\/p>\n\n\n\n<p class=\"wp-block-paragraph\">Los no residentes en la Argentina, en tanto, abonan $200 (doscientos pesos) para ingresar al Museo, valor que incluye la visita al Pabell\u00f3n de exposiciones temporarias. <br \/><\/p>\n\n\n\n<p class=\"wp-block-paragraph\"><strong>Los martes de 11 a 20, y todos los d\u00edas de 18.45 a 20, la entrada es gratuita.<\/strong> La entrada abonada para visitar la muestra de Le Parc en el Bellas Artes permitir\u00e1, adem\u00e1s, recorrer la actual exposici\u00f3n del artista en el CCK, y viceversa: con el ticket del CCK, podr\u00e1 ingresarse gratis en el Museo.<\/p>\n","protected":false},"excerpt":{"rendered":"<p>El Museo Nacional de Bellas Artes inaugurar\u00e1 el mi\u00e9rcoles 21 de agosto, a las 18, la muestra \u201cJulio Le Parc. Transici\u00f3n Buenos Aires-Par\u00eds (1955-1959)\u201d, que presentar\u00e1 en el Pabell\u00f3n de exposiciones temporarias un centenar de pinturas, dibujos, acuarelas y grabados, algunos de ellos nunca exhibidos, que ponen en relieve la obra temprana del gran artista &hellip;<\/p>\n","protected":false},"author":1,"featured_media":4130,"comment_status":"open","ping_status":"open","sticky":false,"template":"","format":"standard","meta":{"pagelayer_contact_templates":[],"_pagelayer_content":"","iawp_total_views":11,"footnotes":""},"categories":[3,5],"tags":[],"class_list":["post-4125","post","type-post","status-publish","format-standard","has-post-thumbnail","hentry","category-actualidad","category-jp-agenda"],"_links":{"self":[{"href":"https:\/\/jotaposta.com.ar\/jposta\/wp-json\/wp\/v2\/posts\/4125","targetHints":{"allow":["GET"]}}],"collection":[{"href":"https:\/\/jotaposta.com.ar\/jposta\/wp-json\/wp\/v2\/posts"}],"about":[{"href":"https:\/\/jotaposta.com.ar\/jposta\/wp-json\/wp\/v2\/types\/post"}],"author":[{"embeddable":true,"href":"https:\/\/jotaposta.com.ar\/jposta\/wp-json\/wp\/v2\/users\/1"}],"replies":[{"embeddable":true,"href":"https:\/\/jotaposta.com.ar\/jposta\/wp-json\/wp\/v2\/comments?post=4125"}],"version-history":[{"count":0,"href":"https:\/\/jotaposta.com.ar\/jposta\/wp-json\/wp\/v2\/posts\/4125\/revisions"}],"wp:featuredmedia":[{"embeddable":true,"href":"https:\/\/jotaposta.com.ar\/jposta\/wp-json\/wp\/v2\/media\/4130"}],"wp:attachment":[{"href":"https:\/\/jotaposta.com.ar\/jposta\/wp-json\/wp\/v2\/media?parent=4125"}],"wp:term":[{"taxonomy":"category","embeddable":true,"href":"https:\/\/jotaposta.com.ar\/jposta\/wp-json\/wp\/v2\/categories?post=4125"},{"taxonomy":"post_tag","embeddable":true,"href":"https:\/\/jotaposta.com.ar\/jposta\/wp-json\/wp\/v2\/tags?post=4125"}],"curies":[{"name":"wp","href":"https:\/\/api.w.org\/{rel}","templated":true}]}}