{"id":4038,"date":"2019-07-22T21:09:41","date_gmt":"2019-07-23T00:09:41","guid":{"rendered":"https:\/\/www.jotaposta.com.ar\/?p=4038"},"modified":"2019-07-22T21:09:41","modified_gmt":"2019-07-23T00:09:41","slug":"teatro-una-obra-arrabalera-y-de-costumbres-bien-argentinas","status":"publish","type":"post","link":"https:\/\/jotaposta.com.ar\/jposta\/2019\/07\/22\/teatro-una-obra-arrabalera-y-de-costumbres-bien-argentinas\/","title":{"rendered":"Teatro. Una Obra arrabalera y de Costumbres bien Argentinas"},"content":{"rendered":"\n<p class=\"wp-block-paragraph\">La Cartelera Porte\u00f1a sigue de estreno, en esta oportunidad recomendamos <strong>\u201cMate y Tango, memorias de una ilusi\u00f3n\u201d<\/strong>, la puesta de Luis Rosatti.<\/p>\n\n\n\n<p class=\"wp-block-paragraph\">La pieza combina elementos del realismo m\u00e1gico, con\npinceladas del grotesco y un ritmo &#8220;asaineteado&#8221;.<\/p>\n\n\n\n<figure class=\"wp-block-image\"><img loading=\"lazy\" decoding=\"async\" width=\"1024\" height=\"848\" src=\"https:\/\/www.jotaposta.com.ar\/wp-content\/uploads\/2019\/07\/myt3-1024x848.jpg\" alt=\"\" class=\"wp-image-4039\" srcset=\"https:\/\/jotaposta.com.ar\/jposta\/wp-content\/uploads\/2019\/07\/myt3-1024x848.jpg 1024w, https:\/\/jotaposta.com.ar\/jposta\/wp-content\/uploads\/2019\/07\/myt3-300x248.jpg 300w, https:\/\/jotaposta.com.ar\/jposta\/wp-content\/uploads\/2019\/07\/myt3-768x636.jpg 768w, https:\/\/jotaposta.com.ar\/jposta\/wp-content\/uploads\/2019\/07\/myt3-1536x1272.jpg 1536w, https:\/\/jotaposta.com.ar\/jposta\/wp-content\/uploads\/2019\/07\/myt3-2048x1696.jpg 2048w\" sizes=\"auto, (max-width: 1024px) 100vw, 1024px\" \/><figcaption>Foto Gentileza Prensa<\/figcaption><\/figure>\n\n\n\n<p class=\"wp-block-paragraph\">A trav\u00e9s del humor, se denuncia el manejo discrecional de\nciertas empresas de turismo en el barrio de La Boca, en complicidad con el\npoder dominante, resultando as\u00ed un excelente negocio para unos pocos.<\/p>\n\n\n\n<figure class=\"wp-block-image\"><img loading=\"lazy\" decoding=\"async\" width=\"640\" height=\"480\" src=\"https:\/\/www.jotaposta.com.ar\/wp-content\/uploads\/2019\/07\/myt23.jpg\" alt=\"\" class=\"wp-image-4041\" srcset=\"https:\/\/jotaposta.com.ar\/jposta\/wp-content\/uploads\/2019\/07\/myt23.jpg 640w, https:\/\/jotaposta.com.ar\/jposta\/wp-content\/uploads\/2019\/07\/myt23-300x225.jpg 300w\" sizes=\"auto, (max-width: 640px) 100vw, 640px\" \/><figcaption> <br \/>Foto Gentileza Prensa <\/figcaption><\/figure>\n\n\n\n<p class=\"wp-block-paragraph\">El pintoresco y querido barrio no se ve favorecido por la\nexplotaci\u00f3n que realizan los que manejan &#8220;los tours&#8221; utilizando la\ncancha de Boca Juniors, la popular calle Caminito, el Teatro de la Ribera, y\notros lugares emblem\u00e1ticos del barrio. <\/p>\n\n\n\n<p class=\"wp-block-paragraph\">Al buen decir de uno de los personajes. &#8220;La platita se\nla llevaron ellos. El vecino que naci\u00f3 ac\u00e1, que dej\u00f3 su juventud, su familia y\nsus sue\u00f1os, no olfate\u00f3 ni una moneda&#8221;.<\/p>\n\n\n\n<figure class=\"wp-block-image\"><img loading=\"lazy\" decoding=\"async\" width=\"640\" height=\"513\" src=\"https:\/\/www.jotaposta.com.ar\/wp-content\/uploads\/2019\/07\/myt9.jpg\" alt=\"\" class=\"wp-image-4040\" srcset=\"https:\/\/jotaposta.com.ar\/jposta\/wp-content\/uploads\/2019\/07\/myt9.jpg 640w, https:\/\/jotaposta.com.ar\/jposta\/wp-content\/uploads\/2019\/07\/myt9-300x240.jpg 300w\" sizes=\"auto, (max-width: 640px) 100vw, 640px\" \/><figcaption> <br \/>Foto Gentileza Prensa <\/figcaption><\/figure>\n\n\n\n<p class=\"has-medium-font-size wp-block-paragraph\"><strong>Donde y Cuando?<\/strong><\/p>\n\n\n\n<p class=\"wp-block-paragraph\">Viernes de Julio y Agosto 21 hs. En el Teatro del Pasillo, Colombres\n35 \u2013 C.A.B.A.<\/p>\n\n\n\n<p class=\"wp-block-paragraph\"><strong>ELENCO<\/strong><\/p>\n\n\n\n<p class=\"wp-block-paragraph\"><strong>(Por orden de aparici\u00f3n)<\/strong><\/p>\n\n\n\n<p class=\"wp-block-paragraph\">Beba <strong>:\nBeatriz Dos Santos<\/strong><\/p>\n\n\n\n<p class=\"wp-block-paragraph\">T\u00edo\nAm\u00e9rico<strong> : Oscar Soto<\/strong><\/p>\n\n\n\n<p class=\"wp-block-paragraph\">Tito\nFiliberto<strong> : Santiago Mar\u00eda Ojea<\/strong><\/p>\n\n\n\n<p class=\"wp-block-paragraph\">Tombolita<strong>\n: Jorge Capussotti<\/strong><\/p>\n\n\n\n<p class=\"wp-block-paragraph\">La india <strong>:\nMarta Igarza<\/strong><\/p>\n\n\n\n<p class=\"wp-block-paragraph\"><strong>FICHA TECNICA<\/strong><\/p>\n\n\n\n<p class=\"wp-block-paragraph\">Dramaturgia:\n<strong>Luis&nbsp; Rosatti<\/strong><\/p>\n\n\n\n<p class=\"wp-block-paragraph\">Vestuario <strong>:\nNora Churquina<\/strong><\/p>\n\n\n\n<p class=\"wp-block-paragraph\">Escenograf\u00eda<strong>\n: Melina Garc\u00eda P\u00e9rez<\/strong><\/p>\n\n\n\n<p class=\"wp-block-paragraph\">Dise\u00f1o de\nluces<strong> : Mariano Pozzi<\/strong><\/p>\n\n\n\n<p class=\"wp-block-paragraph\">M\u00fasica\noriginal <strong>: Marcelo Sorondo<\/strong><\/p>\n\n\n\n<p class=\"wp-block-paragraph\">Operaci\u00f3n\nde luces <strong>: Mariano Pozzi \u2013 Valent\u00edn Terni<\/strong><\/p>\n\n\n\n<p class=\"wp-block-paragraph\">Asesoramiento\ncoreogr\u00e1fico<strong> : Melina Arag\u00f3n N\u00fa\u00f1ez<\/strong><\/p>\n\n\n\n<p class=\"wp-block-paragraph\">Redes\nsociales<strong> : Antonella Rosatti<\/strong><\/p>\n\n\n\n<p class=\"wp-block-paragraph\">Asistencia\nde direcci\u00f3n<strong> : Melina Arag\u00f3n Nu\u00f1ez<\/strong><\/p>\n\n\n\n<p class=\"wp-block-paragraph\">Jefa de\nsala<strong> : Silvia Copello<\/strong><\/p>\n\n\n\n<p class=\"wp-block-paragraph\">Prensa y\ndifusi\u00f3n<strong> : Kasspress<\/strong><\/p>\n\n\n\n<p class=\"wp-block-paragraph\">Direcci\u00f3n\ny puesta en escena<strong> : Luis Rosatti<\/strong><\/p>\n","protected":false},"excerpt":{"rendered":"<p>La Cartelera Porte\u00f1a sigue de estreno, en esta oportunidad recomendamos \u201cMate y Tango, memorias de una ilusi\u00f3n\u201d, la puesta de Luis Rosatti. La pieza combina elementos del realismo m\u00e1gico, con pinceladas del grotesco y un ritmo &#8220;asaineteado&#8221;. Foto Gentileza Prensa A trav\u00e9s del humor, se denuncia el manejo discrecional de ciertas empresas de turismo en &hellip;<\/p>\n","protected":false},"author":1,"featured_media":4042,"comment_status":"open","ping_status":"open","sticky":false,"template":"","format":"standard","meta":{"pagelayer_contact_templates":[],"_pagelayer_content":"","iawp_total_views":7,"footnotes":""},"categories":[5],"tags":[],"class_list":["post-4038","post","type-post","status-publish","format-standard","has-post-thumbnail","hentry","category-jp-agenda"],"_links":{"self":[{"href":"https:\/\/jotaposta.com.ar\/jposta\/wp-json\/wp\/v2\/posts\/4038","targetHints":{"allow":["GET"]}}],"collection":[{"href":"https:\/\/jotaposta.com.ar\/jposta\/wp-json\/wp\/v2\/posts"}],"about":[{"href":"https:\/\/jotaposta.com.ar\/jposta\/wp-json\/wp\/v2\/types\/post"}],"author":[{"embeddable":true,"href":"https:\/\/jotaposta.com.ar\/jposta\/wp-json\/wp\/v2\/users\/1"}],"replies":[{"embeddable":true,"href":"https:\/\/jotaposta.com.ar\/jposta\/wp-json\/wp\/v2\/comments?post=4038"}],"version-history":[{"count":0,"href":"https:\/\/jotaposta.com.ar\/jposta\/wp-json\/wp\/v2\/posts\/4038\/revisions"}],"wp:featuredmedia":[{"embeddable":true,"href":"https:\/\/jotaposta.com.ar\/jposta\/wp-json\/wp\/v2\/media\/4042"}],"wp:attachment":[{"href":"https:\/\/jotaposta.com.ar\/jposta\/wp-json\/wp\/v2\/media?parent=4038"}],"wp:term":[{"taxonomy":"category","embeddable":true,"href":"https:\/\/jotaposta.com.ar\/jposta\/wp-json\/wp\/v2\/categories?post=4038"},{"taxonomy":"post_tag","embeddable":true,"href":"https:\/\/jotaposta.com.ar\/jposta\/wp-json\/wp\/v2\/tags?post=4038"}],"curies":[{"name":"wp","href":"https:\/\/api.w.org\/{rel}","templated":true}]}}