{"id":4031,"date":"2019-07-19T18:44:25","date_gmt":"2019-07-19T21:44:25","guid":{"rendered":"https:\/\/www.jotaposta.com.ar\/?p=4031"},"modified":"2019-07-19T18:44:25","modified_gmt":"2019-07-19T21:44:25","slug":"vacacionesinvierno-ciencia-el-cosmos-y-mas","status":"publish","type":"post","link":"https:\/\/jotaposta.com.ar\/jposta\/2019\/07\/19\/vacacionesinvierno-ciencia-el-cosmos-y-mas\/","title":{"rendered":"#VacacionesInvierno. Ciencia, El Cosmos y m\u00e1s&#8230;"},"content":{"rendered":"<p><br \/>\n<br \/>\n<!--StartFragment--><\/p>\n\n\n<p class=\"wp-block-paragraph\">Para los m\u00e1s curiosos y amantes del Cosmos, el Espacio y la Ciencia en <strong>#JotaPosta<\/strong> recomendamos visitar el <strong>Centro Cultural de la Ciencia.<\/strong><\/p>\n\n\n\n<p class=\"wp-block-paragraph\">Se trata de un laboratorio interdisciplinario de creaci\u00f3n e intercambio de ideas y saberes sobre la ciencia entendida como parte de la cultura.<\/p>\n\n\n\n<p class=\"wp-block-paragraph\">La experiencia cultural del C3 se genera a partir de la interacci\u00f3n entre las distintas disciplinas cient\u00edficas y las artes esc\u00e9nicas, visuales, la literatura, la m\u00fasica, el dise\u00f1o y el cine.<\/p>\n\n\n\n<p class=\"wp-block-paragraph\">Las propuestas buscan estimular la curiosidad, el placer por la ciencia y el di\u00e1logo de los p\u00fablicos con los distintos actores cient\u00edficos y culturales.<\/p>\n\n\n\n<p class=\"wp-block-paragraph\">Este espacio, creado con el objetivo de acercar la ciencia y la tecnolog\u00eda a la sociedad, est\u00e1 ubicado en el Polo Cient\u00edfico Tecnol\u00f3gico y depende de la Secretar\u00eda de Gobierno de Ciencia, Tecnolog\u00eda e Innovaci\u00f3n Productiva.<\/p>\n\n\n\n<p class=\"wp-block-paragraph\">Esta Vacaciones se llena de variantes, para todas las edades y todos los gustos. Con entrada Libre y Gratuita en su sede de Godoy Cruz 2270. <\/p>\n\n\n\n<p class=\"wp-block-paragraph\"><strong>AGENDA VACACIONES<\/strong><\/p>\n\n\n\n<p class=\"wp-block-paragraph\"><strong>\u200bFuerza at\u00f3mica<\/strong><\/p>\n\n\n\n<p class=\"wp-block-paragraph\">El espect\u00e1culo teatral acrob\u00e1tico que recrea una lucha libre del conocimiento cient\u00edfico, bajo las reglas del catch, regresa de la mano de nuevos personajes de la ciencia como Capitana Bi\u00f3tica, Desastre Ambiental, Dr. Clim\u00e1tico, Metr\u00f3sfera, Alexander Von Humboldt, y que se suman a Isaac Newton, Marie Curie, Albert Einstein, entre otros.&nbsp;<em>Dos funciones diarias: del 24 de julio al 4 de agosto, de mi\u00e9rcoles a domingos, a las 15.30 y 17.30. <\/em><\/p>\n\n\n\n<p class=\"wp-block-paragraph\"><strong>\u200bCurosity<\/strong><\/p>\n\n\n\n<p class=\"wp-block-paragraph\">El robot Curiosity, enviado por la NASA a Marte en 2011, cobra vida durante estas vacaciones de invierno.&nbsp;<em>De mi\u00e9rcoles a domingos, de 13 a 19.30&nbsp;(cada 30 minutos).&nbsp;<\/em><\/p>\n\n\n\n<p class=\"wp-block-paragraph\"><strong>\u200bTodos somos alien\u00edgeneas en el espacio<\/strong><\/p>\n\n\n\n<p class=\"wp-block-paragraph\">\u200bRecomendado para chicos de 6 a 10 a\u00f1os, para aprender algunos elementos de la t\u00e9cnica pop up (desplegable) y explorar libros e informaci\u00f3n sobre el universo. Se buscar\u00e1 realizar una maqueta con galaxias, planetas y el espacio exterior.&nbsp;<em>El mi\u00e9rcoles 24 de julio, a las 15 y 16.15. <\/em><\/p>\n\n\n\n<p class=\"wp-block-paragraph\"><strong>Construcci\u00f3n de telescopios<\/strong><\/p>\n\n\n\n<p class=\"wp-block-paragraph\">Un taller para describir a trav\u00e9s de la experimentaci\u00f3n c\u00f3mo se trabajan los vidrios para lograr finalmente un telescopio que genere una excelente calidad de imagen. A cargo de la Asociaci\u00f3n Amigos de la Astronom\u00eda.&nbsp;<em>El s\u00e1bado 27 de julio, de 16 a 19.30. <\/em><\/p>\n\n\n\n<p class=\"wp-block-paragraph\"><strong>Astros brillantes<\/strong><\/p>\n\n\n\n<p class=\"wp-block-paragraph\">\u200bRecomendado para chicos de 8 a 12 a\u00f1os, para experimentar el movimiento de los seres marinos, de las estrellas y cometas, explorando con el cuerpo fuerzas y sensaciones.&nbsp;<em>El domingo 28 de julio, a las 15 y 16. <\/em><\/p>\n\n\n<p><!--EndFragment--><br \/>\n<br \/>\n<\/p>","protected":false},"excerpt":{"rendered":"<p>Para los m\u00e1s curiosos y amantes del Cosmos, el Espacio y la Ciencia en #JotaPosta recomendamos visitar el Centro Cultural de la Ciencia. Se trata de un laboratorio interdisciplinario de creaci\u00f3n e intercambio de ideas y saberes sobre la ciencia entendida como parte de la cultura. La experiencia cultural del C3 se genera a partir &hellip;<\/p>\n","protected":false},"author":1,"featured_media":0,"comment_status":"open","ping_status":"open","sticky":false,"template":"","format":"standard","meta":{"pagelayer_contact_templates":[],"_pagelayer_content":"","iawp_total_views":5,"footnotes":""},"categories":[5],"tags":[],"class_list":["post-4031","post","type-post","status-publish","format-standard","hentry","category-jp-agenda"],"_links":{"self":[{"href":"https:\/\/jotaposta.com.ar\/jposta\/wp-json\/wp\/v2\/posts\/4031","targetHints":{"allow":["GET"]}}],"collection":[{"href":"https:\/\/jotaposta.com.ar\/jposta\/wp-json\/wp\/v2\/posts"}],"about":[{"href":"https:\/\/jotaposta.com.ar\/jposta\/wp-json\/wp\/v2\/types\/post"}],"author":[{"embeddable":true,"href":"https:\/\/jotaposta.com.ar\/jposta\/wp-json\/wp\/v2\/users\/1"}],"replies":[{"embeddable":true,"href":"https:\/\/jotaposta.com.ar\/jposta\/wp-json\/wp\/v2\/comments?post=4031"}],"version-history":[{"count":0,"href":"https:\/\/jotaposta.com.ar\/jposta\/wp-json\/wp\/v2\/posts\/4031\/revisions"}],"wp:attachment":[{"href":"https:\/\/jotaposta.com.ar\/jposta\/wp-json\/wp\/v2\/media?parent=4031"}],"wp:term":[{"taxonomy":"category","embeddable":true,"href":"https:\/\/jotaposta.com.ar\/jposta\/wp-json\/wp\/v2\/categories?post=4031"},{"taxonomy":"post_tag","embeddable":true,"href":"https:\/\/jotaposta.com.ar\/jposta\/wp-json\/wp\/v2\/tags?post=4031"}],"curies":[{"name":"wp","href":"https:\/\/api.w.org\/{rel}","templated":true}]}}