{"id":3828,"date":"2019-06-25T03:07:18","date_gmt":"2019-06-25T06:07:18","guid":{"rendered":"https:\/\/www.jotaposta.com.ar\/?p=3828"},"modified":"2019-06-25T03:07:18","modified_gmt":"2019-06-25T06:07:18","slug":"cierre-de-listas-sorpresas-y-curiosidades","status":"publish","type":"post","link":"https:\/\/jotaposta.com.ar\/jposta\/2019\/06\/25\/cierre-de-listas-sorpresas-y-curiosidades\/","title":{"rendered":"Cierre de Listas: Sorpresas y Curiosidades"},"content":{"rendered":"\n<p class=\"wp-block-paragraph\">El cierre de las listas para los comicios pr\u00f3ximos dej\u00f3 algunas certezas y otras cuantas curiosidades. Hoy en <strong>#JotaPosta<\/strong> te mostramos un resumen de las sopresas que salieron a luz en \u00faltimo fin de semana<\/p>\n\n\n\n<div class=\"wp-block-image\"><figure class=\"aligncenter\"><img loading=\"lazy\" decoding=\"async\" width=\"387\" height=\"385\" src=\"https:\/\/jotaposta.com.ar\/jposta\/wp-content\/uploads\/2019\/06\/torellohnso.jpg\" alt=\"\" class=\"wp-image-3830\" srcset=\"https:\/\/jotaposta.com.ar\/jposta\/wp-content\/uploads\/2019\/06\/torellohnso.jpg 387w, https:\/\/jotaposta.com.ar\/jposta\/wp-content\/uploads\/2019\/06\/torellohnso-300x298.jpg 300w, https:\/\/jotaposta.com.ar\/jposta\/wp-content\/uploads\/2019\/06\/torellohnso-150x150.jpg 150w\" sizes=\"auto, (max-width: 387px) 100vw, 387px\" \/><figcaption>Foto Archivo<\/figcaption><\/figure><\/div>\n\n\n\n<p class=\"has-medium-font-size wp-block-paragraph\"><strong>Los hermanos Torello, en la misma n\u00f3mina en Provincia <\/strong><\/p>\n\n\n\n<p class=\"wp-block-paragraph\">Los hermanos sean unidos. Y Juntos Somos el Cambio lo logr\u00f3.\nLos hermanos Torello compartir\u00e1n la lista de diputados nacionales por la\nprovincia de Buenos Aires. Pablo Torello, actual diputado, buscar\u00e1 su\nreelecci\u00f3n desde el puesto n\u00famero 13 de la lista que encabeza Cristian Ritondo.\nAl comenzar la semana, sonaba afuera de ese listado, pero finalmente la\nnegociaci\u00f3n interna surti\u00f3 efecto y volvi\u00f3 a posicionarse en un puesto\nexpectante. <\/p>\n\n\n\n<p class=\"wp-block-paragraph\">Su hermano, Jos\u00e9, es \u00edntimo amigo de Mauricio Macri y jefe\nde asesores de la Presidencia. Y una vez m\u00e1s ser\u00e1 candidato en una lista de\nlegisladores, pero fiel a su estilo decide ser suplente. En este caso, ser\u00e1 el\nprimer candidato suplente en esa n\u00f3mina que tambi\u00e9n integra su hermano. En\n2017, Jos\u00e9 Torello ya se hab\u00eda presentado como primer suplente en las lista de\nsenadores nacionales que encabezaron Esteban Bullrich y Gladys Gonz\u00e1lez. <\/p>\n\n\n\n<p class=\"wp-block-paragraph\">Por cuestiones de paridad de g\u00e9nero, Torello ser\u00eda el\nreemplazante de Bullrich si el ex ministro de Educaci\u00f3n renuncia para asumir\nalg\u00fan cargo. En este caso, la posibilidad de que asuma como suplente en\nDiputados es mucho m\u00e1s remota (deber\u00edan renunciar todos los hombres que se\nincluyen entre los 35 titulares). <\/p>\n\n\n\n<p class=\"wp-block-paragraph\">Torello comparti\u00f3 el colegio Cardenal Newman con Macri y\nest\u00e1 a su lado desde que decidi\u00f3 incursionar en pol\u00edtica. Ya en la Ciudad era\nsu jefe de asesores, cargo que tambi\u00e9n tiene hoy. <\/p>\n\n\n\n<div class=\"wp-block-image\"><figure class=\"aligncenter\"><img loading=\"lazy\" decoding=\"async\" width=\"770\" height=\"471\" src=\"https:\/\/www.jotaposta.com.ar\/wp-content\/uploads\/2019\/06\/ofelia.jpg\" alt=\"\" class=\"wp-image-3831\" srcset=\"https:\/\/jotaposta.com.ar\/jposta\/wp-content\/uploads\/2019\/06\/ofelia.jpg 770w, https:\/\/jotaposta.com.ar\/jposta\/wp-content\/uploads\/2019\/06\/ofelia-300x184.jpg 300w, https:\/\/jotaposta.com.ar\/jposta\/wp-content\/uploads\/2019\/06\/ofelia-768x470.jpg 768w\" sizes=\"auto, (max-width: 770px) 100vw, 770px\" \/><figcaption>Foto Gentileza MinutoUno<\/figcaption><\/figure><\/div>\n\n\n\n<p class=\"has-medium-font-size wp-block-paragraph\"><strong>Referente estudiantil de 19 a\u00f1os, candidata de Grabois <\/strong><\/p>\n\n\n\n<p class=\"wp-block-paragraph\">Ofelia Fern\u00e1ndez, una joven de 19 a\u00f1os que surgi\u00f3 de la militancia estudiantil en el Colegio Nacional Pellegrini, aparec\u00eda ayer en los \u00faltimos borradores con un lugar privilegiado que le garantizar\u00eda la llegada a la Legislatura porte\u00f1a por el Frente de Todos. Fue una de las candidaturas que logr\u00f3 llevar a los primeros planos el dirigente Juan Grabois, del Movimiento de Trabajadores Excluidos, e integrante del Frente Patria Grande. <\/p>\n\n\n\n<p class=\"wp-block-paragraph\">Tambi\u00e9n obten\u00eda un lugar importante, con posibilidades de llegar al Congreso Nacional, para Itai Hagman ex presidente de la Federaci\u00f3n Universitaria Argentina. La suerte de los referentes sociales en Provincia no fue la misma, donde piqueteros, referentes cartoneros y hasta importantes sindicalistas aparec\u00edan lejos de los primeros puestos. <\/p>\n\n\n\n<figure class=\"wp-block-image\"><img loading=\"lazy\" decoding=\"async\" width=\"1024\" height=\"576\" src=\"https:\/\/www.jotaposta.com.ar\/wp-content\/uploads\/2019\/06\/Manuela-Thourte-1024x576.jpg\" alt=\"\" class=\"wp-image-3832\" srcset=\"https:\/\/jotaposta.com.ar\/jposta\/wp-content\/uploads\/2019\/06\/Manuela-Thourte-1024x576.jpg 1024w, https:\/\/jotaposta.com.ar\/jposta\/wp-content\/uploads\/2019\/06\/Manuela-Thourte-300x169.jpg 300w, https:\/\/jotaposta.com.ar\/jposta\/wp-content\/uploads\/2019\/06\/Manuela-Thourte-768x432.jpg 768w, https:\/\/jotaposta.com.ar\/jposta\/wp-content\/uploads\/2019\/06\/Manuela-Thourte-390x220.jpg 390w, https:\/\/jotaposta.com.ar\/jposta\/wp-content\/uploads\/2019\/06\/Manuela-Thourte.jpg 1280w\" sizes=\"auto, (max-width: 1024px) 100vw, 1024px\" \/><figcaption>Foto Gentileza\nDefi\u00e9ndase.com\n<\/figcaption><\/figure>\n\n\n\n<p class=\"has-medium-font-size wp-block-paragraph\"><strong>La nuera del Coti Nosiglia a la Legislatura<\/strong> <\/p>\n\n\n\n<p class=\"wp-block-paragraph\">El inoxidable Enrique \u201cCoti\u201d Nosiglia tendr\u00e1 un pariente m\u00e1s\nen las listas legislativas. En este caso, su nuera Manuela Thourte (casada con\nSantiago Nosiglia) ser\u00e1 la cuarta candidata de Juntos Somos el Cambio para la\nLegislatura porte\u00f1a. Fue propuesta por el espacio de Mart\u00edn Lousteau y ser\u00e1 la\nprimera representante radical de una lista donde el centenario partido tendr\u00e1\ncuatro candidatos con expectativas de ganar una banca. <\/p>\n\n\n\n<p class=\"wp-block-paragraph\">Fuentes del partido le restaron importancia al parentesco y\ndestacaron el perfil de Thourte. Es una polit\u00f3loga especializada en Ni\u00f1ez y\nAdolescendia, en la actualidad es asesora en Diputados y en el pasado trabaj\u00f3\nen Unicef y la PNUD de Naciones Unidas. <\/p>\n\n\n\n<p class=\"wp-block-paragraph\">En la Legislatura, compartir\u00e1 recinto con uno de sus\ncu\u00f1ados, Juan Nosiglia, que asumi\u00f3 en su banca en 2013 y fue reelecto en 2017,\npor lo que hasta 2021 estar\u00e1n juntos. <\/p>\n\n\n\n<figure class=\"wp-block-image\"><img loading=\"lazy\" decoding=\"async\" width=\"1024\" height=\"573\" src=\"https:\/\/www.jotaposta.com.ar\/wp-content\/uploads\/2019\/06\/lammnes-1024x573.jpg\" alt=\"\" class=\"wp-image-3834\" srcset=\"https:\/\/jotaposta.com.ar\/jposta\/wp-content\/uploads\/2019\/06\/lammnes-1024x573.jpg 1024w, https:\/\/jotaposta.com.ar\/jposta\/wp-content\/uploads\/2019\/06\/lammnes-300x168.jpg 300w, https:\/\/jotaposta.com.ar\/jposta\/wp-content\/uploads\/2019\/06\/lammnes-768x430.jpg 768w, https:\/\/jotaposta.com.ar\/jposta\/wp-content\/uploads\/2019\/06\/lammnes.jpg 1366w\" sizes=\"auto, (max-width: 1024px) 100vw, 1024px\" \/><figcaption>Foto Gentileza Resistencia Urbana\n<\/figcaption><\/figure>\n\n\n\n<p class=\"has-medium-font-size wp-block-paragraph\"><strong>El presidente del Decano Mat\u00edas Lammens no estar\u00e1 solo en su incursi\u00f3n pol\u00edtica. <\/strong><\/p>\n\n\n\n<p class=\"wp-block-paragraph\">El presidente del club Atl\u00e9tico Tucum\u00e1n, Mario Leito, ser\u00e1\nprecandidato a diputado para las PASO del 11 de agosto. Encabezar\u00e1 una de las\nlistas. Leito ya hab\u00eda sido aspirante a la intendencia de la capital tucumana.\nEl presidente decano cuenta con el apoyo del gobernador Juan Manzur. <\/p>\n\n\n\n<figure class=\"wp-block-image is-resized\"><img loading=\"lazy\" decoding=\"async\" src=\"https:\/\/www.jotaposta.com.ar\/wp-content\/uploads\/2019\/06\/pitana.jpg\" alt=\"\" class=\"wp-image-3835\" width=\"580\" height=\"325\"\/><figcaption>Foto Archivo<\/figcaption><\/figure>\n\n\n\n<p class=\"has-medium-font-size wp-block-paragraph\"><strong>Otro refer\u00ed al Congreso <\/strong><\/p>\n\n\n\n<p class=\"wp-block-paragraph\">Dirigi\u00f3 dos Mundiales y fue elegido como mejor \u00e1rbitro del\nmundo. Tras esos hitos, a sus 44 a\u00f1os N\u00e9stor Pitana quiere pegar el salto a la\npol\u00edtica. <\/p>\n\n\n\n<p class=\"wp-block-paragraph\">Ser\u00e1 candidato a diputado por Misiones, representando al\noficialista Frente Renovador de la Concordia. Con altas chances de entrar,\nocupar\u00e1 el tercer lugar de la lista del partido. <\/p>\n\n\n\n<div class=\"wp-block-image\"><figure class=\"aligncenter\"><img decoding=\"async\" src=\"https:\/\/www.jotaposta.com.ar\/wp-content\/uploads\/2019\/06\/luisotero-1024x768.jpg\" alt=\"\" class=\"wp-image-3836\"\/><figcaption>Foto Gentileza El Destape<\/figcaption><\/figure><\/div>\n\n\n\n<p class=\"has-medium-font-size wp-block-paragraph\"><strong>De la TV a candidato a intendente <\/strong><\/p>\n\n\n\n<p class=\"wp-block-paragraph\">\u201cDespu\u00e9s de 35 a\u00f1os de estar en esta casa voy a empezar a\ntrabajar por Avellaneda, mi casa de toda la vida\u201d, se despidi\u00f3 Luis Otero por\nTV. <\/p>\n\n\n\n<p class=\"wp-block-paragraph\">El hist\u00f3rico presentador de noticias de Canal 13 ser\u00e1\ncandidato a intendente de Juntos por el Cambio en ese municipio bonaerense. <\/p>\n\n\n\n<p class=\"wp-block-paragraph\">Con 56 a\u00f1os, el periodista aclar\u00f3 que no renunciar\u00e1\ndefinitivamente a su profesi\u00f3n. Pero har\u00e1 un alto para ser el postulante del\noficialismo. \u201cNo alcanzaba con contar las cosas, ahora lo que quiero es hacer\ncosas para construir una Avellaneda mejor\u201d, afirm\u00f3 el ex boy scout. De afinidad\nradical, Otero no tendr\u00e1 competencia en las PASO: el vidalismo decidi\u00f3 bajar la\ncandidatura de la senadora Gladys Gonz\u00e1lez, quien hab\u00eda sido postulante en\n2015. <\/p>\n\n\n\n<p class=\"wp-block-paragraph\">Alentado por el vicegobernador radical Daniel Salvador, el periodista no tendr\u00e1 un debut sencillo: le tocar\u00e1 pulsear con el intendente kirchnerista Jorge Ferraresi, quien tiene buena imagen local. <\/p>\n\n\n\n<p class=\"wp-block-paragraph\"><\/p>\n\n\n\n<p class=\"wp-block-paragraph\"><\/p>\n\n\n\n<p class=\"wp-block-paragraph\"><\/p>\n\n\n\n<p class=\"wp-block-paragraph\"><\/p>\n\n\n\n<p class=\"wp-block-paragraph\"><\/p>\n\n\n\n<p class=\"wp-block-paragraph\"><\/p>\n\n\n\n<p class=\"wp-block-paragraph\"><em>Agradecemos Fuente <\/em><a href=\"http:\/\/www.perfil.com\"><em>Diario Perfil<\/em><\/a>. <\/p>\n","protected":false},"excerpt":{"rendered":"<p>El cierre de las listas para los comicios pr\u00f3ximos dej\u00f3 algunas certezas y otras cuantas curiosidades. Hoy en #JotaPosta te mostramos un resumen de las sopresas que salieron a luz en \u00faltimo fin de semana Foto Archivo Los hermanos Torello, en la misma n\u00f3mina en Provincia Los hermanos sean unidos. Y Juntos Somos el Cambio &hellip;<\/p>\n","protected":false},"author":1,"featured_media":3829,"comment_status":"open","ping_status":"open","sticky":false,"template":"","format":"standard","meta":{"pagelayer_contact_templates":[],"_pagelayer_content":"","iawp_total_views":6,"footnotes":""},"categories":[3,4],"tags":[],"class_list":["post-3828","post","type-post","status-publish","format-standard","has-post-thumbnail","hentry","category-actualidad","category-actualidad-politica"],"_links":{"self":[{"href":"https:\/\/jotaposta.com.ar\/jposta\/wp-json\/wp\/v2\/posts\/3828","targetHints":{"allow":["GET"]}}],"collection":[{"href":"https:\/\/jotaposta.com.ar\/jposta\/wp-json\/wp\/v2\/posts"}],"about":[{"href":"https:\/\/jotaposta.com.ar\/jposta\/wp-json\/wp\/v2\/types\/post"}],"author":[{"embeddable":true,"href":"https:\/\/jotaposta.com.ar\/jposta\/wp-json\/wp\/v2\/users\/1"}],"replies":[{"embeddable":true,"href":"https:\/\/jotaposta.com.ar\/jposta\/wp-json\/wp\/v2\/comments?post=3828"}],"version-history":[{"count":0,"href":"https:\/\/jotaposta.com.ar\/jposta\/wp-json\/wp\/v2\/posts\/3828\/revisions"}],"wp:featuredmedia":[{"embeddable":true,"href":"https:\/\/jotaposta.com.ar\/jposta\/wp-json\/wp\/v2\/media\/3829"}],"wp:attachment":[{"href":"https:\/\/jotaposta.com.ar\/jposta\/wp-json\/wp\/v2\/media?parent=3828"}],"wp:term":[{"taxonomy":"category","embeddable":true,"href":"https:\/\/jotaposta.com.ar\/jposta\/wp-json\/wp\/v2\/categories?post=3828"},{"taxonomy":"post_tag","embeddable":true,"href":"https:\/\/jotaposta.com.ar\/jposta\/wp-json\/wp\/v2\/tags?post=3828"}],"curies":[{"name":"wp","href":"https:\/\/api.w.org\/{rel}","templated":true}]}}