{"id":3732,"date":"2019-06-12T12:32:34","date_gmt":"2019-06-12T15:32:34","guid":{"rendered":"https:\/\/www.jotaposta.com.ar\/?p=3732"},"modified":"2019-06-12T12:32:34","modified_gmt":"2019-06-12T15:32:34","slug":"de-lider-del-pj-a-vice-de-macri-quien-es-pichetto","status":"publish","type":"post","link":"https:\/\/jotaposta.com.ar\/jposta\/2019\/06\/12\/de-lider-del-pj-a-vice-de-macri-quien-es-pichetto\/","title":{"rendered":"De L\u00edder del PJ a Vice de Macri \u00bfQuien es Pichetto?"},"content":{"rendered":"\n<p>Sin dudas fue el apellido que m\u00e1s veces se reitero en las \u00faltimas 24 horas. En <strong>#JotaPosta<\/strong> vamos a desandar el camino de <strong>Miguel Pichetto<\/strong>, el pol\u00edtico que tras una extensa carrera dentro del Partido Justicialista se convirti\u00f3 en el candidato a <strong>vicepresidente de Mauricio Macri por Cambiemos.<\/strong><\/p>\n\n\n\n<p>Su camino hasta esta posici\u00f3n no es reciente, a rigor de\nverdad podemos decir que lo comenz\u00f3 a transitar all\u00e1 por 2015, tras la salida\ndel kirchnerismo del poder.<\/p>\n\n\n\n<p>Pichetto tiene 68 a\u00f1os y pas\u00f3 26 dentro del Congreso de la\nNaci\u00f3n: tuvo dos mandatos como diputado nacional, desde 1993 hasta 2001 y ese\na\u00f1o, d\u00edas antes de la crisis que derrumb\u00f3 al gobierno de Fernando de la R\u00faa,\nasumi\u00f3 como senador.<\/p>\n\n\n\n<p>Bajo el ala de Eduardo Duhalde, por entonces presidente\ninterino, Pichetto se convirti\u00f3 en jefe de la poderosa bancada peronista del\nSenado, cargo en el que luego fue ratificado por N\u00e9stor Kirchner y por Cristina\nKirchner.<\/p>\n\n\n\n<figure class=\"wp-block-image\"><img decoding=\"async\" src=\"https:\/\/www.jotaposta.com.ar\/wp-content\/uploads\/2019\/06\/pichet2-1024x505.jpg\" alt=\"\" class=\"wp-image-3734\"\/><\/figure>\n\n\n\n<p>Cuando se lo consultaba sobre su lealtad a distintos\npresidentes, Pichetto siempre respond\u00eda lo mismo: &#8220;Yo soy dirigente del\nPartido Justicialista. Cuando mi partido est\u00e1 en el Gobierno, mi deber es\nacompa\u00f1ar&#8221;.<\/p>\n\n\n\n<p>Eso cambi\u00f3 ahora, porque por primera vez el senador se ubica\nen un espacio que tiene poco y nada que ver con el peronismo, aunque este\ndesenlace empez\u00f3 a madurar el 10 de diciembre de 2015, con su ruptura\ndefinitiva con el kirchnerismo.<\/p>\n\n\n\n<p>Tras la asunci\u00f3n de Cambiemos en 2015, Miguel \u00c1ngel Pichetto\nintegra la lista de senadores peronistas no K abiertos al di\u00e1logo con el\noficialismo. Gracias a su rol de presidente del bloque -al cual renunci\u00f3 este\nmartes por la tarde- el gobierno de Mauricio Macri logr\u00f3 aprobar leyes en la\nC\u00e1mara Alta.<\/p>\n\n\n\n<div class=\"wp-block-image\"><figure class=\"aligncenter\"><img decoding=\"async\" src=\"https:\/\/www.jotaposta.com.ar\/wp-content\/uploads\/2019\/06\/picheto1-1024x614.jpg\" alt=\"\" class=\"wp-image-3735\"\/><\/figure><\/div>\n\n\n\n<p>En 2017, el peronista rompi\u00f3 el bloque y excluy\u00f3 al espacio\ndel kirchnerismo por el bloque del Partido Justicialista. A partir de all\u00ed, los\ncruces con Fern\u00e1ndez de Kirchner se volvieron moneda corriente en cada sesi\u00f3n\nen el recinto, tensi\u00f3n que hab\u00eda comenzado en 2012, cuando en el debate por la\nreforma de la Ley de Mercado de Capitales le pidi\u00f3 autocr\u00edtica a la por\nentonces Presidenta.<\/p>\n\n\n\n<p>Entre las legislaciones m\u00e1s importantes de los cuatro a\u00f1os\ndel gobierno Cambiemos, Pichetto acompa\u00f1\u00f3 la Reforma Previsional, vot\u00f3 a favor\ndel aborto (junto con el pedido expreso de la separaci\u00f3n de la Iglesia del\nEstado) y ratific\u00f3 el friccionado Presupuesto 2019.<\/p>\n\n\n\n<figure class=\"wp-block-image\"><img loading=\"lazy\" decoding=\"async\" width=\"1024\" height=\"576\" src=\"https:\/\/www.jotaposta.com.ar\/wp-content\/uploads\/2019\/06\/picheto3-1024x576.jpg\" alt=\"\" class=\"wp-image-3736\" srcset=\"https:\/\/jotaposta.com.ar\/jposta\/wp-content\/uploads\/2019\/06\/picheto3-1024x576.jpg 1024w, https:\/\/jotaposta.com.ar\/jposta\/wp-content\/uploads\/2019\/06\/picheto3-300x169.jpg 300w, https:\/\/jotaposta.com.ar\/jposta\/wp-content\/uploads\/2019\/06\/picheto3-768x432.jpg 768w, https:\/\/jotaposta.com.ar\/jposta\/wp-content\/uploads\/2019\/06\/picheto3-1536x864.jpg 1536w, https:\/\/jotaposta.com.ar\/jposta\/wp-content\/uploads\/2019\/06\/picheto3-390x220.jpg 390w, https:\/\/jotaposta.com.ar\/jposta\/wp-content\/uploads\/2019\/06\/picheto3.jpg 1920w\" sizes=\"auto, (max-width: 1024px) 100vw, 1024px\" \/><\/figure>\n\n\n\n<p>En el transcurso de estos tres a\u00f1os y medio de gobierno de\nMauricio Macri, Pichetto se consolid\u00f3 como el garante en el Senado de las leyes\npedidas por el Gobierno, siendo en un principio el encargado de negociar las\ncondiciones puestas por los gobernadores peronistas.<\/p>\n\n\n\n<p>Paralelamente, mostr\u00f3 tambi\u00e9n cada vez con mayor frecuencia\nuna faceta que durante el kirchnerismo reserv\u00f3 s\u00f3lo para las conversaciones\nprivadas: una forma cruda de expresar ideas, alejada del &#8220;correctismo\npol\u00edtico&#8221; que, seg\u00fan dijo varias veces, le molesta.<\/p>\n\n\n\n<p>En diversas oportunidades, se puso en el papel de orientador\nal tratar de darle &#8220;lecciones&#8221; a Cambiemos sobre c\u00f3mo gobernar: hubo\nvarias sesiones en las que le recrimin\u00f3 a la Casa Rosada que &#8220;no\nexpliquen&#8221; las medidas que toman y les record\u00f3 que &#8220;cuando uno es\nGobierno pone la cara&#8221;.<\/p>\n\n\n\n<div class=\"wp-block-image\"><figure class=\"aligncenter is-resized\"><img loading=\"lazy\" decoding=\"async\" src=\"https:\/\/jotaposta.com.ar\/jposta\/wp-content\/uploads\/2019\/06\/picheto4.jpg\" alt=\"\" class=\"wp-image-3737\" width=\"597\" height=\"336\"\/><\/figure><\/div>\n\n\n\n<p>&#8220;La pol\u00edtica no es para almas sensibles&#8221;, suele\ndecir el dirigente oriundo de la localidad bonaerense de Banfield y rionegrino\npor adopci\u00f3n, que acostumbra valorar la &#8220;razonabilidad&#8221; por sobre la\n&#8220;emoci\u00f3n&#8221;.<\/p>\n\n\n\n<p>En la conferencia de prensa que dio tras conocerse su candidatura\na vicepresidente, volvi\u00f3 a hacer gala de esta caracter\u00edstica en un momento en\nel que le fall\u00f3 la voz y aclar\u00f3: &#8220;No estoy emocionado. Las emociones no\nforman parte de mi temperamento&#8221;.<\/p>\n","protected":false},"excerpt":{"rendered":"<p>Sin dudas fue el apellido que m\u00e1s veces se reitero en las \u00faltimas 24 horas. En #JotaPosta vamos a desandar el camino de Miguel Pichetto, el pol\u00edtico que tras una extensa carrera dentro del Partido Justicialista se convirti\u00f3 en el candidato a vicepresidente de Mauricio Macri por Cambiemos. Su camino hasta esta posici\u00f3n no es &hellip;<\/p>\n","protected":false},"author":1,"featured_media":3739,"comment_status":"open","ping_status":"open","sticky":false,"template":"","format":"standard","meta":{"pagelayer_contact_templates":[],"_pagelayer_content":"","iawp_total_views":1,"footnotes":""},"categories":[3,4],"tags":[],"class_list":["post-3732","post","type-post","status-publish","format-standard","has-post-thumbnail","hentry","category-actualidad","category-actualidad-politica"],"_links":{"self":[{"href":"https:\/\/jotaposta.com.ar\/jposta\/wp-json\/wp\/v2\/posts\/3732","targetHints":{"allow":["GET"]}}],"collection":[{"href":"https:\/\/jotaposta.com.ar\/jposta\/wp-json\/wp\/v2\/posts"}],"about":[{"href":"https:\/\/jotaposta.com.ar\/jposta\/wp-json\/wp\/v2\/types\/post"}],"author":[{"embeddable":true,"href":"https:\/\/jotaposta.com.ar\/jposta\/wp-json\/wp\/v2\/users\/1"}],"replies":[{"embeddable":true,"href":"https:\/\/jotaposta.com.ar\/jposta\/wp-json\/wp\/v2\/comments?post=3732"}],"version-history":[{"count":0,"href":"https:\/\/jotaposta.com.ar\/jposta\/wp-json\/wp\/v2\/posts\/3732\/revisions"}],"wp:featuredmedia":[{"embeddable":true,"href":"https:\/\/jotaposta.com.ar\/jposta\/wp-json\/wp\/v2\/media\/3739"}],"wp:attachment":[{"href":"https:\/\/jotaposta.com.ar\/jposta\/wp-json\/wp\/v2\/media?parent=3732"}],"wp:term":[{"taxonomy":"category","embeddable":true,"href":"https:\/\/jotaposta.com.ar\/jposta\/wp-json\/wp\/v2\/categories?post=3732"},{"taxonomy":"post_tag","embeddable":true,"href":"https:\/\/jotaposta.com.ar\/jposta\/wp-json\/wp\/v2\/tags?post=3732"}],"curies":[{"name":"wp","href":"https:\/\/api.w.org\/{rel}","templated":true}]}}