{"id":3425,"date":"2019-05-07T01:02:10","date_gmt":"2019-05-07T04:02:10","guid":{"rendered":"https:\/\/www.jotaposta.com.ar\/?p=3425"},"modified":"2019-05-07T01:02:10","modified_gmt":"2019-05-07T04:02:10","slug":"100anos-la-marcha-peronista-ya-tiene-su-version-feminista","status":"publish","type":"post","link":"https:\/\/jotaposta.com.ar\/jposta\/2019\/05\/07\/100anos-la-marcha-peronista-ya-tiene-su-version-feminista\/","title":{"rendered":"#100A\u00f1os. La marcha Peronista ya tiene su Versi\u00f3n Feminista"},"content":{"rendered":"\n<p class=\"wp-block-paragraph\">A cien a\u00f1os del nacimiento de Evita Per\u00f3n, un grupo de mujeres reinvent\u00f3 la marcha peronista y la hizo feminista.<\/p>\n\n\n\n<p class=\"wp-block-paragraph\">La campa\u00f1a se llama &#8220;Evita el macrismo&#8221; \u00a0y la letra gira en torno a referencias a la l\u00edder peronista y contra el modelo de Cambiemos. Tambi\u00e9n menciona a la ex presidenta, Cristina Fern\u00e1ndez de Kirchner.<\/p>\n\n\n\n<figure class=\"wp-block-embed-twitter wp-block-embed is-type-rich is-provider-twitter\"><div class=\"wp-block-embed__wrapper\">\n<blockquote class=\"twitter-tweet\" data-width=\"500\" data-dnt=\"true\"><p lang=\"es\" dir=\"ltr\">Lindo d\u00eda para homenajear a Evita. \u00a1Buen d\u00eda a lxs que luchan! Nos vemos a las 17hs en el Obelisco. <a href=\"https:\/\/t.co\/PBT4GhlOz4\">pic.twitter.com\/PBT4GhlOz4<\/a><\/p>&mdash; Suzy Qi\u00fa (@suzyqiu) <a href=\"https:\/\/twitter.com\/suzyqiu\/status\/1125368907173367808?ref_src=twsrc%5Etfw\">May 6, 2019<\/a><\/blockquote><script async src=\"https:\/\/platform.twitter.com\/widgets.js\" charset=\"utf-8\"><\/script>\n<\/div><\/figure>\n\n\n\n<p class=\"wp-block-paragraph\"><strong>LA LETRA DE LA CANCI\u00d3N<\/strong><\/p>\n\n\n\n<p class=\"wp-block-paragraph\"><em>Las muchachas peronistas<\/em><\/p>\n\n\n\n<p class=\"wp-block-paragraph\"><em>sabemos lo que queremos.<\/em><\/p>\n\n\n\n<p class=\"wp-block-paragraph\"><em>Y lucharemos sin miedo<\/em><\/p>\n\n\n\n<p class=\"wp-block-paragraph\"><em>para ganar la elecci\u00f3n.<\/em><\/p>\n\n\n\n<p class=\"wp-block-paragraph\"><em>Eva Per\u00f3n, Eva Per\u00f3n, Eva Per\u00f3n.<\/em><\/p>\n\n\n\n<p class=\"wp-block-paragraph\"><em>Por esa gran Argentina<\/em><\/p>\n\n\n\n<p class=\"wp-block-paragraph\"><em>que nunca nos traicion\u00f3.<\/em><\/p>\n\n\n\n<p class=\"wp-block-paragraph\"><em>Peronismo\u00a0con Cristina,<\/em><\/p>\n\n\n\n<p class=\"wp-block-paragraph\"><em>machirulo sos cag\u00f3n.<\/em><\/p>\n\n\n\n<p class=\"wp-block-paragraph\"><em>Eva Per\u00f3n, de coraz\u00f3n<\/em><\/p>\n\n\n\n<p class=\"wp-block-paragraph\"><em>nos acompa\u00f1a sin cesar.<\/em><\/p>\n\n\n\n<p class=\"wp-block-paragraph\"><em>Te prometemos con pasi\u00f3n<\/em><\/p>\n\n\n\n<p class=\"wp-block-paragraph\"><em>no dejaremos de luchar,<\/em><\/p>\n\n\n\n<p class=\"wp-block-paragraph\"><em>no dejaremos de luchar,<\/em><\/p>\n\n\n\n<p class=\"wp-block-paragraph\"><em>no dejaremos de luchar.<\/em><\/p>\n","protected":false},"excerpt":{"rendered":"<p>A cien a\u00f1os del nacimiento de Evita Per\u00f3n, un grupo de mujeres reinvent\u00f3 la marcha peronista y la hizo feminista. La campa\u00f1a se llama &#8220;Evita el macrismo&#8221; \u00a0y la letra gira en torno a referencias a la l\u00edder peronista y contra el modelo de Cambiemos. Tambi\u00e9n menciona a la ex presidenta, Cristina Fern\u00e1ndez de Kirchner. &hellip;<\/p>\n","protected":false},"author":1,"featured_media":3426,"comment_status":"open","ping_status":"open","sticky":false,"template":"","format":"standard","meta":{"pagelayer_contact_templates":[],"_pagelayer_content":"","iawp_total_views":5,"footnotes":""},"categories":[17],"tags":[],"class_list":["post-3425","post","type-post","status-publish","format-standard","has-post-thumbnail","hentry","category-es-viral"],"_links":{"self":[{"href":"https:\/\/jotaposta.com.ar\/jposta\/wp-json\/wp\/v2\/posts\/3425","targetHints":{"allow":["GET"]}}],"collection":[{"href":"https:\/\/jotaposta.com.ar\/jposta\/wp-json\/wp\/v2\/posts"}],"about":[{"href":"https:\/\/jotaposta.com.ar\/jposta\/wp-json\/wp\/v2\/types\/post"}],"author":[{"embeddable":true,"href":"https:\/\/jotaposta.com.ar\/jposta\/wp-json\/wp\/v2\/users\/1"}],"replies":[{"embeddable":true,"href":"https:\/\/jotaposta.com.ar\/jposta\/wp-json\/wp\/v2\/comments?post=3425"}],"version-history":[{"count":0,"href":"https:\/\/jotaposta.com.ar\/jposta\/wp-json\/wp\/v2\/posts\/3425\/revisions"}],"wp:featuredmedia":[{"embeddable":true,"href":"https:\/\/jotaposta.com.ar\/jposta\/wp-json\/wp\/v2\/media\/3426"}],"wp:attachment":[{"href":"https:\/\/jotaposta.com.ar\/jposta\/wp-json\/wp\/v2\/media?parent=3425"}],"wp:term":[{"taxonomy":"category","embeddable":true,"href":"https:\/\/jotaposta.com.ar\/jposta\/wp-json\/wp\/v2\/categories?post=3425"},{"taxonomy":"post_tag","embeddable":true,"href":"https:\/\/jotaposta.com.ar\/jposta\/wp-json\/wp\/v2\/tags?post=3425"}],"curies":[{"name":"wp","href":"https:\/\/api.w.org\/{rel}","templated":true}]}}