{"id":3363,"date":"2019-04-24T03:37:27","date_gmt":"2019-04-24T06:37:27","guid":{"rendered":"https:\/\/www.jotaposta.com.ar\/?p=3363"},"modified":"2019-04-24T03:37:27","modified_gmt":"2019-04-24T06:37:27","slug":"arranca-la-feria-del-libro-de-buenos-aires","status":"publish","type":"post","link":"https:\/\/jotaposta.com.ar\/jposta\/2019\/04\/24\/arranca-la-feria-del-libro-de-buenos-aires\/","title":{"rendered":"Arranca la Feria del Libro de Buenos Aires"},"content":{"rendered":"\n<p class=\"wp-block-paragraph\">Desde este 25 Abril, se desarrollar\u00e1 en el predio de La Rural, el acontecimiento cultural m\u00e1s importante de Latinoam\u00e9rica, <strong>la 45.\u00b0 Feria Internacional del Libro de Buenos Aires.<\/strong><\/p>\n\n\n\n<p class=\"wp-block-paragraph\">La misma presenta una nutrida y variada programaci\u00f3n con m\u00e1s\nde 1000 actividades culturales, durante casi tres semanas y en m\u00e1s 45 mil\nmetros cuadrados de exposici\u00f3n.<\/p>\n\n\n\n<figure class=\"wp-block-image\"><img loading=\"lazy\" decoding=\"async\" width=\"1024\" height=\"788\" src=\"https:\/\/www.jotaposta.com.ar\/wp-content\/uploads\/2019\/04\/rita-1024x788.jpg\" alt=\"\" class=\"wp-image-3365\" srcset=\"https:\/\/jotaposta.com.ar\/jposta\/wp-content\/uploads\/2019\/04\/rita-1024x788.jpg 1024w, https:\/\/jotaposta.com.ar\/jposta\/wp-content\/uploads\/2019\/04\/rita-300x231.jpg 300w, https:\/\/jotaposta.com.ar\/jposta\/wp-content\/uploads\/2019\/04\/rita-768x591.jpg 768w, https:\/\/jotaposta.com.ar\/jposta\/wp-content\/uploads\/2019\/04\/rita.jpg 1266w\" sizes=\"auto, (max-width: 1024px) 100vw, 1024px\" \/><figcaption>Foto Prensa &#8211; Rita Segato<\/figcaption><\/figure>\n\n\n\n<p class=\"wp-block-paragraph\">&nbsp;El discurso inaugural\nde la Feria estar\u00e1 a cargo de la reconocida antrop\u00f3loga argentina Rita Segato,\nel jueves 25 de abril a las 18hs. en la Sala Jorge Luis Borges, del Pabell\u00f3n\nFrers, Predio Ferial La Rural.<\/p>\n\n\n\n<p class=\"wp-block-paragraph\">&nbsp;La edici\u00f3n 45.\u00b0\ncontar\u00e1 con la presencia de prestigiosos escritores internacionales como Arturo\nP\u00e9rez-Reverte, Julia Navarro, Rosa Montero, Santiago Posteguillo, Gael Faye,\nSandro Veronesi, Carlos Fonseca, Anselm Grun, Sergio Ram\u00edrez, Bryce Echenique,\nGioconda Belli, Laurence Debray (hija de Regis Debray, autora de una biograf\u00eda\nde su padre), Jul (dibujante de Lucky Luke desde 2016), Victoria Schwab,\nMackenzi Lee, Sara B\u00faho, Benito Taibo.<\/p>\n\n\n\n<figure class=\"wp-block-image\"><img loading=\"lazy\" decoding=\"async\" width=\"770\" height=\"357\" src=\"https:\/\/www.jotaposta.com.ar\/wp-content\/uploads\/2019\/04\/feria2.jpg\" alt=\"\" class=\"wp-image-3366\" srcset=\"https:\/\/jotaposta.com.ar\/jposta\/wp-content\/uploads\/2019\/04\/feria2.jpg 770w, https:\/\/jotaposta.com.ar\/jposta\/wp-content\/uploads\/2019\/04\/feria2-300x139.jpg 300w, https:\/\/jotaposta.com.ar\/jposta\/wp-content\/uploads\/2019\/04\/feria2-768x356.jpg 768w\" sizes=\"auto, (max-width: 770px) 100vw, 770px\" \/><\/figure>\n\n\n\n<p class=\"wp-block-paragraph\">&nbsp;Barcelona ser\u00e1 la\nCiudad Invitada de Honor en 2019. Bajo el lema \u201cBarcelona, ciudad literaria\u201d,\nla ciudad aportar\u00e1 a la FIL Buenos Aires 75 invitados: 56 autores e\nilustradores, 8 especialistas del mundo de la literatura y 14 artistas, entre\nlos que se destacan H\u00e9ctor Lozano (creador y guionista de la exitosa serie Merl\u00ed,\nque vendr\u00e1 acompa\u00f1ado por el actor Carlos Cuevas), Carlos Zan\u00f3n, Paula Bonet,\nMarina Garc\u00e9s, Eva Baltasar, Maite Carranza, Najat El Hachmi, Alejandro\nPalomas, Josep Pedrals, Javier P\u00e9rez And\u00fajar, Jordi Punt\u00ed, Pilar Rahola, Jordi\nSierra i Fabra, Horacio Altuna, Roc\u00edo Bonilla.<\/p>\n\n\n\n<p class=\"wp-block-paragraph\">&nbsp;La Noche de la Feria,\nel s\u00e1bado 27 de abril abre sus puertas de manera gratuita a partir de las 20,\npara presentar el show en vivo, en la pista central, de la artista catalana\nSilvia P\u00e9rez Cruz. Luego, con otras propuestas musicales y teatrales, la Feria\nseguir\u00e1 abierta hasta las 0 horas.<\/p>\n\n\n\n<figure class=\"wp-block-image\"><img loading=\"lazy\" decoding=\"async\" width=\"1024\" height=\"505\" src=\"https:\/\/www.jotaposta.com.ar\/wp-content\/uploads\/2019\/04\/feria3-1024x505.jpg\" alt=\"\" class=\"wp-image-3367\" srcset=\"https:\/\/jotaposta.com.ar\/jposta\/wp-content\/uploads\/2019\/04\/feria3-1024x505.jpg 1024w, https:\/\/jotaposta.com.ar\/jposta\/wp-content\/uploads\/2019\/04\/feria3-300x148.jpg 300w, https:\/\/jotaposta.com.ar\/jposta\/wp-content\/uploads\/2019\/04\/feria3-768x379.jpg 768w, https:\/\/jotaposta.com.ar\/jposta\/wp-content\/uploads\/2019\/04\/feria3.jpg 1256w\" sizes=\"auto, (max-width: 1024px) 100vw, 1024px\" \/><figcaption>Foto Prensa<\/figcaption><\/figure>\n\n\n\n<p class=\"wp-block-paragraph\">&nbsp;Dentro de la variada\ny nutrida propuesta cultural, se destacan nuevas ediciones del Di\u00e1logo de\nEscritoras y Escritores Latinoamericanos, donde autores de todo el continente\nse reunir\u00e1n para debatir diversos temas y el Di\u00e1logo de Escritoras y Escritores\nArgentinos con la presencia de Samanta Schweblin, poetas y ensayistas de todo\nel pa\u00eds, y el Festival Internacional de Poes\u00eda, espacio cl\u00e1sico de lectura\npo\u00e9tica.<\/p>\n\n\n\n<p class=\"wp-block-paragraph\">&nbsp;Adem\u00e1s, y por quinto\na\u00f1o consecutivo, se realizar\u00e1 el Encuentro Internacional de Booktubers, con la\nparticipaci\u00f3n de lectores activos de pa\u00edses de habla hispana, que este a\u00f1o\ncuenta con la participaci\u00f3n de los mexicanos Claudia Ram\u00edrez y Alberto\nVillarreal. Tambi\u00e9n habr\u00e1 actividades especiales que reunir\u00e1n a bloggers y\nbookstagrammers.<\/p>\n\n\n\n<figure class=\"wp-block-image\"><img decoding=\"async\" src=\"https:\/\/www.jotaposta.com.ar\/wp-content\/uploads\/2019\/04\/feria4-1024x680.jpg\" alt=\"\" class=\"wp-image-3368\"\/><figcaption>Foto Prensa<\/figcaption><\/figure>\n\n\n\n<p class=\"wp-block-paragraph\">&nbsp;Por segundo a\u00f1o la\nFeria contar\u00e1 con \u201cOrgullo y Prejuicio\u201d, espacio dedicado a la diversidad\nsexual. Cuenta con una librer\u00eda especializada en cuestiones de g\u00e9nero, culturas\nde la disidencia sexual y feminismos, m\u00e1s un auditorio con una programaci\u00f3n\ndiaria propia.<\/p>\n\n\n\n<p class=\"wp-block-paragraph\">\u00a0Por primera vez en la Feria, se desarrollar\u00e1 el espacio de Diversidad Funcional y Discapacidad, en el que se busca incentivar y promover a los diferentes autores, especialistas y organizaciones sociales abocadas a la tem\u00e1tica de discapacidad \/ diversidad funcional, tanto f\u00edsica como intelectual. El objetivo es que los expositores puedan dar a conocer su trabajo, proyecto o recorrido en la materia, propiciando la difusi\u00f3n de contenidos y procurando llegar a un mayor n\u00famero de personas.<\/p>\n\n\n\n<p class=\"has-medium-font-size wp-block-paragraph\"><strong>Cuando y Donde?<\/strong><\/p>\n\n\n\n<p class=\"wp-block-paragraph\">Del 25 de abril al 13 de mayo en La Rural. <\/p>\n\n\n\n<p class=\"wp-block-paragraph\"><strong>\u00a0Horarios:<\/strong><\/p>\n\n\n\n<p class=\"wp-block-paragraph\">De lunes a viernes de 14 a 22.<\/p>\n\n\n\n<p class=\"wp-block-paragraph\">S\u00e1bados, domingos y lunes 1\u00b0 de mayo de 13 a 22.<\/p>\n\n\n\n<p class=\"wp-block-paragraph\">&nbsp;Noche de la Feria:\ns\u00e1bado 27, de 13 a 00, con entrada gratuita a partir de las 20.&nbsp; <\/p>\n\n\n\n<p class=\"wp-block-paragraph\">&nbsp;Valor de la entrada:<\/p>\n\n\n\n<p class=\"wp-block-paragraph\">Lunes a jueves: $120.<\/p>\n\n\n\n<p class=\"wp-block-paragraph\">Viernes, s\u00e1bados, domingos y feriados: $180.<\/p>\n\n\n\n<p class=\"wp-block-paragraph\">Pase promocional por 3 visitas: $270.<\/p>\n","protected":false},"excerpt":{"rendered":"<p>Desde este 25 Abril, se desarrollar\u00e1 en el predio de La Rural, el acontecimiento cultural m\u00e1s importante de Latinoam\u00e9rica, la 45.\u00b0 Feria Internacional del Libro de Buenos Aires. La misma presenta una nutrida y variada programaci\u00f3n con m\u00e1s de 1000 actividades culturales, durante casi tres semanas y en m\u00e1s 45 mil metros cuadrados de exposici\u00f3n. &hellip;<\/p>\n","protected":false},"author":1,"featured_media":3364,"comment_status":"open","ping_status":"open","sticky":false,"template":"","format":"standard","meta":{"pagelayer_contact_templates":[],"_pagelayer_content":"","iawp_total_views":10,"footnotes":""},"categories":[3,5],"tags":[],"class_list":["post-3363","post","type-post","status-publish","format-standard","has-post-thumbnail","hentry","category-actualidad","category-jp-agenda"],"_links":{"self":[{"href":"https:\/\/jotaposta.com.ar\/jposta\/wp-json\/wp\/v2\/posts\/3363","targetHints":{"allow":["GET"]}}],"collection":[{"href":"https:\/\/jotaposta.com.ar\/jposta\/wp-json\/wp\/v2\/posts"}],"about":[{"href":"https:\/\/jotaposta.com.ar\/jposta\/wp-json\/wp\/v2\/types\/post"}],"author":[{"embeddable":true,"href":"https:\/\/jotaposta.com.ar\/jposta\/wp-json\/wp\/v2\/users\/1"}],"replies":[{"embeddable":true,"href":"https:\/\/jotaposta.com.ar\/jposta\/wp-json\/wp\/v2\/comments?post=3363"}],"version-history":[{"count":0,"href":"https:\/\/jotaposta.com.ar\/jposta\/wp-json\/wp\/v2\/posts\/3363\/revisions"}],"wp:featuredmedia":[{"embeddable":true,"href":"https:\/\/jotaposta.com.ar\/jposta\/wp-json\/wp\/v2\/media\/3364"}],"wp:attachment":[{"href":"https:\/\/jotaposta.com.ar\/jposta\/wp-json\/wp\/v2\/media?parent=3363"}],"wp:term":[{"taxonomy":"category","embeddable":true,"href":"https:\/\/jotaposta.com.ar\/jposta\/wp-json\/wp\/v2\/categories?post=3363"},{"taxonomy":"post_tag","embeddable":true,"href":"https:\/\/jotaposta.com.ar\/jposta\/wp-json\/wp\/v2\/tags?post=3363"}],"curies":[{"name":"wp","href":"https:\/\/api.w.org\/{rel}","templated":true}]}}