{"id":3149,"date":"2019-02-05T23:38:38","date_gmt":"2019-02-06T02:38:38","guid":{"rendered":"https:\/\/www.jotaposta.com.ar\/?p=3149"},"modified":"2019-02-05T23:38:38","modified_gmt":"2019-02-06T02:38:38","slug":"el-beso-del-papa","status":"publish","type":"post","link":"https:\/\/jotaposta.com.ar\/jposta\/2019\/02\/05\/el-beso-del-papa\/","title":{"rendered":"El Beso del Papa"},"content":{"rendered":"\n<p>La llegada del\u00a0papa Francisco\u00a0a\u00a0<strong>Emiratos \u00c1rabes Unidos\u00a0<\/strong>es todo un acontecimiento a nivel mundial. Se trata de la primera visita de un pont\u00edfice a la pen\u00ednsula ar\u00e1biga, cuna del islam.<\/p>\n\n\n\n<p>En su primer d\u00eda oficial en\u00a0Abu Dhabi, Francisco encabez\u00f3 una reuni\u00f3n internacional interreligiosa ante cientos de participantes. En ese escenario fue en donde se materializ\u00f3 un gesto de\u00a0trascendencia a nivel global.\u00a0<\/p>\n\n\n\n<p><strong>El papa bes\u00f3 al im\u00e1n Sheikh Ahmed al Tayeb<\/strong>, luego de firmar un documento sobre la lucha contra el terrorismo es, sin dudas, la foto que recorri\u00f3 el mundo.<\/p>\n","protected":false},"excerpt":{"rendered":"<p>La llegada del\u00a0papa Francisco\u00a0a\u00a0Emiratos \u00c1rabes Unidos\u00a0es todo un acontecimiento a nivel mundial. Se trata de la primera visita de un pont\u00edfice a la pen\u00ednsula ar\u00e1biga, cuna del islam. En su primer d\u00eda oficial en\u00a0Abu Dhabi, Francisco encabez\u00f3 una reuni\u00f3n internacional interreligiosa ante cientos de participantes. En ese escenario fue en donde se materializ\u00f3 un gesto &hellip;<\/p>\n","protected":false},"author":1,"featured_media":3150,"comment_status":"open","ping_status":"open","sticky":false,"template":"","format":"standard","meta":{"pagelayer_contact_templates":[],"_pagelayer_content":"","iawp_total_views":0,"footnotes":""},"categories":[20],"tags":[],"class_list":["post-3149","post","type-post","status-publish","format-standard","has-post-thumbnail","hentry","category-la-foto-del-dia"],"_links":{"self":[{"href":"https:\/\/jotaposta.com.ar\/jposta\/wp-json\/wp\/v2\/posts\/3149","targetHints":{"allow":["GET"]}}],"collection":[{"href":"https:\/\/jotaposta.com.ar\/jposta\/wp-json\/wp\/v2\/posts"}],"about":[{"href":"https:\/\/jotaposta.com.ar\/jposta\/wp-json\/wp\/v2\/types\/post"}],"author":[{"embeddable":true,"href":"https:\/\/jotaposta.com.ar\/jposta\/wp-json\/wp\/v2\/users\/1"}],"replies":[{"embeddable":true,"href":"https:\/\/jotaposta.com.ar\/jposta\/wp-json\/wp\/v2\/comments?post=3149"}],"version-history":[{"count":0,"href":"https:\/\/jotaposta.com.ar\/jposta\/wp-json\/wp\/v2\/posts\/3149\/revisions"}],"wp:featuredmedia":[{"embeddable":true,"href":"https:\/\/jotaposta.com.ar\/jposta\/wp-json\/wp\/v2\/media\/3150"}],"wp:attachment":[{"href":"https:\/\/jotaposta.com.ar\/jposta\/wp-json\/wp\/v2\/media?parent=3149"}],"wp:term":[{"taxonomy":"category","embeddable":true,"href":"https:\/\/jotaposta.com.ar\/jposta\/wp-json\/wp\/v2\/categories?post=3149"},{"taxonomy":"post_tag","embeddable":true,"href":"https:\/\/jotaposta.com.ar\/jposta\/wp-json\/wp\/v2\/tags?post=3149"}],"curies":[{"name":"wp","href":"https:\/\/api.w.org\/{rel}","templated":true}]}}