{"id":2766,"date":"2019-01-07T17:03:16","date_gmt":"2019-01-07T20:03:16","guid":{"rendered":"https:\/\/www.jotaposta.com.ar\/?p=2766"},"modified":"2019-01-07T17:03:16","modified_gmt":"2019-01-07T20:03:16","slug":"elecciones-2019-cuando-vota-cada-provincia","status":"publish","type":"post","link":"https:\/\/jotaposta.com.ar\/jposta\/2019\/01\/07\/elecciones-2019-cuando-vota-cada-provincia\/","title":{"rendered":"Elecciones 2019 &#8211; \u00bfCuando Vota cada Provincia?"},"content":{"rendered":"<p>Sin dudas el 2019 ser\u00e1 un a\u00f1o a puro v\u00e9rtigo. Tal como viene sucediendo en los pasados ciclos donde hay comicios, la agenda ya no solo se subscribe a un solo mes, sino por el contrario, se agranda.<\/p>\n<p>Con el reciente anuncio del l\u00edder rionegrino Weretilneck, confirmando que su provincia ir\u00e1 a las urnas para elegir gobernador, vicegobernador y 46 legisladores provinciales, el domingo 7 de abril, son 9 ya las provincias que desdoblan las elecciones. Un dato: toda ellas opositoras.<\/p>\n<p>En tanto se espera que el mes pr\u00f3ximo Misiones de a conocer su calendario, donde se supone tambi\u00e9n se adelantar\u00e1n, seg\u00fan lo adelant\u00f3 el diputado nacional misionero Ricardo Welbach.<\/p>\n<p>Tiempo atr\u00e1s, en declaraciones a la Agencia oficial T\u00e9lam, el gobernador de Chaco, Domingo Peppo, afirm\u00f3 que en su provincia con las PASO habr\u00e1<em> &#8220;como m\u00ednimo&#8221;<\/em> cuatro elecciones <em>&#8220;las dos provinciales, m\u00e1s las dos nacionales&#8221;.<\/em><\/p>\n<h2>EL RESTO DE LAS PROVINCIAS<\/h2>\n<p><strong>\u00a0La Pampa:<\/strong> El gobernador Carlos Verna dispuso que las elecciones primarias se lleven cabo el 17 de febrero y tres meses despu\u00e9s las generales, previstas para el 19 de mayo.<\/p>\n<p><strong>Neuqu\u00e9n:<\/strong> Aqu\u00ed no habr\u00e1 primarias abiertas, puesto que cada frente electoral define sus candidaturas en internas partidarias. En este sentido, el gobernador y l\u00edder del Movimiento Popular Neuquino (MPN) Omar Guti\u00e9rrez llam\u00f3 a votar el 10 de marzo.<\/p>\n<p><strong>San Juan<\/strong>: El primer mandatario, Sergio U\u00f1ac, fij\u00f3 las elecciones primarias de esa provincia para el 31 de marzo, mientras que las generales se llevar\u00e1n a cabo el 2 de junio.<\/p>\n<p><strong>Chubut:<\/strong> En el sur las primeras se realizar\u00e1n el 7 de abril y las generales el 9 de junio, seg\u00fan lo dispuesto por el mandatario Mariano Arcioni.<\/p>\n<p><strong>Entre\u00a0<\/strong><b>R\u00edos<\/b>: El gobernador, Gustavo Bordet, fijo el 14 de abril para definir las candidaturas y el 9 de junio las generales.<\/p>\n<p><strong>Santa Fe:<\/strong> El gobernador socialista Miguel Lifschitz, convoc\u00f3 las primarias abiertas para el 28 de abril y las generales para el 16 de junio.<\/p>\n<p><b>C\u00f3rdoba<\/b><strong>:<\/strong> En este caso, el l\u00edder Juan Schiaretti, estableci\u00f3 las elecciones para el 12 de mayo, sin primarias.<\/p>\n<p>Por \u00faltimo en <strong>Tucum\u00e1n<\/strong> ,el gobernador Juan Manzur, cuenta desde la semana pasada con el aval de la Sala I de la C\u00e1mara de Apelaciones, que lo habilit\u00f3 a anticipar las elecciones de su provincia a los comicios nacionales<\/p>\n<p>S\u00f3lo <strong>Salta<\/strong> y <strong>Formosa<\/strong>, gobernadas por los peronistas Juan Manuel Urtubey y Gildo Insfr\u00e1n, aseguraron que unificar\u00e1n los comicios con los nacionales. A su vez, la santacruce\u00f1a Alicia Kirchner tambi\u00e9n podr\u00eda definir el desdoblamiento.<\/p>\n<p>En tanto en<strong> Tierra del Fuego<\/strong>, fuentes del gobierno provincial especulan que Bertone podr\u00eda anunciar las fechas, antes de la llegada de Macri a la provincia.<\/p>\n<p>Incluso dentro del seno de de Cambiemos, la Provincia de <strong>Buenos Aires<\/strong>, empez\u00f3 a discutir el desdoblamiento con la comisi\u00f3n bicameral integrada por ocho diputados y ocho senadores que se reuni\u00f3 por primera vez en Mar del Plata<\/p>\n<p>Sin comisi\u00f3n especial, tambi\u00e9n se discute en otros dos territorios de Cambiemos: Gerardo Morales de <strong>Jujuy<\/strong> y Alfredo Cornejo de <strong>Mendoza<\/strong>.<\/p>\n<p>Por \u00faltimo y a diferencia de los mandatarios provinciales, el jefe de gobierno porte\u00f1o, Horacio Rodr\u00edguez Larreta eval\u00faa unificar las elecciones con las nacionales. Ya logr\u00f3 la habilitaci\u00f3n de la Legislatura para definir la fecha de convocatoria.<\/p>\n","protected":false},"excerpt":{"rendered":"<p>Sin dudas el 2019 ser\u00e1 un a\u00f1o a puro v\u00e9rtigo. Tal como viene sucediendo en los pasados ciclos donde hay comicios, la agenda ya no solo se subscribe a un solo mes, sino por el contrario, se agranda. Con el reciente anuncio del l\u00edder rionegrino Weretilneck, confirmando que su provincia ir\u00e1 a las urnas para &hellip;<\/p>\n","protected":false},"author":1,"featured_media":2767,"comment_status":"open","ping_status":"open","sticky":false,"template":"","format":"standard","meta":{"pagelayer_contact_templates":[],"_pagelayer_content":"","iawp_total_views":5,"footnotes":""},"categories":[3,4],"tags":[],"class_list":["post-2766","post","type-post","status-publish","format-standard","has-post-thumbnail","hentry","category-actualidad","category-actualidad-politica"],"_links":{"self":[{"href":"https:\/\/jotaposta.com.ar\/jposta\/wp-json\/wp\/v2\/posts\/2766","targetHints":{"allow":["GET"]}}],"collection":[{"href":"https:\/\/jotaposta.com.ar\/jposta\/wp-json\/wp\/v2\/posts"}],"about":[{"href":"https:\/\/jotaposta.com.ar\/jposta\/wp-json\/wp\/v2\/types\/post"}],"author":[{"embeddable":true,"href":"https:\/\/jotaposta.com.ar\/jposta\/wp-json\/wp\/v2\/users\/1"}],"replies":[{"embeddable":true,"href":"https:\/\/jotaposta.com.ar\/jposta\/wp-json\/wp\/v2\/comments?post=2766"}],"version-history":[{"count":0,"href":"https:\/\/jotaposta.com.ar\/jposta\/wp-json\/wp\/v2\/posts\/2766\/revisions"}],"wp:featuredmedia":[{"embeddable":true,"href":"https:\/\/jotaposta.com.ar\/jposta\/wp-json\/wp\/v2\/media\/2767"}],"wp:attachment":[{"href":"https:\/\/jotaposta.com.ar\/jposta\/wp-json\/wp\/v2\/media?parent=2766"}],"wp:term":[{"taxonomy":"category","embeddable":true,"href":"https:\/\/jotaposta.com.ar\/jposta\/wp-json\/wp\/v2\/categories?post=2766"},{"taxonomy":"post_tag","embeddable":true,"href":"https:\/\/jotaposta.com.ar\/jposta\/wp-json\/wp\/v2\/tags?post=2766"}],"curies":[{"name":"wp","href":"https:\/\/api.w.org\/{rel}","templated":true}]}}