{"id":2584,"date":"2018-11-07T15:20:15","date_gmt":"2018-11-07T18:20:15","guid":{"rendered":"https:\/\/www.jotaposta.com.ar\/?p=2584"},"modified":"2018-11-07T15:20:15","modified_gmt":"2018-11-07T18:20:15","slug":"cine-en-el-bellas-artes","status":"publish","type":"post","link":"https:\/\/jotaposta.com.ar\/jposta\/2018\/11\/07\/cine-en-el-bellas-artes\/","title":{"rendered":"Cine en el Bellas Artes"},"content":{"rendered":"<p>Desde el 10 de noviembre,<strong> el Museo Nacional de Bellas Artes presenta en el Cine Amigos\u00a0del Bellas Artes<\/strong> una selecci\u00f3n de seis pel\u00edculas con poca o nula circulaci\u00f3n comercial en\u00a0nuestro pa\u00eds, que revelan aspectos de la obra de grandes artistas en Espa\u00f1a, desde el\u00a0barroco Bartolom\u00e9 Esteban Murillo hasta Pablo Picasso y Salvador Dal\u00ed, genios creativos\u00a0del siglo XX. Las funciones se realizar\u00e1n los s\u00e1bados y domingos del mes, a las 19, con\u00a0entrada gratuita.<\/p>\n<p>El ciclo \u201cArte espa\u00f1ol y cine: la pantalla es un lienzo\u201d comenzar\u00e1 el s\u00e1bado 10, con la proyecci\u00f3n de \u201cMurillo, el \u00faltimo viaje\u201d, dirigida por Jos\u00e9 Manuel G\u00f3mez Vidal. En el filme,\u00a0tres especialistas son testigos del viaje de ida y vuelta, desde Par\u00eds hasta Sevilla, de una\u00a0de las pinturas m\u00e1s c\u00e9lebres del artista espa\u00f1ol: \u201cEl joven mendigo\u201d.<\/p>\n<p>El domingo 11, en tanto, podr\u00e1 verse \u201cMalpartida Fluxus Village\u201d, de Mar\u00eda P\u00e9rez Sanz, que narra el viaje de algunos miembros del grupo Fluxus al pueblo espa\u00f1ol donde el\u00a0artista hispano-alem\u00e1n Wolf Vostell fund\u00f3 un museo de arte contempor\u00e1neo.<\/p>\n<p>El s\u00e1bado 17, la propuesta ser\u00e1 \u201c&#8230;ere erera baleibu izik subua aruaren&#8230;\u201d, del vasco Jos\u00e9 Antonio Sistiaga, considerado el primer largometraje abstracto del cine mundial. Realizado entre 1968 y 1970, el filme fue pintado a mano, fotograma a fotograma, directamente sobre el celuloide de 35 mm y solo fue proyectado en\u00a0la\u00a0Argentina\u00a0durante\u00a0la 10.<sup>a<\/sup>\u00a0edici\u00f3n del Bafici, en 2018. En tanto, \u201cEl misterio Picasso\u201d, la pel\u00edcula de 1958 del franc\u00e9s Henri-Georges Clouzot, que muestra al artista malague\u00f1o trabajando en su estudio, se\u00a0ver\u00e1\u00a0el domingo 18.<\/p>\n<p>En el \u00faltimo fin de semana de noviembre, el s\u00e1bado 24 se exhibir\u00e1 \u201cLa llave Dal\u00ed\u201d, de David Fern\u00e1ndez Garc\u00eda, que cuenta la lucha del cient\u00edfico y artista Tomeu l\u2019Amo por\u00a0demostrar que un cuadro que compr\u00f3 en un anticuario es obra del famoso pintor\u00a0surrealista. Finalmente, el domingo 25 ser\u00e1 el turno de \u201cOca\u00f1a, retrato intermitente\u201d, una\u00a0visi\u00f3n intimista del director Ventura Pons sobre el pintor andaluz Jos\u00e9 P\u00e9rez Oca\u00f1a.<\/p>\n<p>El ciclo \u201cArte espa\u00f1ol y cine: la pantalla es un lienzo\u201d, curado por el asturiano Fran Gayo,\u00a0est\u00e1 organizado por la Embajada de Espa\u00f1a en la Argentina y el Centro Cultural de\u00a0Espa\u00f1a en Buenos Aires (CCEBA), con el apoyo del Museo Nacional de Bellas Artes y la\u00a0colaboraci\u00f3n de la Filmoteca Vasca, el Instituto Cultural de la Embajada de Francia, la\u00a0Alianza Francesa y la Asociaci\u00f3n Amigos del Museo Nacional de Bellas Artes.<\/p>\n<p>Las funciones se realizar\u00e1n en el Cine Amigos del Bellas Artes (Av. Figueroa Alcorta\u00a02280), con entrada gratuita, hasta colmar la capacidad de la sala. Ubicado a espaldas del\u00a0Museo Nacional de Bellas Artes, el espacio tiene capacidad para 235 personas y est\u00e1\u00a0dedicado a la proyecci\u00f3n de filmes que habitualmente no llegan a los \u00e1mbitos\u00a0comerciales. En 2014, el cine fue restaurado con nuevas butacas, mejoras ac\u00fasticas y\u00a0t\u00e9cnicas, y una arquitectura moderna y confortable.<\/p>\n<p>&nbsp;<\/p>\n<p><strong><u>Programaci\u00f3n de noviembre:<\/u><\/strong><\/p>\n<p><strong>S\u00e1bado 10, a las 19<\/strong><br \/>\n<em>\u201cMurillo, el \u00faltimo viaje\u201d<\/em>\u00a0(Espa\u00f1a, 2017)<br \/>\nDuraci\u00f3n: 70 minutos<br \/>\nDirecci\u00f3n: Jos\u00e9 Manuel G\u00f3mez Vidal<br \/>\nEl pintor Bartolom\u00e9 Esteban Murillo fue objeto de un expolio premeditado que ha dispersado su obra por los museos m\u00e1s importantes del mundo. Enrique Valdivieso, especialista en pintura sevillana del siglo XVII; Guillaume Kientz, conservador del Museo del Louvre; y Gabriele Finaldi, director de la National Gallery de Londres, ser\u00e1n testigos\u00a0del viaje de ida y vuelta, desde Par\u00eds hasta Sevilla, que padeci\u00f3 una de sus pinturas m\u00e1s\u00a0c\u00e9lebres: \u201cEl joven mendigo\u201d.<\/p>\n<p><strong>Domingo 11, a las 19<\/strong><br \/>\n<em>\u201cMalpartida Fluxus Village\u201d<\/em>\u00a0(Espa\u00f1a, 2015)<br \/>\nDuraci\u00f3n: 72 minutos<br \/>\nDirecci\u00f3n: Mar\u00eda P\u00e9rez Sanz<br \/>\nA mediados de los a\u00f1os 70, el artista alem\u00e1n Wolf Vostell (1932-1998) se mud\u00f3 con su familia al peque\u00f1o pueblo extreme\u00f1o de Malpartida de C\u00e1ceres. All\u00ed, en medio de una\u00a0naturaleza primitiva, fund\u00f3 un museo de arte contempor\u00e1neo en contacto con los\u00a0habitantes de la zona, lo que convirti\u00f3 al lugar en el primer pueblo Fluxus. Para\u00a0homenajear a Vostell en el que hubiera sido su octog\u00e9simo cumplea\u00f1os, los artistas del\u00a0grupo Fluxus vuelven a Malpartida.<\/p>\n<p><strong>S\u00e1bado 17, a las 19<\/strong><br \/>\n<em>\u201c&#8230;ere erera baleibu izik subua aruaren&#8230;\u201d<\/em>\u00a0(Espa\u00f1a, 1968-1970)<br \/>\nDuraci\u00f3n: 70 minutos<br \/>\nDirecci\u00f3n: Jos\u00e9 Antonio Sistiaga<br \/>\nConsiderado el primer largometraje abstracto del cine mundial, compuesto por cerca de\u00a0100.000 fotogramas pintados a mano, el filme revolucion\u00f3 la concepci\u00f3n existente hasta\u00a0ese momento de la pintura sobre celuloide.<\/p>\n<p>&nbsp;<\/p>\n<p><strong>Domingo 18, a las 19<\/strong><br \/>\n<em>\u201cEl misterio Picasso\u201d<\/em>\u00a0(Francia, 1956)<br \/>\nDuraci\u00f3n: 78 minutos<br \/>\nDirecci\u00f3n: Henri-Georges Clouzot<br \/>\nEn esta cinta, Henri-Georges Clouzot nos permite contemplar c\u00f3mo trabajaba un genio\u00a0art\u00edstico: Pablo Picasso. La pel\u00edcula muestra al malague\u00f1o en su estudio, en plena labor\u00a0creadora. El director film\u00f3 el largometraje con una novedosa t\u00e9cnica cinematogr\u00e1fica,\u00a0gracias a la cual los espectadores son testigos de las pinceladas que el maestro va\u00a0creando.<\/p>\n<p><strong>S\u00e1bado 24, a las 19<\/strong><br \/>\n<em>\u201cLa llave Dal\u00ed\u201d<\/em>\u00a0(Espa\u00f1a, 2016)<br \/>\nDuraci\u00f3n: 79 minutos<br \/>\nDirecci\u00f3n: David Fern\u00e1ndez Garc\u00eda<br \/>\nLa pel\u00edcula cuenta la apasionante lucha del cient\u00edfico y artista mallorqu\u00edn Tomeu l\u2019Amo por\u00a0demostrar que un cuadro adquirido en un anticuario en 1989 es obra del famoso pintor\u00a0surrealista. Durante su investigaci\u00f3n, Tomeu descubrir\u00e1 el c\u00f3digo secreto que Dal\u00ed afirm\u00f3\u00a0que utilizaba en muchas de sus creaciones. Este hallazgo aporta un nuevo significado a la\u00a0obra daliniana.<\/p>\n<p><strong>Domingo 25, a las 19<\/strong><br \/>\n<em>\u201cOca\u00f1a, retrato intermitente\u201d<\/em>\u00a0(Espa\u00f1a, 1978)<br \/>\nDuraci\u00f3n: 85 minutos<br \/>\nDirecci\u00f3n: Ventura Pons<br \/>\nEl filme ofrece una visi\u00f3n intimista del pintor andaluz Jos\u00e9 P\u00e9rez Oca\u00f1a, un personaje que\u00a0marc\u00f3 la vida de la Rambla y la Plaza Real en la Barcelona de finales de los a\u00f1os 70, una\u00a0ciudad con mucha vida cultural y ansias de libertad. Se trata de un retrato intermitente,\u00a0roto por la \u201cprovocaci\u00f3n del recuerdo\u201d. En su casa, el artista nos habla de su vida y, al\u00a0mismo tiempo, vemos el mundo que emana de su subconsciente.<\/p>\n<p>&nbsp;<\/p>\n","protected":false},"excerpt":{"rendered":"<p>Desde el 10 de noviembre, el Museo Nacional de Bellas Artes presenta en el Cine Amigos\u00a0del Bellas Artes una selecci\u00f3n de seis pel\u00edculas con poca o nula circulaci\u00f3n comercial en\u00a0nuestro pa\u00eds, que revelan aspectos de la obra de grandes artistas en Espa\u00f1a, desde el\u00a0barroco Bartolom\u00e9 Esteban Murillo hasta Pablo Picasso y Salvador Dal\u00ed, genios creativos\u00a0del &hellip;<\/p>\n","protected":false},"author":1,"featured_media":2585,"comment_status":"open","ping_status":"open","sticky":false,"template":"","format":"standard","meta":{"pagelayer_contact_templates":[],"_pagelayer_content":"","iawp_total_views":0,"footnotes":""},"categories":[5],"tags":[],"class_list":["post-2584","post","type-post","status-publish","format-standard","has-post-thumbnail","hentry","category-jp-agenda"],"_links":{"self":[{"href":"https:\/\/jotaposta.com.ar\/jposta\/wp-json\/wp\/v2\/posts\/2584","targetHints":{"allow":["GET"]}}],"collection":[{"href":"https:\/\/jotaposta.com.ar\/jposta\/wp-json\/wp\/v2\/posts"}],"about":[{"href":"https:\/\/jotaposta.com.ar\/jposta\/wp-json\/wp\/v2\/types\/post"}],"author":[{"embeddable":true,"href":"https:\/\/jotaposta.com.ar\/jposta\/wp-json\/wp\/v2\/users\/1"}],"replies":[{"embeddable":true,"href":"https:\/\/jotaposta.com.ar\/jposta\/wp-json\/wp\/v2\/comments?post=2584"}],"version-history":[{"count":0,"href":"https:\/\/jotaposta.com.ar\/jposta\/wp-json\/wp\/v2\/posts\/2584\/revisions"}],"wp:featuredmedia":[{"embeddable":true,"href":"https:\/\/jotaposta.com.ar\/jposta\/wp-json\/wp\/v2\/media\/2585"}],"wp:attachment":[{"href":"https:\/\/jotaposta.com.ar\/jposta\/wp-json\/wp\/v2\/media?parent=2584"}],"wp:term":[{"taxonomy":"category","embeddable":true,"href":"https:\/\/jotaposta.com.ar\/jposta\/wp-json\/wp\/v2\/categories?post=2584"},{"taxonomy":"post_tag","embeddable":true,"href":"https:\/\/jotaposta.com.ar\/jposta\/wp-json\/wp\/v2\/tags?post=2584"}],"curies":[{"name":"wp","href":"https:\/\/api.w.org\/{rel}","templated":true}]}}