{"id":2545,"date":"2020-11-10T06:52:51","date_gmt":"2020-11-10T09:52:51","guid":{"rendered":"https:\/\/www.jotaposta.com.ar\/?p=2545"},"modified":"2026-05-18T12:31:16","modified_gmt":"2026-05-18T12:31:16","slug":"que-es-para-un-argentino-la-tradicion","status":"publish","type":"post","link":"https:\/\/jotaposta.com.ar\/jposta\/2020\/11\/10\/que-es-para-un-argentino-la-tradicion\/","title":{"rendered":"\u00bfQue es Para un Argentino la Tradici\u00f3n?"},"content":{"rendered":"<p>Hoy\u00a0se celebra el <strong>\u201cD\u00eda de la Tradici\u00f3n\u201d<\/strong>. \u00a0El periodista, diplom\u00e1tico, estadista colombiano y dos veces Presidente de ese pa\u00eds, Alberto Lleras Camargo, consideraba sabiamente que un<em> \u201cUn pueblo sin tradici\u00f3n es un pueblo sin porvenir\u201d.<\/em><img loading=\"lazy\" decoding=\"async\" class=\" wp-image-1139 alignright\" src=\"https:\/\/juanjoposta.files.wordpress.com\/2016\/11\/humor-adictamente-18.jpg?w=332&amp;h=378\" sizes=\"auto, (max-width: 332px) 100vw, 332px\" srcset=\"https:\/\/juanjoposta.files.wordpress.com\/2016\/11\/humor-adictamente-18.jpg?w=332&amp;h=378 332w, https:\/\/juanjoposta.files.wordpress.com\/2016\/11\/humor-adictamente-18.jpg?w=132&amp;h=150 132w, https:\/\/juanjoposta.files.wordpress.com\/2016\/11\/humor-adictamente-18.jpg?w=263&amp;h=300 263w, https:\/\/juanjoposta.files.wordpress.com\/2016\/11\/humor-adictamente-18.jpg 643w\" alt=\"humor-adictamente-18\" width=\"332\" height=\"378\" data-attachment-id=\"1139\" data-permalink=\"https:\/\/juanjoposta.wordpress.com\/2016\/11\/10\/ques-es-para-un-argentino-la-tradicion\/humor-adictamente-18\/\" data-orig-file=\"https:\/\/juanjoposta.files.wordpress.com\/2016\/11\/humor-adictamente-18.jpg?w=332&amp;h=378\" data-orig-size=\"643,733\" data-comments-opened=\"1\" data-image-meta=\"{&quot;aperture&quot;:&quot;0&quot;,&quot;credit&quot;:&quot;&quot;,&quot;camera&quot;:&quot;&quot;,&quot;caption&quot;:&quot;&quot;,&quot;created_timestamp&quot;:&quot;0&quot;,&quot;copyright&quot;:&quot;&quot;,&quot;focal_length&quot;:&quot;0&quot;,&quot;iso&quot;:&quot;0&quot;,&quot;shutter_speed&quot;:&quot;0&quot;,&quot;title&quot;:&quot;&quot;,&quot;orientation&quot;:&quot;0&quot;}\" data-image-title=\"humor-adictamente-18\" data-image-description=\"\" data-medium-file=\"https:\/\/juanjoposta.files.wordpress.com\/2016\/11\/humor-adictamente-18.jpg?w=332&amp;h=378?w=263\" data-large-file=\"https:\/\/juanjoposta.files.wordpress.com\/2016\/11\/humor-adictamente-18.jpg?w=332&amp;h=378?w=643\" \/><\/p>\n<p>Pero sucede que para quienes habitamos en este vasto territorio del Cono Sur del planeta, desde el siglo XIX cuando los barcos europeos se apostaban en el puerto y torrentes de inmigrantes descend\u00edan para, m\u00e1s tarde, emprender una mezcla rara de culturas, se nos resulta complejo poder dise\u00f1ar una identidad, una cultura natural, una \u00fanica tradici\u00f3n.<\/p>\n<p>Porque esa mezcolanza de mestizos, italianos y espa\u00f1oles dio origen a m\u00faltiples facetas, que permiti\u00f3 al extranjero relacionarnos con el gaucho, pero tambi\u00e9n con el malevo, el guapo, el porte\u00f1o que \u201clas sabe lungas\u201d o el \u201cargento\u201d engre\u00eddo de los \u00faltimos tiempos.<\/p>\n<p>Es que ser argentino es ser todo eso junto. Es el mate con tortas fritas el d\u00eda de lluvia. La pasta de la abuela los domingos, para dejar espacio al F\u00fatbol luego. Y si hablamos de tribunas hablamos de Clemente y enseguida nos asemejamos a Malfalda. Es Gardel y al mismo tiempo es folklore o cumbia. Es asado con ensalada pero acaso tambi\u00e9n es milanesa con pur\u00e9.<\/p>\n<p>Porque el \u201cser\u201d ar<img loading=\"lazy\" decoding=\"async\" class=\" wp-image-1137 alignleft\" src=\"https:\/\/juanjoposta.files.wordpress.com\/2016\/11\/civilizacion2.jpg?w=312&amp;h=429\" sizes=\"auto, (max-width: 312px) 100vw, 312px\" srcset=\"https:\/\/juanjoposta.files.wordpress.com\/2016\/11\/civilizacion2.jpg?w=312&amp;h=429 312w, https:\/\/juanjoposta.files.wordpress.com\/2016\/11\/civilizacion2.jpg?w=109&amp;h=150 109w, https:\/\/juanjoposta.files.wordpress.com\/2016\/11\/civilizacion2.jpg?w=218&amp;h=300 218w, https:\/\/juanjoposta.files.wordpress.com\/2016\/11\/civilizacion2.jpg 509w\" alt=\"civilizacion2\" width=\"312\" height=\"429\" data-attachment-id=\"1137\" data-permalink=\"https:\/\/juanjoposta.wordpress.com\/2016\/11\/10\/ques-es-para-un-argentino-la-tradicion\/civilizacion2\/\" data-orig-file=\"https:\/\/juanjoposta.files.wordpress.com\/2016\/11\/civilizacion2.jpg?w=312&amp;h=429\" data-orig-size=\"509,700\" data-comments-opened=\"1\" data-image-meta=\"{&quot;aperture&quot;:&quot;0&quot;,&quot;credit&quot;:&quot;&quot;,&quot;camera&quot;:&quot;&quot;,&quot;caption&quot;:&quot;&quot;,&quot;created_timestamp&quot;:&quot;0&quot;,&quot;copyright&quot;:&quot;&quot;,&quot;focal_length&quot;:&quot;0&quot;,&quot;iso&quot;:&quot;0&quot;,&quot;shutter_speed&quot;:&quot;0&quot;,&quot;title&quot;:&quot;&quot;,&quot;orientation&quot;:&quot;0&quot;}\" data-image-title=\"civilizacion2\" data-image-description=\"\" data-medium-file=\"https:\/\/juanjoposta.files.wordpress.com\/2016\/11\/civilizacion2.jpg?w=312&amp;h=429?w=218\" data-large-file=\"https:\/\/juanjoposta.files.wordpress.com\/2016\/11\/civilizacion2.jpg?w=312&amp;h=429?w=509\" \/>gentino es algo dif\u00edcil de expresar con un s\u00f3lo termino. Presenta en sus genes una mixtura de virtudes y defectos contradictorios que imposibilitan una descripci\u00f3n exacta. Ah\u00ed tenemos, por ejemplo, a simple vista la Avenida 9 de Julio, por caso, para presumir cuando comentamos que (otrora y pre dise\u00f1o del \u201cMetrobus\u201d) era\u00a0 la m\u00e1s ancha del mundo y a su vez para sufrirla un lunes por la ma\u00f1ana, aun, con su tr\u00e1fico incorregible.<\/p>\n<p>As\u00ed somos, discordantes. Cuando nos referimos a \u00e9l (perd\u00f3n, a \u00c9l con may\u00fascula) Pelusa, el Diego, un pasaporte abierto en cada pa\u00eds que asistimos, genio incomparable que se reinventa en cada instant\u00e1nea de \u00e9se el mejor de todos los goles en un Mundial. \u00a0O Maradona, a secas, al verlo fuera de las canchas por un error, que nos averg\u00fcenza (cuando nos convertimos en el argentino hip\u00f3crita), que no merece perd\u00f3n (cuando nos creemos juez y verdugo de todos) y que compadecimos (cuando aflora el argentino solidario).<img loading=\"lazy\" decoding=\"async\" class=\" wp-image-1140 alignright\" src=\"https:\/\/juanjoposta.files.wordpress.com\/2016\/11\/palito-de-abolir-ideologias.jpg?w=413&amp;h=533\" sizes=\"auto, (max-width: 413px) 100vw, 413px\" srcset=\"https:\/\/juanjoposta.files.wordpress.com\/2016\/11\/palito-de-abolir-ideologias.jpg?w=413&amp;h=533 413w, https:\/\/juanjoposta.files.wordpress.com\/2016\/11\/palito-de-abolir-ideologias.jpg?w=116&amp;h=150 116w, https:\/\/juanjoposta.files.wordpress.com\/2016\/11\/palito-de-abolir-ideologias.jpg?w=233&amp;h=300 233w, https:\/\/juanjoposta.files.wordpress.com\/2016\/11\/palito-de-abolir-ideologias.jpg 496w\" alt=\"palito-de-abolir-ideologias\" width=\"413\" height=\"533\" data-attachment-id=\"1140\" data-permalink=\"https:\/\/juanjoposta.wordpress.com\/2016\/11\/10\/ques-es-para-un-argentino-la-tradicion\/palito-de-abolir-ideologias\/\" data-orig-file=\"https:\/\/juanjoposta.files.wordpress.com\/2016\/11\/palito-de-abolir-ideologias.jpg?w=413&amp;h=533\" data-orig-size=\"496,640\" data-comments-opened=\"1\" data-image-meta=\"{&quot;aperture&quot;:&quot;0&quot;,&quot;credit&quot;:&quot;&quot;,&quot;camera&quot;:&quot;&quot;,&quot;caption&quot;:&quot;&quot;,&quot;created_timestamp&quot;:&quot;0&quot;,&quot;copyright&quot;:&quot;&quot;,&quot;focal_length&quot;:&quot;0&quot;,&quot;iso&quot;:&quot;0&quot;,&quot;shutter_speed&quot;:&quot;0&quot;,&quot;title&quot;:&quot;&quot;,&quot;orientation&quot;:&quot;0&quot;}\" data-image-title=\"palito-de-abolir-ideologias\" data-image-description=\"\" data-medium-file=\"https:\/\/juanjoposta.files.wordpress.com\/2016\/11\/palito-de-abolir-ideologias.jpg?w=413&amp;h=533?w=233\" data-large-file=\"https:\/\/juanjoposta.files.wordpress.com\/2016\/11\/palito-de-abolir-ideologias.jpg?w=413&amp;h=533?w=496\" \/><\/p>\n<p>Y que decir de Messi, la pulga que nos enorgullece cuando el mundo se arrodilla a sus pies, en cada una de sus gambetas, o sus goles. O el Messi que al que \u201cconsideramos\u201d espa\u00f1ol cuasi traidor, cuando aflora el argentino exitista y le pedimos que mejor se \u201cquede en el Barcelona\u201d si no nos va a \u201cregalar\u201d un Mundial con la celeste y Blanca. As\u00ed de cambiantes, de sentimientos encontrados, de esquizofr\u00e9nicos incorregibles somos.<\/p>\n<p>Mezcla rara engloba ese \u201cser\u201d nacional. Ese patriotismo que brota en situaciones tan diferentes como inesperadas. Aquel que nos aglomer\u00f3 en la Plaza de Mayo cuando escuchamos el \u201csi quieren venir que vengan, le daremos batalla\u201d y el mismo que desaparece, apenado, con el \u201cNunca M\u00e1s\u201d en los labios de un acongojado S\u00e1bato.<\/p>\n<p>Porque estamos acostumbrados a sufrir varios golpes bajos en nuestra historia, es que somos un poco \u201ctodo terreno\u201d y en cada lugar del mundo donde nos encontremos, siempre sabemos \u201czafar\u201d. \u00bfC\u00f3mo no hacerlo? Si sabemos de Tablitas, de \u201cdeme dos\u201d, de \u201cdescamisados\u201d o Plan Austral. Si tuvimos hiperinflaci\u00f3n, recesi\u00f3n, convertibilidad y corralito.<\/p>\n<p><img decoding=\"async\" class=\" size-full wp-image-1138 alignleft\" src=\"https:\/\/juanjoposta.files.wordpress.com\/2016\/11\/clarin-videla-ernestina-papel-prensa.jpg?w=1000\" sizes=\"(max-width: 400px) 100vw, 400px\" srcset=\"https:\/\/juanjoposta.files.wordpress.com\/2016\/11\/clarin-videla-ernestina-papel-prensa.jpg 400w, https:\/\/juanjoposta.files.wordpress.com\/2016\/11\/clarin-videla-ernestina-papel-prensa.jpg?w=109 109w, https:\/\/juanjoposta.files.wordpress.com\/2016\/11\/clarin-videla-ernestina-papel-prensa.jpg?w=218 218w\" alt=\"clarin-videla-ernestina-papel-prensa\" data-attachment-id=\"1138\" data-permalink=\"https:\/\/juanjoposta.wordpress.com\/2016\/11\/10\/ques-es-para-un-argentino-la-tradicion\/clarin-videla-ernestina-papel-prensa\/\" data-orig-file=\"https:\/\/juanjoposta.files.wordpress.com\/2016\/11\/clarin-videla-ernestina-papel-prensa.jpg?w=1000\" data-orig-size=\"400,551\" data-comments-opened=\"1\" data-image-meta=\"{&quot;aperture&quot;:&quot;0&quot;,&quot;credit&quot;:&quot;&quot;,&quot;camera&quot;:&quot;&quot;,&quot;caption&quot;:&quot;&quot;,&quot;created_timestamp&quot;:&quot;0&quot;,&quot;copyright&quot;:&quot;&quot;,&quot;focal_length&quot;:&quot;0&quot;,&quot;iso&quot;:&quot;0&quot;,&quot;shutter_speed&quot;:&quot;0&quot;,&quot;title&quot;:&quot;&quot;,&quot;orientation&quot;:&quot;0&quot;}\" data-image-title=\"clarin-videla-ernestina-papel-prensa\" data-image-description=\"\" data-medium-file=\"https:\/\/juanjoposta.files.wordpress.com\/2016\/11\/clarin-videla-ernestina-papel-prensa.jpg?w=1000?w=218\" data-large-file=\"https:\/\/juanjoposta.files.wordpress.com\/2016\/11\/clarin-videla-ernestina-papel-prensa.jpg?w=1000?w=400\" \/>Es complejo identificarnos, porque somos demasiados variables. Somos un poco Mart\u00edn Fierro y al un\u00edsono \u201cCivilizaci\u00f3n y Barbarie\u201d. Nos sentimos identificados con San Mart\u00edn, Evita o el Che, pero reconocemos rasgos propios en Inodoro Pereyra, Isidoro Ca\u00f1ones o el inolvidable \u201cNo vamo\u00b4a trabajar\u201d de Rodolfo Zapata.<\/p>\n<p><em>\u00bfC\u00f3mo vamos a pretender entrar en una estructura l\u00f3gica de razonamiento si confluyen en nuestra sociedad antinomias que no se dan en otro punto del orbe?<\/em> Si somos los mismos que ponemos, indignados, en nuestra redes sociales las fotos de los ni\u00f1os que mueren producto de la atroz crisis de inmigrantes que azota Europa, y por lo bajo nos quejamos con la vecina de que los nenes de pa\u00edses lim\u00edtrofes vienen \u201ca curarse gratis en nuestros hospitales\u201d.<\/p>\n<p>Porque ser argentino es algo que la raz\u00f3n no entiende. Quiz\u00e1s por eso es tan complicado entender que festejamos cada \u00a010 de Noviembre cuando hablamos de \u201cTradici\u00f3n\u201d. Porque tenemos mucho, de lo bueno y de lo malo. Porque descendemos de tantas culturas que no existe una sola costumbre. Porque como dec\u00eda el periodista y escritor Ra\u00fal Gonz\u00e1lez Tu\u00f1\u00f3n<em> \u2018ser argentino es una manera de ser universal\u2019.<\/em><\/p>\n","protected":false},"excerpt":{"rendered":"<p>Hoy\u00a0se celebra el \u201cD\u00eda de la Tradici\u00f3n\u201d. \u00a0El periodista, diplom\u00e1tico, estadista colombiano y dos veces Presidente de ese pa\u00eds, Alberto Lleras Camargo, consideraba sabiamente que un \u201cUn pueblo sin tradici\u00f3n es un pueblo sin porvenir\u201d. Pero sucede que para quienes habitamos en este vasto territorio del Cono Sur del planeta, desde el siglo XIX cuando &hellip;<\/p>\n","protected":false},"author":1,"featured_media":2546,"comment_status":"open","ping_status":"open","sticky":false,"template":"","format":"standard","meta":{"pagelayer_contact_templates":[],"_pagelayer_content":"","iawp_total_views":6,"footnotes":""},"categories":[6,25],"tags":[],"class_list":["post-2545","post","type-post","status-publish","format-standard","has-post-thumbnail","hentry","category-jp-apostillas","category-resumen-de-noticias"],"_links":{"self":[{"href":"https:\/\/jotaposta.com.ar\/jposta\/wp-json\/wp\/v2\/posts\/2545","targetHints":{"allow":["GET"]}}],"collection":[{"href":"https:\/\/jotaposta.com.ar\/jposta\/wp-json\/wp\/v2\/posts"}],"about":[{"href":"https:\/\/jotaposta.com.ar\/jposta\/wp-json\/wp\/v2\/types\/post"}],"author":[{"embeddable":true,"href":"https:\/\/jotaposta.com.ar\/jposta\/wp-json\/wp\/v2\/users\/1"}],"replies":[{"embeddable":true,"href":"https:\/\/jotaposta.com.ar\/jposta\/wp-json\/wp\/v2\/comments?post=2545"}],"version-history":[{"count":1,"href":"https:\/\/jotaposta.com.ar\/jposta\/wp-json\/wp\/v2\/posts\/2545\/revisions"}],"predecessor-version":[{"id":13691,"href":"https:\/\/jotaposta.com.ar\/jposta\/wp-json\/wp\/v2\/posts\/2545\/revisions\/13691"}],"wp:featuredmedia":[{"embeddable":true,"href":"https:\/\/jotaposta.com.ar\/jposta\/wp-json\/wp\/v2\/media\/2546"}],"wp:attachment":[{"href":"https:\/\/jotaposta.com.ar\/jposta\/wp-json\/wp\/v2\/media?parent=2545"}],"wp:term":[{"taxonomy":"category","embeddable":true,"href":"https:\/\/jotaposta.com.ar\/jposta\/wp-json\/wp\/v2\/categories?post=2545"},{"taxonomy":"post_tag","embeddable":true,"href":"https:\/\/jotaposta.com.ar\/jposta\/wp-json\/wp\/v2\/tags?post=2545"}],"curies":[{"name":"wp","href":"https:\/\/api.w.org\/{rel}","templated":true}]}}