{"id":1809,"date":"2018-07-26T10:05:41","date_gmt":"2018-07-26T13:05:41","guid":{"rendered":"http:\/\/www.jotaposta.com.ar\/?p=1809"},"modified":"2018-07-26T10:05:41","modified_gmt":"2018-07-26T13:05:41","slug":"resumen-de-noticias-11","status":"publish","type":"post","link":"https:\/\/jotaposta.com.ar\/jposta\/2018\/07\/26\/resumen-de-noticias-11\/","title":{"rendered":"Resumen de Noticias"},"content":{"rendered":"<p>El resumen de noticias de <strong>#JotaPosta<\/strong><\/p>\n<div dir=\"ltr\">\n<table>\n<tbody>\n<tr>\n<td>\n<p dir=\"ltr\">Cay\u00f3 el empleo formal en mayo y hay m\u00e1s empresas con planes de reducci\u00f3n<\/p>\n<p dir=\"ltr\">Seg\u00fan la estad\u00edstica del Ministerio de Trabajo, en comparaci\u00f3n con abril mayo termin\u00f3 con 16.900 puestos menos. De ese total, casi 6000 eran asalariados formales, 4900 trabajaban en el Estado y el resto eran monotributistas sociales. Contra 12,2 millones de trabajadores en blanco parece poco, pero la encuesta hecha por la cartera laboral a 3000 empresas en julio anticipa que esa tendencia se ampliar\u00e1 el resto del a\u00f1o.<\/p>\n<p dir=\"ltr\"><a href=\"https:\/\/www.cronista.com\/economiapolitica\/Cayo-el-empleo-formal-en-mayo-y-hay-mas-empresas-con-planes-de-reduccion-20180726-0011.html\" target=\"_blank\" rel=\"noopener\" data-saferedirecturl=\"https:\/\/www.google.com\/url?hl=es&amp;q=https:\/\/www.cronista.com\/economiapolitica\/Cayo-el-empleo-formal-en-mayo-y-hay-mas-empresas-con-planes-de-reduccion-20180726-0011.html&amp;source=gmail&amp;ust=1532696649845000&amp;usg=AFQjCNGmNmYz-8tv3MQqO4qhzNjfj3JnZQ\">El Cronista<\/a> &#8211; <a href=\"https:\/\/www.pagina12.com.ar\/130817-crisis-laboral-que-enciende-luces-de-alarma\" target=\"_blank\" rel=\"noopener\" data-saferedirecturl=\"https:\/\/www.google.com\/url?hl=es&amp;q=https:\/\/www.pagina12.com.ar\/130817-crisis-laboral-que-enciende-luces-de-alarma&amp;source=gmail&amp;ust=1532696649845000&amp;usg=AFQjCNGfY_KmqZFcHEJd78LrhhcADoI7zw\">P\u00e1gina|12<\/a> &#8211; <a href=\"http:\/\/www.ambito.com\/928688-oficial-lenta-caida-del-empleo-durante-ultimos-cinco-meses\" target=\"_blank\" rel=\"noopener\" data-saferedirecturl=\"https:\/\/www.google.com\/url?hl=es&amp;q=http:\/\/www.ambito.com\/928688-oficial-lenta-caida-del-empleo-durante-ultimos-cinco-meses&amp;source=gmail&amp;ust=1532696649845000&amp;usg=AFQjCNHPeZL8op-qWPiucehC5fDcd7QO-A\">\u00c1mbito<\/a> &#8211; <a href=\"http:\/\/media.ejes.com\/clipping\/201807\/26\/C71974238_01.jpg\" target=\"_blank\" rel=\"noopener\" data-saferedirecturl=\"https:\/\/www.google.com\/url?hl=es&amp;q=http:\/\/media.ejes.com\/clipping\/201807\/26\/C71974238_01.jpg&amp;source=gmail&amp;ust=1532696649845000&amp;usg=AFQjCNHkkset4WbvWxXFJ7P5eT2iUYrX9Q\">El Economista<\/a><\/p>\n<div dir=\"ltr\">\n<table>\n<colgroup>\n<col width=\"589\" \/><\/colgroup>\n<tbody>\n<tr>\n<td>\n<p dir=\"ltr\">Agenda econ\u00f3mica<\/p>\n<\/td>\n<\/tr>\n<\/tbody>\n<\/table>\n<\/div>\n<p dir=\"ltr\">EE.UU. y la Uni\u00f3n Europea pactan ahora una tregua en su guerra comercial<\/p>\n<p dir=\"ltr\">El presidente Trump y el jefe del Consejo Europeo acordaron ayer en la Casa Blanca frenar la imposici\u00f3n de nuevos aranceles a productos industriales, reforzar la cooperaci\u00f3n energ\u00e9tica, importar m\u00e1s soja estadounidense y trabajar en la reforma de la OMC.<\/p>\n<ul>\n<li dir=\"ltr\">\n<p dir=\"ltr\"><a href=\"https:\/\/www.clarin.com\/mundo\/giro-guerra-comercial-unidos-europa-acercan-posiciones_0_H1NguDL4X.html\" target=\"_blank\" rel=\"noopener\" data-saferedirecturl=\"https:\/\/www.google.com\/url?hl=es&amp;q=https:\/\/www.clarin.com\/mundo\/giro-guerra-comercial-unidos-europa-acercan-posiciones_0_H1NguDL4X.html&amp;source=gmail&amp;ust=1532696649845000&amp;usg=AFQjCNEUnLZpb96-u9o-qGbdsu8PKRG5QQ\">Clar\u00edn <\/a>&#8211; <a href=\"http:\/\/www.lanacion.com.ar\/2156292-acuerdo-entre-trump-y-la-ue-para-desactivar-la-guerra-comercial\" target=\"_blank\" rel=\"noopener\" data-saferedirecturl=\"https:\/\/www.google.com\/url?hl=es&amp;q=http:\/\/www.lanacion.com.ar\/2156292-acuerdo-entre-trump-y-la-ue-para-desactivar-la-guerra-comercial&amp;source=gmail&amp;ust=1532696649845000&amp;usg=AFQjCNGJlDuIGaK8otlgJJwhavJt7p13nA\">La Naci\u00f3n<\/a> &#8211; <a href=\"https:\/\/www.cronista.com\/internacionales\/Trump-y-la-UE-acordaron-una-reduccion-mutua-de-aranceles-20180725-0073.html\" target=\"_blank\" rel=\"noopener\" data-saferedirecturl=\"https:\/\/www.google.com\/url?hl=es&amp;q=https:\/\/www.cronista.com\/internacionales\/Trump-y-la-UE-acordaron-una-reduccion-mutua-de-aranceles-20180725-0073.html&amp;source=gmail&amp;ust=1532696649845000&amp;usg=AFQjCNHN-XfPzwP3g5le8a-_uTKw62rQ_g\">El Cronista<\/a> &#8211; <a href=\"http:\/\/www.ambito.com\/928682-trump-y-la-ue-dieron-marcha-atras-con-la-guerra-comercial\" target=\"_blank\" rel=\"noopener\" data-saferedirecturl=\"https:\/\/www.google.com\/url?hl=es&amp;q=http:\/\/www.ambito.com\/928682-trump-y-la-ue-dieron-marcha-atras-con-la-guerra-comercial&amp;source=gmail&amp;ust=1532696649845000&amp;usg=AFQjCNE7W1NYz6uBNfipDUiz0VBhP_lSgg\">\u00c1mbito<\/a> &#8211; <a href=\"http:\/\/media.ejes.com\/clipping\/201807\/26\/C71974238_01.jpg\" target=\"_blank\" rel=\"noopener\" data-saferedirecturl=\"https:\/\/www.google.com\/url?hl=es&amp;q=http:\/\/media.ejes.com\/clipping\/201807\/26\/C71974238_01.jpg&amp;source=gmail&amp;ust=1532696649845000&amp;usg=AFQjCNHkkset4WbvWxXFJ7P5eT2iUYrX9Q\">El Economista<\/a><\/p>\n<\/li>\n<\/ul>\n<p dir=\"ltr\">&#8211;<\/p>\n<p dir=\"ltr\">Con mayor calma en el mercado, se renov\u00f3 80% de las Letes<\/p>\n<p dir=\"ltr\">Con el d\u00f3lar en la franja de los $ 28 y los mercados emergentes en terreno positivo, el Ministerio de Hacienda logr\u00f3 ayer renovar u$s 400 millones en Letras del Tesoro a 182 d\u00edas y pag\u00f3 3,75%, apenas 10 puntos por sobre la tasa m\u00ednima que hab\u00eda garantizado. La cifra, equivalente al 80% del vencimiento, fue bien recibida por el equipo econ\u00f3mico.<\/p>\n<ul>\n<li dir=\"ltr\">\n<p dir=\"ltr\"><a href=\"https:\/\/www.cronista.com\/finanzasmercados\/Con-mejor-animo-en-el-mercado-Dujovne-renovo-el-80-de-las-Letes-20180725-0078.html\" target=\"_blank\" rel=\"noopener\" data-saferedirecturl=\"https:\/\/www.google.com\/url?hl=es&amp;q=https:\/\/www.cronista.com\/finanzasmercados\/Con-mejor-animo-en-el-mercado-Dujovne-renovo-el-80-de-las-Letes-20180725-0078.html&amp;source=gmail&amp;ust=1532696649845000&amp;usg=AFQjCNFYUs79ShpptaYhq3GdDop8xDlc_g\">El Cronista<\/a> &#8211; <a href=\"http:\/\/www.ambito.com\/928699-hacienda-coloco-ayer-letes-por-us400-m\" target=\"_blank\" rel=\"noopener\" data-saferedirecturl=\"https:\/\/www.google.com\/url?hl=es&amp;q=http:\/\/www.ambito.com\/928699-hacienda-coloco-ayer-letes-por-us400-m&amp;source=gmail&amp;ust=1532696649845000&amp;usg=AFQjCNGKaKxPzMxHIMGX5bBZXBgf8fKfPQ\">\u00c1mbito<\/a><\/p>\n<\/li>\n<\/ul>\n<p dir=\"ltr\">La suba del d\u00f3lar hizo caer las importaciones y achic\u00f3 el rojo comercial<\/p>\n<p dir=\"ltr\">La devaluaci\u00f3n impact\u00f3 en el resultado comercial de junio: el d\u00e9ficit disminuy\u00f3 un 49% frente a mayo, y un 70% en la comparaci\u00f3n con un a\u00f1o atr\u00e1s. El rojo de u$s 382 millones fue el menor desde mayo de 2017. Las importaciones cayeron por primera vez en 18 meses. Pronostican que el a\u00f1o terminar\u00e1 con un rojo de u$s 8400 millones.<\/p>\n<ul>\n<li dir=\"ltr\">\n<p dir=\"ltr\"><a href=\"https:\/\/www.cronista.com\/economiapolitica\/Escalada-del-dolar-hizo-caer-las-importaciones-y-se-achico-el-deficit-20180725-0105.html\" target=\"_blank\" rel=\"noopener\" data-saferedirecturl=\"https:\/\/www.google.com\/url?hl=es&amp;q=https:\/\/www.cronista.com\/economiapolitica\/Escalada-del-dolar-hizo-caer-las-importaciones-y-se-achico-el-deficit-20180725-0105.html&amp;source=gmail&amp;ust=1532696649845000&amp;usg=AFQjCNEf5kmZ4SvxxnvaDyvV0par7_0ohw\">El Cronista<\/a> &#8211; <a href=\"http:\/\/www.ambito.com\/928697-efecto-devaluacion-el-deficit-comercial-se-redujo-a-la-mitad\" target=\"_blank\" rel=\"noopener\" data-saferedirecturl=\"https:\/\/www.google.com\/url?hl=es&amp;q=http:\/\/www.ambito.com\/928697-efecto-devaluacion-el-deficit-comercial-se-redujo-a-la-mitad&amp;source=gmail&amp;ust=1532696649845000&amp;usg=AFQjCNFzy60MkWFB4nHY5oqgBl_R4XnuQg\">\u00c1mbito<\/a> &#8211; <a href=\"http:\/\/media.ejes.com\/clipping\/201807\/26\/C71974238_01.jpg\" target=\"_blank\" rel=\"noopener\" data-saferedirecturl=\"https:\/\/www.google.com\/url?hl=es&amp;q=http:\/\/media.ejes.com\/clipping\/201807\/26\/C71974238_01.jpg&amp;source=gmail&amp;ust=1532696649845000&amp;usg=AFQjCNHkkset4WbvWxXFJ7P5eT2iUYrX9Q\">El Economista<\/a><\/p>\n<\/li>\n<\/ul>\n<p dir=\"ltr\">Para privados tambi\u00e9n en junio cayeron la actividad y la industria<\/p>\n<p dir=\"ltr\">Los primeros informes privados sobre la evoluci\u00f3n de la econom\u00eda en junio parecen acompa\u00f1ar el mal momento de mayo pasado. Seg\u00fan FIEL, por autos, pl\u00e1sticos y qu\u00edmicos la industria se contrajo el mes pasado un 5,4%. Para la consultora de Orlando Ferreres, la actividad baj\u00f3 5% contra el mismo mes del a\u00f1o pasado y acumula en el primer semestre una ca\u00edda de 0,2%.<\/p>\n<ul>\n<li dir=\"ltr\">\n<p dir=\"ltr\"><a href=\"http:\/\/www.ambito.com\/928698-para-privados-tambien-en-junio-cayeron-la-actividad-y-la-industria\" target=\"_blank\" rel=\"noopener\" data-saferedirecturl=\"https:\/\/www.google.com\/url?hl=es&amp;q=http:\/\/www.ambito.com\/928698-para-privados-tambien-en-junio-cayeron-la-actividad-y-la-industria&amp;source=gmail&amp;ust=1532696649845000&amp;usg=AFQjCNHRjCryZi_oE2LhLHErwILXGjVLxQ\">\u00c1mbito<\/a><\/p>\n<\/li>\n<\/ul>\n<p dir=\"ltr\">\u201cQueremos 100.000 pymes avaladas para 2023\u201d<\/p>\n<p dir=\"ltr\">Producci\u00f3n anunci\u00f3 ayer \u201ccambios estructurales\u201d en el Sistema de Garant\u00edas Rec\u00edprocas (SGR)<\/p>\n<ul>\n<li dir=\"ltr\">\n<p dir=\"ltr\"><a href=\"http:\/\/media.ejes.com\/clipping\/201807\/26\/C71974238_01.jpg\" target=\"_blank\" rel=\"noopener\" data-saferedirecturl=\"https:\/\/www.google.com\/url?hl=es&amp;q=http:\/\/media.ejes.com\/clipping\/201807\/26\/C71974238_01.jpg&amp;source=gmail&amp;ust=1532696649845000&amp;usg=AFQjCNHkkset4WbvWxXFJ7P5eT2iUYrX9Q\">El Economista<\/a><\/p>\n<\/li>\n<\/ul>\n<\/td>\n<\/tr>\n<\/tbody>\n<\/table>\n<\/div>\n<p>&nbsp;<\/p>\n<p>&nbsp;<\/p>\n<p>&nbsp;<\/p>\n<p>&nbsp;<\/p>\n<p>&nbsp;<\/p>\n<p>&nbsp;<\/p>\n<p>&nbsp;<\/p>\n<p><em>Agradecemos Ejes.Com<\/em><\/p>\n","protected":false},"excerpt":{"rendered":"<p>El resumen de noticias de #JotaPosta Cay\u00f3 el empleo formal en mayo y hay m\u00e1s empresas con planes de reducci\u00f3n Seg\u00fan la estad\u00edstica del Ministerio de Trabajo, en comparaci\u00f3n con abril mayo termin\u00f3 con 16.900 puestos menos. De ese total, casi 6000 eran asalariados formales, 4900 trabajaban en el Estado y el resto eran monotributistas &hellip;<\/p>\n","protected":false},"author":1,"featured_media":1569,"comment_status":"open","ping_status":"open","sticky":false,"template":"","format":"standard","meta":{"pagelayer_contact_templates":[],"_pagelayer_content":"","iawp_total_views":7,"footnotes":""},"categories":[3],"tags":[],"class_list":["post-1809","post","type-post","status-publish","format-standard","has-post-thumbnail","hentry","category-actualidad"],"_links":{"self":[{"href":"https:\/\/jotaposta.com.ar\/jposta\/wp-json\/wp\/v2\/posts\/1809","targetHints":{"allow":["GET"]}}],"collection":[{"href":"https:\/\/jotaposta.com.ar\/jposta\/wp-json\/wp\/v2\/posts"}],"about":[{"href":"https:\/\/jotaposta.com.ar\/jposta\/wp-json\/wp\/v2\/types\/post"}],"author":[{"embeddable":true,"href":"https:\/\/jotaposta.com.ar\/jposta\/wp-json\/wp\/v2\/users\/1"}],"replies":[{"embeddable":true,"href":"https:\/\/jotaposta.com.ar\/jposta\/wp-json\/wp\/v2\/comments?post=1809"}],"version-history":[{"count":0,"href":"https:\/\/jotaposta.com.ar\/jposta\/wp-json\/wp\/v2\/posts\/1809\/revisions"}],"wp:featuredmedia":[{"embeddable":true,"href":"https:\/\/jotaposta.com.ar\/jposta\/wp-json\/wp\/v2\/media\/1569"}],"wp:attachment":[{"href":"https:\/\/jotaposta.com.ar\/jposta\/wp-json\/wp\/v2\/media?parent=1809"}],"wp:term":[{"taxonomy":"category","embeddable":true,"href":"https:\/\/jotaposta.com.ar\/jposta\/wp-json\/wp\/v2\/categories?post=1809"},{"taxonomy":"post_tag","embeddable":true,"href":"https:\/\/jotaposta.com.ar\/jposta\/wp-json\/wp\/v2\/tags?post=1809"}],"curies":[{"name":"wp","href":"https:\/\/api.w.org\/{rel}","templated":true}]}}