{"id":1676,"date":"2018-07-17T19:27:02","date_gmt":"2018-07-17T22:27:02","guid":{"rendered":"http:\/\/www.jotaposta.com.ar\/?p=1676"},"modified":"2018-07-17T19:27:02","modified_gmt":"2018-07-17T22:27:02","slug":"la-nueva-pelicula-del-zorro-fue-declarada-de-interes-cultural","status":"publish","type":"post","link":"https:\/\/jotaposta.com.ar\/jposta\/2018\/07\/17\/la-nueva-pelicula-del-zorro-fue-declarada-de-interes-cultural\/","title":{"rendered":"La Nueva Pel\u00edcula del Zorro fue Declarada de Interes Cultural"},"content":{"rendered":"<p>La pel\u00edcula homenaje al heroe enmascarado,<strong> &#8220;Zorro, el sentimiento de hierro&#8221;<\/strong>, que se esta rodando en la ciudad costera de Mar del Plata y cuenta la historia del personaje desde su nacimiento en los Comics, pasando por sus versiones literarias, de cine y televisi\u00f3n ha sido declarada de Inter\u00e9s Cultural.<\/p>\n<figure id=\"attachment_1678\" aria-describedby=\"caption-attachment-1678\" style=\"width: 1280px\" class=\"wp-caption aligncenter\"><img loading=\"lazy\" decoding=\"async\" class=\"wp-image-1678 size-full\" src=\"https:\/\/jotaposta.com.ar\/jposta\/wp-content\/uploads\/2018\/07\/IMG-20180717-WA0046.jpg\" alt=\"\" width=\"1280\" height=\"720\" srcset=\"https:\/\/jotaposta.com.ar\/jposta\/wp-content\/uploads\/2018\/07\/IMG-20180717-WA0046.jpg 1280w, https:\/\/jotaposta.com.ar\/jposta\/wp-content\/uploads\/2018\/07\/IMG-20180717-WA0046-300x169.jpg 300w, https:\/\/jotaposta.com.ar\/jposta\/wp-content\/uploads\/2018\/07\/IMG-20180717-WA0046-1024x576.jpg 1024w, https:\/\/jotaposta.com.ar\/jposta\/wp-content\/uploads\/2018\/07\/IMG-20180717-WA0046-768x432.jpg 768w, https:\/\/jotaposta.com.ar\/jposta\/wp-content\/uploads\/2018\/07\/IMG-20180717-WA0046-390x220.jpg 390w\" sizes=\"auto, (max-width: 1280px) 100vw, 1280px\" \/><figcaption id=\"caption-attachment-1678\" class=\"wp-caption-text\">Decreto firmado por la Municipalidad de Gesell<\/figcaption><\/figure>\n<p>Si bien el rodaje se realiza en diferentes escenarios de nuestro pa\u00eds, gran parte del mismo tiene como epicentro la Ciudad de Villa Gesell, principalmente el Paseo del Pueblo Espa\u00f1ol, por ello, gracias a la gesti\u00f3n iniciada por el Dr. Alex Steverlynck, el intendente Municipal dio curso al pedido y a trav\u00e9s de la firma del decreto N\u00b0 1700\/18 la futura pel\u00edcula, que es dirigida por Adrian Escudero Tan\u00fas, ostenta el honor de ser un eslab\u00f3n importante en la Cultura Nacional.<\/p>\n<p>&#8220;Zorro, el sentimiento de Hierro&#8221; llegar\u00e1 a la pantalla grande de la mano de la productora <strong>Larafilms<\/strong> y comienza veinte a\u00f1os despu\u00e9s de los episodios mostrados en la saga de Walt Disney, protagonizada por Guy Williams. En la ciudad de Los \u00c1ngeles ahora flamea la bandera mexicana y las historias del alter ego de &#8220;Diego de la Vega&#8221; retomaran protagonismo.<\/p>\n<figure id=\"attachment_1679\" aria-describedby=\"caption-attachment-1679\" style=\"width: 540px\" class=\"wp-caption aligncenter\"><img loading=\"lazy\" decoding=\"async\" class=\"wp-image-1679 size-full\" src=\"http:\/\/www.jotaposta.com.ar\/wp-content\/uploads\/2018\/07\/zorro.jpg\" alt=\"\" width=\"540\" height=\"960\" srcset=\"https:\/\/jotaposta.com.ar\/jposta\/wp-content\/uploads\/2018\/07\/zorro.jpg 540w, https:\/\/jotaposta.com.ar\/jposta\/wp-content\/uploads\/2018\/07\/zorro-169x300.jpg 169w\" sizes=\"auto, (max-width: 540px) 100vw, 540px\" \/><figcaption id=\"caption-attachment-1679\" class=\"wp-caption-text\">Paseo del Pueblo Espa\u00f1ol, locaci\u00f3n de varias escenas del rodaje<\/figcaption><\/figure>\n<p>Si queres ver el primer trailer de la pel\u00edcula, escuchar al Director y ver escenas de su rodaje no te pierdas el <a href=\"https:\/\/www.youtube.com\/watch?v=eElqw7AyAuw\">informe exclusivo que <strong>#JotaPosta<\/strong><\/a> presento hace unos d\u00edas.<\/p>\n<p>En breve ademas vas a poder ver el video clip oficial de la pel\u00edcula, con la voz de Mart\u00edn Santos interpretando &#8220;Comprensi\u00f3n (No he de vivir si no est\u00e1s t\u00fa)&#8221;, el tema central de la historia.<\/p>\n<figure id=\"attachment_1677\" aria-describedby=\"caption-attachment-1677\" style=\"width: 960px\" class=\"wp-caption aligncenter\"><img loading=\"lazy\" decoding=\"async\" class=\"wp-image-1677 size-full\" src=\"https:\/\/jotaposta.com.ar\/jposta\/wp-content\/uploads\/2018\/07\/33745216_1528518260611300_4721466288751247360_n.jpg\" alt=\"\" width=\"960\" height=\"640\" srcset=\"https:\/\/jotaposta.com.ar\/jposta\/wp-content\/uploads\/2018\/07\/33745216_1528518260611300_4721466288751247360_n.jpg 960w, https:\/\/jotaposta.com.ar\/jposta\/wp-content\/uploads\/2018\/07\/33745216_1528518260611300_4721466288751247360_n-300x200.jpg 300w, https:\/\/jotaposta.com.ar\/jposta\/wp-content\/uploads\/2018\/07\/33745216_1528518260611300_4721466288751247360_n-768x512.jpg 768w\" sizes=\"auto, (max-width: 960px) 100vw, 960px\" \/><figcaption id=\"caption-attachment-1677\" class=\"wp-caption-text\">Mart\u00edn Santos, en una de las tomas del videoclip<\/figcaption><\/figure>\n","protected":false},"excerpt":{"rendered":"<p>La pel\u00edcula homenaje al heroe enmascarado, &#8220;Zorro, el sentimiento de hierro&#8221;, que se esta rodando en la ciudad costera de Mar del Plata y cuenta la historia del personaje desde su nacimiento en los Comics, pasando por sus versiones literarias, de cine y televisi\u00f3n ha sido declarada de Inter\u00e9s Cultural. Si bien el rodaje se &hellip;<\/p>\n","protected":false},"author":1,"featured_media":1129,"comment_status":"open","ping_status":"open","sticky":false,"template":"","format":"standard","meta":{"pagelayer_contact_templates":[],"_pagelayer_content":"","iawp_total_views":9,"footnotes":""},"categories":[3,5],"tags":[],"class_list":["post-1676","post","type-post","status-publish","format-standard","has-post-thumbnail","hentry","category-actualidad","category-jp-agenda"],"_links":{"self":[{"href":"https:\/\/jotaposta.com.ar\/jposta\/wp-json\/wp\/v2\/posts\/1676","targetHints":{"allow":["GET"]}}],"collection":[{"href":"https:\/\/jotaposta.com.ar\/jposta\/wp-json\/wp\/v2\/posts"}],"about":[{"href":"https:\/\/jotaposta.com.ar\/jposta\/wp-json\/wp\/v2\/types\/post"}],"author":[{"embeddable":true,"href":"https:\/\/jotaposta.com.ar\/jposta\/wp-json\/wp\/v2\/users\/1"}],"replies":[{"embeddable":true,"href":"https:\/\/jotaposta.com.ar\/jposta\/wp-json\/wp\/v2\/comments?post=1676"}],"version-history":[{"count":0,"href":"https:\/\/jotaposta.com.ar\/jposta\/wp-json\/wp\/v2\/posts\/1676\/revisions"}],"wp:featuredmedia":[{"embeddable":true,"href":"https:\/\/jotaposta.com.ar\/jposta\/wp-json\/wp\/v2\/media\/1129"}],"wp:attachment":[{"href":"https:\/\/jotaposta.com.ar\/jposta\/wp-json\/wp\/v2\/media?parent=1676"}],"wp:term":[{"taxonomy":"category","embeddable":true,"href":"https:\/\/jotaposta.com.ar\/jposta\/wp-json\/wp\/v2\/categories?post=1676"},{"taxonomy":"post_tag","embeddable":true,"href":"https:\/\/jotaposta.com.ar\/jposta\/wp-json\/wp\/v2\/tags?post=1676"}],"curies":[{"name":"wp","href":"https:\/\/api.w.org\/{rel}","templated":true}]}}