{"id":14052,"date":"2026-09-04T01:24:28","date_gmt":"2026-09-04T01:24:28","guid":{"rendered":"https:\/\/jotaposta.com.ar\/jposta\/?p=14052"},"modified":"2026-09-04T01:24:29","modified_gmt":"2026-09-04T01:24:29","slug":"malvinas-de-primetime-la-soberania-de-carton-y-el-patriota-de-alquiler","status":"publish","type":"post","link":"https:\/\/jotaposta.com.ar\/jposta\/2026\/09\/04\/malvinas-de-primetime-la-soberania-de-carton-y-el-patriota-de-alquiler\/","title":{"rendered":"Malvinas de primetime: la soberan\u00eda de cart\u00f3n y el patriota de alquiler"},"content":{"rendered":"\n<p class=\"wp-block-paragraph\">El viento patag\u00f3nico a\u00falla en las costas del sur, pero el verdadero temblor provino de las pantallas en una cadena nacional que dej\u00f3 m\u00e1s sombras que certezas. Javier Milei irrumpi\u00f3 en los hogares para advertir que la soberan\u00eda nacional enfrenta un peligro urgente, agitando un Decreto de Urgencia y un proyecto legislativo para endurecer la postura en el Atl\u00e1ntico Sur. Con tono adusto, convoc\u00f3 a un frente unido y prometi\u00f3 blindar los recursos estrat\u00e9gicos, en un giro discursivo tan ampuloso como desconcertante para quien hasta ayer administraba la desmalvinizaci\u00f3n como una doctrina inquebrantable de libre mercado.<\/p>\n\n\n\n<figure class=\"wp-block-embed is-type-video is-provider-youtube wp-block-embed-youtube wp-embed-aspect-16-9 wp-has-aspect-ratio\"><div class=\"wp-block-embed__wrapper\">\n<iframe loading=\"lazy\" title=\"Las Malvinas son Argentinas | Cadena Nacional Presidente Javier Milei\" width=\"500\" height=\"281\" src=\"https:\/\/www.youtube.com\/embed\/jzTTOB0jNyQ?feature=oembed\" frameborder=\"0\" allow=\"accelerometer; autoplay; clipboard-write; encrypted-media; gyroscope; picture-in-picture; web-share\" referrerpolicy=\"strict-origin-when-cross-origin\" allowfullscreen><\/iframe>\n<\/div><\/figure>\n\n\n\n<p class=\"wp-block-paragraph\">Detr\u00e1s de la ret\u00f3rica grandilocuente de los anuncios sobre bases navales y leyes de protecci\u00f3n, la realidad insular opera bajo otras coordenadas que la geopol\u00edtica televisiva ignora deliberadamente. Mientras se agita el fantasma de la vulnerabilidad, los avances de empresas de capitales y tecnolog\u00eda israel\u00ed en tareas de exploraci\u00f3n y servicios dentro del archipi\u00e9lago marchan a paso firme, consolidando negocios extractivos bajo el amparo de la administraci\u00f3n colonial brit\u00e1nica. La asimetr\u00eda entre el discurso de trinchera y la pasividad comercial frente a los intereses extranjeros en las aguas australes desnuda las costuras de un relato que grita patria en los papeles mientras convalida de hecho los negocios ajenos.<\/p>\n\n\n<div class=\"wp-block-image\">\n<figure class=\"aligncenter size-full\"><img loading=\"lazy\" decoding=\"async\" width=\"738\" height=\"396\" src=\"https:\/\/jotaposta.com.ar\/jposta\/wp-content\/uploads\/2026\/09\/image.png\" alt=\"\" class=\"wp-image-14054\" srcset=\"https:\/\/jotaposta.com.ar\/jposta\/wp-content\/uploads\/2026\/09\/image.png 738w, https:\/\/jotaposta.com.ar\/jposta\/wp-content\/uploads\/2026\/09\/image-300x161.png 300w\" sizes=\"auto, (max-width: 738px) 100vw, 738px\" \/><\/figure>\n<\/div>\n\n\n<p class=\"wp-block-paragraph\">Aqu\u00ed es donde la coherencia ideol\u00f3gica se quiebra en mil pedazos: <strong><em>\u00bfpor qu\u00e9 reci\u00e9n ahora se acuerdan de la ley 26.659, sancionada all\u00e1 por 2011 durante el gobierno de Cristina Kirchner, que proh\u00edbe taxativamente la exploraci\u00f3n y explotaci\u00f3n de hidrocarburos en la Plataforma Continental Argentina sin autorizaci\u00f3n del Estado nacional?<\/em><\/strong> Durante tres largos a\u00f1os de gesti\u00f3n, el propio oficialismo se encarg\u00f3 de cajonearla, ignorarla y dejarla inactiva. La repentina furia legalista no nace de una epifan\u00eda patri\u00f3tica, sino de la desesperaci\u00f3n por encontrar un ancla a la deriva cuando las herramientas del ajuste y la motosierra empiezan a mostrar sus l\u00edmites estructurales frente a una sociedad golpeada.<\/p>\n\n\n\n<p class=\"wp-block-paragraph\">Resulta ins\u00f3lito exigirle fervor nacional a un presidente que jam\u00e1s ocult\u00f3 su devoci\u00f3n incondicional por Margaret Thatcher, a quien supo catalogar de figura brillante, mimetiz\u00e1ndose con aquella l\u00f3gica de la autodeterminaci\u00f3n kelper que legitima al ocupante por sobre el despojado. No hace tanto tiempo, cuando la Selecci\u00f3n Argentina de f\u00fatbol \u2014la querida Scaloneta\u2014 despleg\u00f3 una bandera reivindicando las Malvinas tras vencer a Inglaterra, el propio Milei sali\u00f3 a cruzar a los jugadores tildando el gesto de eslogan populista y berreta, prefiriendo cuidar la sensibilidad de la corona brit\u00e1nica antes que bancar una expresi\u00f3n popular espont\u00e1nea. <strong>Hoy, el mismo hombre que minimiz\u00f3 aquel hito deportivo pretende erigirse en el gran patriota de bronce, exigiendo un alineamiento nacional que \u00e9l mismo socav\u00f3 con sus declaraciones pro brit\u00e1nicas.<\/strong><\/p>\n\n\n<div class=\"wp-block-image\">\n<figure class=\"aligncenter size-full\"><img loading=\"lazy\" decoding=\"async\" width=\"739\" height=\"415\" src=\"https:\/\/jotaposta.com.ar\/jposta\/wp-content\/uploads\/2026\/09\/image-1.png\" alt=\"\" class=\"wp-image-14055\" srcset=\"https:\/\/jotaposta.com.ar\/jposta\/wp-content\/uploads\/2026\/09\/image-1.png 739w, https:\/\/jotaposta.com.ar\/jposta\/wp-content\/uploads\/2026\/09\/image-1-300x168.png 300w, https:\/\/jotaposta.com.ar\/jposta\/wp-content\/uploads\/2026\/09\/image-1-390x220.png 390w\" sizes=\"auto, (max-width: 739px) 100vw, 739px\" \/><\/figure>\n<\/div>\n\n\n<p class=\"wp-block-paragraph\">El c\u00e1lculo geopol\u00edtico actual descansa en una apuesta tan fr\u00e1gil como peligrosa: confiar ciegamente en que Donald Trump intervendr\u00e1 y votar\u00e1 a favor de la Argentina en los estrados internacionales o pondr\u00e1 contra las cuerdas al Reino Unido. Sin embargo, la reciente presi\u00f3n ejercida por la Casa Blanca sobre los brit\u00e1nicos responde estrictamente a los intereses estrat\u00e9gicos de Washington en conf<\/p>\n\n\n\n<p class=\"wp-block-paragraph\">lictos globales donde Londres no acompa\u00f1a, y no a una defensa altruista de los derechos argentinos. <em>\u00bfQu\u00e9 pasar\u00e1 si la diplomacia norteamericana recalibra sus alianzas y vuelve a abrazar a su hist\u00f3rico socio europeo? \u00bfVolver\u00e1 Milei a calzarse el traje de admirador de Thatcher y a relegar el reclamo soberano al fondo del archivo?<\/em><\/p>\n\n\n<div class=\"wp-block-image\">\n<figure class=\"aligncenter size-large is-resized\"><img loading=\"lazy\" decoding=\"async\" width=\"1024\" height=\"575\" src=\"https:\/\/jotaposta.com.ar\/jposta\/wp-content\/uploads\/2026\/09\/image-2-1024x575.png\" alt=\"\" class=\"wp-image-14056\" style=\"aspect-ratio:1.7809580600278274;width:772px;height:auto\" srcset=\"https:\/\/jotaposta.com.ar\/jposta\/wp-content\/uploads\/2026\/09\/image-2-1024x575.png 1024w, https:\/\/jotaposta.com.ar\/jposta\/wp-content\/uploads\/2026\/09\/image-2-300x168.png 300w, https:\/\/jotaposta.com.ar\/jposta\/wp-content\/uploads\/2026\/09\/image-2-390x220.png 390w, https:\/\/jotaposta.com.ar\/jposta\/wp-content\/uploads\/2026\/09\/image-2-768x431.png 768w, https:\/\/jotaposta.com.ar\/jposta\/wp-content\/uploads\/2026\/09\/image-2.png 1300w\" sizes=\"auto, (max-width: 1024px) 100vw, 1024px\" \/><\/figure>\n<\/div>\n\n\n<p class=\"wp-block-paragraph\">La iniciativa de fomentar una nueva base naval en Tierra del Fuego abre otro interrogante inquietante sobre el destino de nuestra soberan\u00eda territorial. Lejos de constituir un basti\u00f3n para la defensa de los recursos propios y la verdadera autodeterminaci\u00f3n, late el temor latente de que esta infraestructura termine siendo ofrecida o cogestionada bajo la tutela de potencias extranjeras a cambio de un respaldo financiero internacional que oxigene temporalmente a la administraci\u00f3n central. La patria militarizada como moneda de cambio para satisfacer las exigencias del tablero global no es defensa nacional, sino una forma sofisticada de protectorado.<\/p>\n\n\n\n<p class=\"wp-block-paragraph\">Todo este sainete discursivo huele inevitablemente a un manotazo de ahogado desesperado, un espejo tr\u00e1gico que retuerce la historia recordando los peores fantasmas de Galtieri cuando vislumbr\u00f3 que el modelo se desmoronaba y las encuestas de popularidad comenzaban a darle la espalda. La recuperaci\u00f3n econ\u00f3mica prometida nunca llega a los bolsillos de los trabajadores y la bronca social se acumula en los barrios, obligando al poder pol\u00edtico a agitar causas nobles para desviar la atenci\u00f3n del ajuste cotidiano. La gran inc\u00f3gnita que nos devora las entra\u00f1as es simple y dolorosa: <strong><em>\u00bfdesde cu\u00e1ndo se volvi\u00f3 tan malvinero este presidente?<\/em><\/strong><\/p>\n\n\n<div class=\"wp-block-image\">\n<figure class=\"aligncenter size-full is-resized\"><img loading=\"lazy\" decoding=\"async\" width=\"992\" height=\"661\" src=\"https:\/\/jotaposta.com.ar\/jposta\/wp-content\/uploads\/2026\/09\/image-3.png\" alt=\"\" class=\"wp-image-14057\" style=\"aspect-ratio:1.500795622679434;width:773px;height:auto\" srcset=\"https:\/\/jotaposta.com.ar\/jposta\/wp-content\/uploads\/2026\/09\/image-3.png 992w, https:\/\/jotaposta.com.ar\/jposta\/wp-content\/uploads\/2026\/09\/image-3-300x200.png 300w, https:\/\/jotaposta.com.ar\/jposta\/wp-content\/uploads\/2026\/09\/image-3-767x511.png 767w\" sizes=\"auto, (max-width: 992px) 100vw, 992px\" \/><\/figure>\n<\/div>\n\n\n<p class=\"wp-block-paragraph\">La postura formal de defender el territorio no es incorrecta en su enunciado abstracto, pero resulta profundamente espuria, impostada y c\u00ednica cuando brota de labios que ayer nom\u00e1s despreciaban la gesta y el sacrificio de nuestros combatientes. Enarbolar las Malvinas como un recurso de cabotaje electoral para disimular la propia debilidad institucional es una falta de respeto a la memoria de los ca\u00eddos y a la inteligencia del pueblo.<strong> La patria no se declama por cadena nacional en los momentos de zozobra econ\u00f3mica; se defiende todos los d\u00edas con soberan\u00eda productiva, con justicia social y con una memoria firme que no se vende al mejor postor de la geopol\u00edtica internacional.<\/strong><\/p>\n\n\n\n<p class=\"wp-block-paragraph\"><\/p>\n","protected":false},"excerpt":{"rendered":"<p>El viento patag\u00f3nico a\u00falla en las costas del sur, pero el verdadero temblor provino de las pantallas en una cadena nacional que dej\u00f3 m\u00e1s sombras que certezas. Javier Milei irrumpi\u00f3 en los hogares para advertir que la soberan\u00eda nacional enfrenta un peligro urgente, agitando un Decreto de Urgencia y un proyecto legislativo para endurecer la &hellip;<\/p>\n","protected":false},"author":1,"featured_media":14058,"comment_status":"open","ping_status":"open","sticky":false,"template":"","format":"standard","meta":{"pagelayer_contact_templates":[],"_pagelayer_content":"","iawp_total_views":14,"footnotes":""},"categories":[3],"tags":[319,11253,12831,12834,2417,12836,2867,11244,3439,3473,12828,12832,12835,12830,4986,12833,12829,5415,5916],"class_list":["post-14052","post","type-post","status-publish","format-standard","has-post-thumbnail","hentry","category-actualidad","tag-analisis-politico","tag-atlantico-sur","tag-base-naval-tierra-del-fuego","tag-colonizacion-britanica","tag-estados-unidos","tag-estrategia-nacional","tag-geopolitica","tag-islas-malvinas","tag-javier-milei","tag-jotaposta","tag-ley-26659","tag-margaret-thatcher","tag-periodismo-y-politica","tag-petroleo-en-malvinas","tag-politica-argentina","tag-recursos-naturales","tag-reino-unido","tag-relaciones-internacionales","tag-soberania-nacional"],"_links":{"self":[{"href":"https:\/\/jotaposta.com.ar\/jposta\/wp-json\/wp\/v2\/posts\/14052","targetHints":{"allow":["GET"]}}],"collection":[{"href":"https:\/\/jotaposta.com.ar\/jposta\/wp-json\/wp\/v2\/posts"}],"about":[{"href":"https:\/\/jotaposta.com.ar\/jposta\/wp-json\/wp\/v2\/types\/post"}],"author":[{"embeddable":true,"href":"https:\/\/jotaposta.com.ar\/jposta\/wp-json\/wp\/v2\/users\/1"}],"replies":[{"embeddable":true,"href":"https:\/\/jotaposta.com.ar\/jposta\/wp-json\/wp\/v2\/comments?post=14052"}],"version-history":[{"count":2,"href":"https:\/\/jotaposta.com.ar\/jposta\/wp-json\/wp\/v2\/posts\/14052\/revisions"}],"predecessor-version":[{"id":14059,"href":"https:\/\/jotaposta.com.ar\/jposta\/wp-json\/wp\/v2\/posts\/14052\/revisions\/14059"}],"wp:featuredmedia":[{"embeddable":true,"href":"https:\/\/jotaposta.com.ar\/jposta\/wp-json\/wp\/v2\/media\/14058"}],"wp:attachment":[{"href":"https:\/\/jotaposta.com.ar\/jposta\/wp-json\/wp\/v2\/media?parent=14052"}],"wp:term":[{"taxonomy":"category","embeddable":true,"href":"https:\/\/jotaposta.com.ar\/jposta\/wp-json\/wp\/v2\/categories?post=14052"},{"taxonomy":"post_tag","embeddable":true,"href":"https:\/\/jotaposta.com.ar\/jposta\/wp-json\/wp\/v2\/tags?post=14052"}],"curies":[{"name":"wp","href":"https:\/\/api.w.org\/{rel}","templated":true}]}}