{"id":1345,"date":"2018-06-29T08:20:26","date_gmt":"2018-06-29T11:20:26","guid":{"rendered":"http:\/\/www.jotaposta.com.ar\/?p=1345"},"modified":"2018-06-29T08:20:26","modified_gmt":"2018-06-29T11:20:26","slug":"resumen-de-noticias-2","status":"publish","type":"post","link":"https:\/\/jotaposta.com.ar\/jposta\/2018\/06\/29\/resumen-de-noticias-2\/","title":{"rendered":"Resumen de Noticias"},"content":{"rendered":"<div dir=\"ltr\">\n<p>Lo mas importante pasa por #JotaPosta<\/p>\n<table>\n<tbody>\n<tr>\n<td>\n<p dir=\"ltr\">Buscan aminorar el impacto de los servicios p\u00fablicos<\/p>\n<p dir=\"ltr\"><img loading=\"lazy\" decoding=\"async\" class=\"CToWUd a6T\" tabindex=\"0\" src=\"https:\/\/lh6.googleusercontent.com\/W3v6SrfZ9X2FirYGkpZp1z0KbeNJgWhTY2h8C5aeb7ldWqN4pS8r-kNPNEeGlwdcZhSh4c1wFsz3gNqyqqlm4AYijZDrdwKYtNyUrjXGqYt22xSbLCO5Ta3oD2eMMSxhz7J9xFN_\" width=\"577\" height=\"179\" \/><\/p>\n<p dir=\"ltr\">Extender\u00e1n los subsidios hasta 2021 y el aumento de las tarifas ser\u00e1 menor. El Gobierno hab\u00eda planificado eliminar todos los subsidios a la electricidad, el gas y el agua a fines de 2019. Pero por la suba del d\u00f3lar mayor a la esperada y el impacto inflacionario, ese plazo se extender\u00e1 dos a\u00f1os m\u00e1s. Las compa\u00f1\u00edas de servicios p\u00fablicos ya se preparan para flexibilizar el precio de las tarifas, cuyas subas ser\u00e1n menores a las previstas en la gesti\u00f3n de Aranguren en Energ\u00eda. Tambi\u00e9n se eval\u00faa dejar sin efecto el precio libre de las naftas<\/p>\n<ul>\n<li dir=\"ltr\">\n<p dir=\"ltr\"><a href=\"https:\/\/www.clarin.com\/economia\/empresas-y-negocios\/companias-energia-creen-macri-extendera-subsidios-gas-luz_0_HyqCtazfQ.html\" target=\"_blank\" data-saferedirecturl=\"https:\/\/www.google.com\/url?hl=es&amp;q=https:\/\/www.clarin.com\/economia\/empresas-y-negocios\/companias-energia-creen-macri-extendera-subsidios-gas-luz_0_HyqCtazfQ.html&amp;source=gmail&amp;ust=1530357481028000&amp;usg=AFQjCNF0-0HY82oYNn5c7IJaNiOsA4rAPA\">Clar\u00edn<\/a>:<\/p>\n<\/li>\n<\/ul>\n<ul>\n<li dir=\"ltr\">\n<p dir=\"ltr\">Se fren\u00f3 la creaci\u00f3n de empleo y cae la expectativa de contratar trabajadores<\/p>\n<\/li>\n<\/ul>\n<p dir=\"ltr\">Las perspectivas de las empresas para el pr\u00f3ximo trimestre retornaron al peor nivel de la era Macri; en abril el mercado se estanc\u00f3, seg\u00fan datos oficiales. \u00a0En abril, la foto previa a la crisis cambiaria, el empleo total (privado y p\u00fablico) se mostr\u00f3 completamente quieto (0%) respecto de marzo, en la medici\u00f3n sin estacionalidad, aunque respecto de abril de 2017 a\u00fan reflejaba un alza del 1,7% (206.900 trabajadores nuevos).<\/p>\n<ul>\n<li dir=\"ltr\">\n<p dir=\"ltr\"><a href=\"https:\/\/www.lanacion.com.ar\/2148355-las-expectativas-de-creacion-de-empleo-vuelven-al-peor-nivel-de-la-era-macri\" target=\"_blank\" data-saferedirecturl=\"https:\/\/www.google.com\/url?hl=es&amp;q=https:\/\/www.lanacion.com.ar\/2148355-las-expectativas-de-creacion-de-empleo-vuelven-al-peor-nivel-de-la-era-macri&amp;source=gmail&amp;ust=1530357481028000&amp;usg=AFQjCNHLVH3bJ0cZ73LQBP5Lc-9xiF2wwg\">La Naci\u00f2n<\/a> &#8211; <a href=\"http:\/\/media.ejes.com\/clipping\/201806\/29\/C71030151_01.jpg\" target=\"_blank\" data-saferedirecturl=\"https:\/\/www.google.com\/url?hl=es&amp;q=http:\/\/media.ejes.com\/clipping\/201806\/29\/C71030151_01.jpg&amp;source=gmail&amp;ust=1530357481028000&amp;usg=AFQjCNEGcLtK8T3S-rpC5GQYLZhT1o_aDA\">El Economista<\/a><\/p>\n<\/li>\n<\/ul>\n<ul>\n<li dir=\"ltr\">\n<p dir=\"ltr\">El Gobierno negocia relajar el ajuste provincial a cambio de la aprobaci\u00f3n del Presupuesto<\/p>\n<\/li>\n<\/ul>\n<p dir=\"ltr\">La intenci\u00f3n es que el proyecto de Presupuesto 2019 llegue el pr\u00f3ximo 15 de septiembre al Congreso, con un acuerdo que le garantice la aprobaci\u00f3n. Por ello, ya negocia cambios en el Pacto Fiscal aprobado hace apenas seis meses, para relajar los objetivos de baja gradual de impuestos a los que se comprometieron los gobernadores. Los gobernadores pretenden tambi\u00e9n que la Ciudad y la provincia de Buenos Aires se hagan cargo de los subsidios a la electricidad y al agua.<\/p>\n<ul>\n<li dir=\"ltr\">\n<p dir=\"ltr\"><a href=\"https:\/\/www.cronista.com\/economiapolitica\/El-Gobierno-negocia-con-provincias-relajar-el-Pacto-Fiscal-a-cambio-del-Presupuesto-2019-20180629-0028.html\" target=\"_blank\" data-saferedirecturl=\"https:\/\/www.google.com\/url?hl=es&amp;q=https:\/\/www.cronista.com\/economiapolitica\/El-Gobierno-negocia-con-provincias-relajar-el-Pacto-Fiscal-a-cambio-del-Presupuesto-2019-20180629-0028.html&amp;source=gmail&amp;ust=1530357481028000&amp;usg=AFQjCNG9MS3JXnzrfOtPEUAEqtFJRXA4Lw\">El Cronista<\/a> &#8211; <a href=\"http:\/\/media.ejes.com\/clipping\/201806\/29\/C71030151_01.jpg\" target=\"_blank\" data-saferedirecturl=\"https:\/\/www.google.com\/url?hl=es&amp;q=http:\/\/media.ejes.com\/clipping\/201806\/29\/C71030151_01.jpg&amp;source=gmail&amp;ust=1530357481028000&amp;usg=AFQjCNEGcLtK8T3S-rpC5GQYLZhT1o_aDA\">El Economista<\/a><\/p>\n<\/li>\n<\/ul>\n<div dir=\"ltr\">\n<table>\n<colgroup>\n<col width=\"589\" \/><\/colgroup>\n<tbody>\n<tr>\n<td>\n<p dir=\"ltr\">Agenda econ\u00f3mica<\/p>\n<\/td>\n<\/tr>\n<\/tbody>\n<\/table>\n<\/div>\n<ul>\n<li dir=\"ltr\">\n<p dir=\"ltr\">Sube el d\u00f3lar, repunta la Bolsa<\/p>\n<\/li>\n<\/ul>\n<p dir=\"ltr\">El d\u00f3lar minorista trep\u00f3 ayer hasta $ 28,68, mientras que el mayorista escal\u00f3 hasta $ 28,10, pese a que el Banco Central aument\u00f3 a u$s 150 millones la licitaci\u00f3n de divisas y renov\u00f3 u$s 750 millones de sus posiciones en futuros, para evitar que se disparen las expectativas de devaluaci\u00f3n. Los bonos en d\u00f3lares, a su vez, volvieron a presentar ca\u00eddas generalizadas en toda la curva y el riesgo pa\u00eds lleg\u00f3 a 595 puntos. La bolsa porte\u00f1a, en cambio, recuper\u00f3 3,6%. La presi\u00f3n especulativa diluye el respaldo del FMI<\/p>\n<ul>\n<li dir=\"ltr\">\n<p dir=\"ltr\"><a href=\"https:\/\/www.clarin.com\/economia\/divisas-acciones-bonos\/\" target=\"_blank\" data-saferedirecturl=\"https:\/\/www.google.com\/url?hl=es&amp;q=https:\/\/www.clarin.com\/economia\/divisas-acciones-bonos\/&amp;source=gmail&amp;ust=1530357481028000&amp;usg=AFQjCNHiHVjBmcSQ6ImLiK9cI59MuwRv4Q\">Clar\u00edn<\/a> &#8211; <a href=\"https:\/\/www.pagina12.com.ar\/124996-ni-los-fondos-del-fondo-alcanzaron-para-frenarla\" target=\"_blank\" data-saferedirecturl=\"https:\/\/www.google.com\/url?hl=es&amp;q=https:\/\/www.pagina12.com.ar\/124996-ni-los-fondos-del-fondo-alcanzaron-para-frenarla&amp;source=gmail&amp;ust=1530357481028000&amp;usg=AFQjCNEkfGJb9VVKBmCIOqqyCVC_mQs9_A\">P\u00e1gina|12<\/a> &#8211; <a href=\"https:\/\/www.cronista.com\/finanzasmercados\/La-bolsa-subio-36-pero-aclaran-que-fue-apenas-un-rebote-tecnico-20180629-0045.html\" target=\"_blank\" data-saferedirecturl=\"https:\/\/www.google.com\/url?hl=es&amp;q=https:\/\/www.cronista.com\/finanzasmercados\/La-bolsa-subio-36-pero-aclaran-que-fue-apenas-un-rebote-tecnico-20180629-0045.html&amp;source=gmail&amp;ust=1530357481028000&amp;usg=AFQjCNFBHJiUD5lScKUFSywDmn9JWtPpCg\">El Cronista<\/a> &#8211; <a href=\"http:\/\/www.ambito.com\/926077-sigue-castigo-contra-la-argentina-llego-a-595-pts-el-riesgo-pais\" target=\"_blank\" data-saferedirecturl=\"https:\/\/www.google.com\/url?hl=es&amp;q=http:\/\/www.ambito.com\/926077-sigue-castigo-contra-la-argentina-llego-a-595-pts-el-riesgo-pais&amp;source=gmail&amp;ust=1530357481028000&amp;usg=AFQjCNGEJ1gQdugJLbETI1A8N6urQ3ovhw\">\u00c1mbito<\/a> &#8211; <a href=\"http:\/\/media.ejes.com\/clipping\/201806\/29\/C71030151_01.jpg\" target=\"_blank\" data-saferedirecturl=\"https:\/\/www.google.com\/url?hl=es&amp;q=http:\/\/media.ejes.com\/clipping\/201806\/29\/C71030151_01.jpg&amp;source=gmail&amp;ust=1530357481028000&amp;usg=AFQjCNEGcLtK8T3S-rpC5GQYLZhT1o_aDA\">El Economista<\/a><\/p>\n<\/li>\n<\/ul>\n<ul>\n<li dir=\"ltr\">\n<p dir=\"ltr\">Pelea de EE.UU y China lleva a la soja al menor valor en 9 a\u00f1os<\/p>\n<\/li>\n<\/ul>\n<p dir=\"ltr\">En medio de la disputa comercial, el contrato a julio cerr\u00f3 en u$s 316,46 la tonelada. La cosecha argentina est\u00e1 casi finalizada, con los peores rindes en una d\u00e9cada.<\/p>\n<ul>\n<li dir=\"ltr\">\n<p dir=\"ltr\"><a href=\"https:\/\/www.cronista.com\/economiapolitica\/Pelea-EE.UU.-y-China-lleva-a-la-soja-a-un-piso-en-mas-de-9-anos-20180629-0013.html\" target=\"_blank\" data-saferedirecturl=\"https:\/\/www.google.com\/url?hl=es&amp;q=https:\/\/www.cronista.com\/economiapolitica\/Pelea-EE.UU.-y-China-lleva-a-la-soja-a-un-piso-en-mas-de-9-anos-20180629-0013.html&amp;source=gmail&amp;ust=1530357481028000&amp;usg=AFQjCNHED1Flki-zOWNn1u16yfvxhErEaA\">El Cronista<\/a><\/p>\n<\/li>\n<\/ul>\n<\/td>\n<\/tr>\n<\/tbody>\n<\/table>\n<\/div>\n<p>&nbsp;<\/p>\n<p>&nbsp;<\/p>\n<p>&nbsp;<\/p>\n<p><em>Agradecemos: Ejes.Com<\/em><\/p>\n","protected":false},"excerpt":{"rendered":"<p>Lo mas importante pasa por #JotaPosta Buscan aminorar el impacto de los servicios p\u00fablicos Extender\u00e1n los subsidios hasta 2021 y el aumento de las tarifas ser\u00e1 menor. El Gobierno hab\u00eda planificado eliminar todos los subsidios a la electricidad, el gas y el agua a fines de 2019. Pero por la suba del d\u00f3lar mayor a &hellip;<\/p>\n","protected":false},"author":1,"featured_media":1346,"comment_status":"open","ping_status":"open","sticky":false,"template":"","format":"standard","meta":{"pagelayer_contact_templates":[],"_pagelayer_content":"","iawp_total_views":5,"footnotes":""},"categories":[3],"tags":[],"class_list":["post-1345","post","type-post","status-publish","format-standard","has-post-thumbnail","hentry","category-actualidad"],"_links":{"self":[{"href":"https:\/\/jotaposta.com.ar\/jposta\/wp-json\/wp\/v2\/posts\/1345","targetHints":{"allow":["GET"]}}],"collection":[{"href":"https:\/\/jotaposta.com.ar\/jposta\/wp-json\/wp\/v2\/posts"}],"about":[{"href":"https:\/\/jotaposta.com.ar\/jposta\/wp-json\/wp\/v2\/types\/post"}],"author":[{"embeddable":true,"href":"https:\/\/jotaposta.com.ar\/jposta\/wp-json\/wp\/v2\/users\/1"}],"replies":[{"embeddable":true,"href":"https:\/\/jotaposta.com.ar\/jposta\/wp-json\/wp\/v2\/comments?post=1345"}],"version-history":[{"count":0,"href":"https:\/\/jotaposta.com.ar\/jposta\/wp-json\/wp\/v2\/posts\/1345\/revisions"}],"wp:featuredmedia":[{"embeddable":true,"href":"https:\/\/jotaposta.com.ar\/jposta\/wp-json\/wp\/v2\/media\/1346"}],"wp:attachment":[{"href":"https:\/\/jotaposta.com.ar\/jposta\/wp-json\/wp\/v2\/media?parent=1345"}],"wp:term":[{"taxonomy":"category","embeddable":true,"href":"https:\/\/jotaposta.com.ar\/jposta\/wp-json\/wp\/v2\/categories?post=1345"},{"taxonomy":"post_tag","embeddable":true,"href":"https:\/\/jotaposta.com.ar\/jposta\/wp-json\/wp\/v2\/tags?post=1345"}],"curies":[{"name":"wp","href":"https:\/\/api.w.org\/{rel}","templated":true}]}}