{"id":13210,"date":"2026-04-25T11:49:19","date_gmt":"2026-04-25T11:49:19","guid":{"rendered":"https:\/\/jotaposta.com.ar\/jposta\/?p=13210"},"modified":"2026-04-25T11:49:20","modified_gmt":"2026-04-25T11:49:20","slug":"el-refugio-de-los-que-aman-los-libros-por-que-la-feria-del-libro-2026-es-el-ultimo-gran-ritual-porteno","status":"publish","type":"post","link":"https:\/\/jotaposta.com.ar\/jposta\/2026\/04\/25\/el-refugio-de-los-que-aman-los-libros-por-que-la-feria-del-libro-2026-es-el-ultimo-gran-ritual-porteno\/","title":{"rendered":"El refugio de los que aman los libros: Por qu\u00e9 la Feria del Libro 2026 es el \u00faltimo gran ritual porte\u00f1o"},"content":{"rendered":"\n<p>Bajo el techo de cristal y hierro de La Rural, el aire se vuelve denso, cargado de ese aroma a <strong>papel nuevo<\/strong> y tinta fresca que solo los iniciados saben reconocer. No es simplemente una feria; es una ciudad ef\u00edmera que emerge cada abril en <strong>Buenos Aires<\/strong>, un laberinto donde el <strong>turismo cultural<\/strong> encuentra su m\u00e1xima expresi\u00f3n entre estanter\u00edas que parecen no tener fin. Los pasillos se llenan de susurros, de buscadores de tesoros que persiguen esa frase que les cambie la vida, mientras la <strong>agenda literaria<\/strong> dicta el pulso de una capital que se niega a dormir sin antes leer una p\u00e1gina m\u00e1s.<\/p>\n\n\n\n<figure class=\"wp-block-image size-large\"><img loading=\"lazy\" decoding=\"async\" width=\"1024\" height=\"683\" src=\"https:\/\/jotaposta.com.ar\/jposta\/wp-content\/uploads\/2026\/04\/image-131-1024x683.png\" alt=\"\" class=\"wp-image-13212\" srcset=\"https:\/\/jotaposta.com.ar\/jposta\/wp-content\/uploads\/2026\/04\/image-131-1024x683.png 1024w, https:\/\/jotaposta.com.ar\/jposta\/wp-content\/uploads\/2026\/04\/image-131-300x200.png 300w, https:\/\/jotaposta.com.ar\/jposta\/wp-content\/uploads\/2026\/04\/image-131-768x512.png 768w, https:\/\/jotaposta.com.ar\/jposta\/wp-content\/uploads\/2026\/04\/image-131.png 1200w\" sizes=\"auto, (max-width: 1024px) 100vw, 1024px\" \/><\/figure>\n\n\n\n<p>Caminar por la <strong>Feria del Libro<\/strong> es asistir a un desfile de almas. Hay algo de po\u00e9tico en ver a un joven descubrir a un cl\u00e1sico, o a un autor consagrado firmando ejemplares con la mano cansada pero el alma encendida. Este 2026, la conectividad digital y la <strong>inteligencia artificial<\/strong> conviven con el formato f\u00edsico, creando una atm\u00f3sfera de <strong>vanguardia editorial<\/strong> donde lo antiguo y lo moderno se dan la mano. Las <strong>conferencias magistrales<\/strong> y las firmas de autores internacionales son los imanes que atraen a miles de visitantes de todo el mundo.<\/p>\n\n\n\n<figure class=\"wp-block-image size-large\"><img loading=\"lazy\" decoding=\"async\" width=\"1024\" height=\"683\" src=\"https:\/\/jotaposta.com.ar\/jposta\/wp-content\/uploads\/2026\/04\/image-132-1024x683.png\" alt=\"\" class=\"wp-image-13213\" srcset=\"https:\/\/jotaposta.com.ar\/jposta\/wp-content\/uploads\/2026\/04\/image-132-1024x683.png 1024w, https:\/\/jotaposta.com.ar\/jposta\/wp-content\/uploads\/2026\/04\/image-132-300x200.png 300w, https:\/\/jotaposta.com.ar\/jposta\/wp-content\/uploads\/2026\/04\/image-132-768x512.png 768w, https:\/\/jotaposta.com.ar\/jposta\/wp-content\/uploads\/2026\/04\/image-132.png 1200w\" sizes=\"auto, (max-width: 1024px) 100vw, 1024px\" \/><\/figure>\n\n\n\n<p>Para el turista que llega a la <strong>Ciudad de Buenos Aires<\/strong>, la feria es el term\u00f3metro de nuestra identidad. No se trata solo de comprar un objeto, sino de participar en el <strong>ritual de la lectura<\/strong>, de perderse en el Pabell\u00f3n Ocre o de dejarse seducir por las propuestas de las editoriales independientes que florecen como flores de asfalto. Es el momento donde el <strong>periodismo cultural<\/strong> pone la lupa en las nuevas voces y donde la industria demuestra que, a pesar de las pantallas, el libro sigue siendo el mapa m\u00e1s fiel para entender la realidad.<\/p>\n\n\n\n<figure class=\"wp-block-image size-large\"><img loading=\"lazy\" decoding=\"async\" width=\"1024\" height=\"768\" src=\"https:\/\/jotaposta.com.ar\/jposta\/wp-content\/uploads\/2026\/04\/image-130-1024x768.png\" alt=\"\" class=\"wp-image-13211\" srcset=\"https:\/\/jotaposta.com.ar\/jposta\/wp-content\/uploads\/2026\/04\/image-130-1024x768.png 1024w, https:\/\/jotaposta.com.ar\/jposta\/wp-content\/uploads\/2026\/04\/image-130-300x225.png 300w, https:\/\/jotaposta.com.ar\/jposta\/wp-content\/uploads\/2026\/04\/image-130-768x576.png 768w, https:\/\/jotaposta.com.ar\/jposta\/wp-content\/uploads\/2026\/04\/image-130.png 1200w\" sizes=\"auto, (max-width: 1024px) 100vw, 1024px\" \/><\/figure>\n\n\n\n<p>Si planeas visitarla entre el <strong>20 y el 25 de abril<\/strong>, prep\u00e1rate para el asombro. La recomendaci\u00f3n es perderse sin GPS entre los stands, dejar que el instinto elija el pr\u00f3ximo destino y entender que cada libro es una puerta abierta. La <strong>Feria de Palermo<\/strong> es, en definitiva, ese rinc\u00f3n del mundo donde todav\u00eda es posible encontrar silencio en medio del caos y una historia esper\u00e1ndote en cada estante.<\/p>\n","protected":false},"excerpt":{"rendered":"<p>Bajo el techo de cristal y hierro de La Rural, el aire se vuelve denso, cargado de ese aroma a papel nuevo y tinta fresca que solo los iniciados saben reconocer. No es simplemente una feria; es una ciudad ef\u00edmera que emerge cada abril en Buenos Aires, un laberinto donde el turismo cultural encuentra su &hellip;<\/p>\n","protected":false},"author":1,"featured_media":13211,"comment_status":"open","ping_status":"open","sticky":false,"template":"","format":"standard","meta":{"pagelayer_contact_templates":[],"_pagelayer_content":"","iawp_total_views":0,"footnotes":""},"categories":[29],"tags":[193,10977,1615,10976,10973,10859,10970,10978,10981,10971,10982,10972,3773,4455,10979,10975,10974,10980,10983,6384],"class_list":["post-13210","post","type-post","status-publish","format-standard","has-post-thumbnail","hentry","category-turismo","tag-agenda-cultural","tag-buenos-aires-ciudad","tag-cultura-argentina","tag-editoriales-independientes","tag-escritores-internacionales","tag-eventos-caba","tag-feria-del-libro-2026","tag-firmas-de-libros","tag-guia-de-turismo","tag-la-rural","tag-lectores","tag-libros-argentinos","tag-literatura-contemporanea","tag-novedades-editoriales","tag-pabellones-feria","tag-paseos-en-palermo","tag-que-hacer-en-buenos-aires-2","tag-salidas-abril","tag-tradicion-literaria","tag-turismo-buenos-aires"],"_links":{"self":[{"href":"https:\/\/jotaposta.com.ar\/jposta\/wp-json\/wp\/v2\/posts\/13210","targetHints":{"allow":["GET"]}}],"collection":[{"href":"https:\/\/jotaposta.com.ar\/jposta\/wp-json\/wp\/v2\/posts"}],"about":[{"href":"https:\/\/jotaposta.com.ar\/jposta\/wp-json\/wp\/v2\/types\/post"}],"author":[{"embeddable":true,"href":"https:\/\/jotaposta.com.ar\/jposta\/wp-json\/wp\/v2\/users\/1"}],"replies":[{"embeddable":true,"href":"https:\/\/jotaposta.com.ar\/jposta\/wp-json\/wp\/v2\/comments?post=13210"}],"version-history":[{"count":1,"href":"https:\/\/jotaposta.com.ar\/jposta\/wp-json\/wp\/v2\/posts\/13210\/revisions"}],"predecessor-version":[{"id":13214,"href":"https:\/\/jotaposta.com.ar\/jposta\/wp-json\/wp\/v2\/posts\/13210\/revisions\/13214"}],"wp:featuredmedia":[{"embeddable":true,"href":"https:\/\/jotaposta.com.ar\/jposta\/wp-json\/wp\/v2\/media\/13211"}],"wp:attachment":[{"href":"https:\/\/jotaposta.com.ar\/jposta\/wp-json\/wp\/v2\/media?parent=13210"}],"wp:term":[{"taxonomy":"category","embeddable":true,"href":"https:\/\/jotaposta.com.ar\/jposta\/wp-json\/wp\/v2\/categories?post=13210"},{"taxonomy":"post_tag","embeddable":true,"href":"https:\/\/jotaposta.com.ar\/jposta\/wp-json\/wp\/v2\/tags?post=13210"}],"curies":[{"name":"wp","href":"https:\/\/api.w.org\/{rel}","templated":true}]}}