{"id":12934,"date":"2026-03-31T14:49:43","date_gmt":"2026-03-31T14:49:43","guid":{"rendered":"https:\/\/jotaposta.com.ar\/jposta\/?p=12934"},"modified":"2026-03-31T14:49:43","modified_gmt":"2026-03-31T14:49:43","slug":"la-patada-del-camello-desembarca-en-calle-corrientes-con-una-version-renovada","status":"publish","type":"post","link":"https:\/\/jotaposta.com.ar\/jposta\/2026\/03\/31\/la-patada-del-camello-desembarca-en-calle-corrientes-con-una-version-renovada\/","title":{"rendered":"\u201cLa Patada del Camello\u201d desembarca en Calle Corrientes con una versi\u00f3n renovada"},"content":{"rendered":"\n<p class=\"wp-block-paragraph\">Luego de su paso por el circuito independiente en 2019, <em>La Patada del Camello<\/em> regresa con una propuesta completamente renovada y adaptada al circuito comercial. El estreno ser\u00e1 el jueves 2 de abril a las 20 hs en el Teatro Premier (Av. Corrientes 1565), con funciones cada dos semanas.<\/p>\n\n\n\n<figure class=\"wp-block-image size-large\"><img loading=\"lazy\" decoding=\"async\" width=\"768\" height=\"1024\" src=\"https:\/\/jotaposta.com.ar\/jposta\/wp-content\/uploads\/2026\/03\/image-45-768x1024.png\" alt=\"\" class=\"wp-image-12935\" srcset=\"https:\/\/jotaposta.com.ar\/jposta\/wp-content\/uploads\/2026\/03\/image-45-768x1024.png 768w, https:\/\/jotaposta.com.ar\/jposta\/wp-content\/uploads\/2026\/03\/image-45-225x300.png 225w, https:\/\/jotaposta.com.ar\/jposta\/wp-content\/uploads\/2026\/03\/image-45-1152x1536.png 1152w, https:\/\/jotaposta.com.ar\/jposta\/wp-content\/uploads\/2026\/03\/image-45.png 1200w\" sizes=\"auto, (max-width: 768px) 100vw, 768px\" \/><\/figure>\n\n\n\n<p class=\"wp-block-paragraph\">Con dramaturgia de Sof\u00eda Gonz\u00e1lez y Sandra Criolani, y direcci\u00f3n de Ernesto Nesti Dom\u00ednguez, la obra propone una experiencia esc\u00e9nica \u00edntima, donde la m\u00fasica original en vivo y una puesta minimalista construyen un clima envolvente que potencia el trabajo actoral.<\/p>\n\n\n\n<p class=\"wp-block-paragraph\">La historia sigue a Candela Castro, una artista pl\u00e1stica que viaja a Egipto tras recibir una noticia inesperada. En el avi\u00f3n conoce a Pilar, una mujer que tambi\u00e9n busca un cambio de vida. Lo que comienza como un encuentro casual pronto se transforma en algo m\u00e1s profundo. Dos mujeres, un vuelo y un destino que las conecta en un relato que mezcla drama, ciencia ficci\u00f3n y toques de comedia.<\/p>\n\n\n\n<p class=\"wp-block-paragraph\">El elenco est\u00e1 integrado por las propias autoras, junto a Federico Ferreyra, mientras que la m\u00fasica original en vivo est\u00e1 a cargo de Sebasti\u00e1n Lerena, sumando una capa sensorial clave en la narrativa.<\/p>\n\n\n\n<p class=\"wp-block-paragraph\">En esta nueva etapa, <em>La Patada del Camello<\/em> ampl\u00eda su propuesta est\u00e9tica y resignifica su historia, apostando a consolidarse en la cartelera comercial sin perder la esencia intimista que la destac\u00f3 en sus comienzos.<\/p>\n","protected":false},"excerpt":{"rendered":"<p>Luego de su paso por el circuito independiente en 2019, La Patada del Camello regresa con una propuesta completamente renovada y adaptada al circuito comercial. El estreno ser\u00e1 el jueves 2 de abril a las 20 hs en el Teatro Premier (Av. Corrientes 1565), con funciones cada dos semanas. Con dramaturgia de Sof\u00eda Gonz\u00e1lez y &hellip;<\/p>\n","protected":false},"author":1,"featured_media":12935,"comment_status":"open","ping_status":"open","sticky":false,"template":"","format":"standard","meta":{"pagelayer_contact_templates":[],"_pagelayer_content":"","iawp_total_views":10,"footnotes":""},"categories":[5],"tags":[196,10114,10195,10202,10135,10055,10196,10190,10200,10197,10201,10193,4324,10174,10198,10194,10136,10189,10188,10203,8043,10191,10057,10199,10192],"class_list":["post-12934","post","type-post","status-publish","format-standard","has-post-thumbnail","hentry","category-jp-agenda","tag-agenda-cultural-caba","tag-cartelera-teatral-caba","tag-ciencia-ficcion-teatro","tag-circuito-teatral-porteno","tag-comedia-dramatica-argentina","tag-cultura-buenos-aires-teatro","tag-drama-teatral-buenos-aires","tag-ernesto-nesti-dominguez-director","tag-espectaculos-en-vivo-buenos-aires","tag-estreno-teatro-abril-2026","tag-funciones-jueves-teatro","tag-la-patada-del-camello","tag-musica-en-vivo-teatro","tag-obras-en-corrientes","tag-obras-en-teatro-premier","tag-obras-independientes-argentina","tag-obras-recomendadas-buenos-aires","tag-sandra-criolani-actriz","tag-sofia-gonzalez-dramaturga","tag-teatro-alternativo-argentina","tag-teatro-argentino-contemporaneo","tag-teatro-comercial-buenos-aires","tag-teatro-experimental-buenos-aires","tag-teatro-minimalista","tag-teatro-premier"],"_links":{"self":[{"href":"https:\/\/jotaposta.com.ar\/jposta\/wp-json\/wp\/v2\/posts\/12934","targetHints":{"allow":["GET"]}}],"collection":[{"href":"https:\/\/jotaposta.com.ar\/jposta\/wp-json\/wp\/v2\/posts"}],"about":[{"href":"https:\/\/jotaposta.com.ar\/jposta\/wp-json\/wp\/v2\/types\/post"}],"author":[{"embeddable":true,"href":"https:\/\/jotaposta.com.ar\/jposta\/wp-json\/wp\/v2\/users\/1"}],"replies":[{"embeddable":true,"href":"https:\/\/jotaposta.com.ar\/jposta\/wp-json\/wp\/v2\/comments?post=12934"}],"version-history":[{"count":1,"href":"https:\/\/jotaposta.com.ar\/jposta\/wp-json\/wp\/v2\/posts\/12934\/revisions"}],"predecessor-version":[{"id":12936,"href":"https:\/\/jotaposta.com.ar\/jposta\/wp-json\/wp\/v2\/posts\/12934\/revisions\/12936"}],"wp:featuredmedia":[{"embeddable":true,"href":"https:\/\/jotaposta.com.ar\/jposta\/wp-json\/wp\/v2\/media\/12935"}],"wp:attachment":[{"href":"https:\/\/jotaposta.com.ar\/jposta\/wp-json\/wp\/v2\/media?parent=12934"}],"wp:term":[{"taxonomy":"category","embeddable":true,"href":"https:\/\/jotaposta.com.ar\/jposta\/wp-json\/wp\/v2\/categories?post=12934"},{"taxonomy":"post_tag","embeddable":true,"href":"https:\/\/jotaposta.com.ar\/jposta\/wp-json\/wp\/v2\/tags?post=12934"}],"curies":[{"name":"wp","href":"https:\/\/api.w.org\/{rel}","templated":true}]}}