{"id":1289,"date":"2018-06-27T13:39:16","date_gmt":"2018-06-27T16:39:16","guid":{"rendered":"http:\/\/www.jotaposta.com.ar\/?p=1289"},"modified":"2018-06-27T13:39:16","modified_gmt":"2018-06-27T16:39:16","slug":"telam-despidio-a-400-trabajadores","status":"publish","type":"post","link":"https:\/\/jotaposta.com.ar\/jposta\/2018\/06\/27\/telam-despidio-a-400-trabajadores\/","title":{"rendered":"Telam despidi\u00f3 a 400 trabajadores"},"content":{"rendered":"<p>El titular del Sistema Federal de Medios y Contenidos P\u00fablicos, Hern\u00e1n Lombardi, confirmo que la medida alcanza a 354 empleados y atribuy\u00f3 la decisi\u00f3n a la <em>\u201cherencia kirchnerista, que duplic\u00f3 la plantilla<\/em>\u201d.<\/p>\n<p>En tanto, el resto de los trabajadores que no recibieron el telegrama de despido, amanecieron con un sugestivo correo electr\u00f3nico donde le firmaban que ser\u00edan, en adelante, \u201c<em>Parte de la nueva Agencia T\u00e9lam. Confiamos en vos\u201d<\/em>.<\/p>\n<p>Los trabajadores iniciaron un paro y convocaron a una asamblea para definir c\u00f3mo contin\u00faan con las medidas de fuerza en virtud de la &#8220;restructuraci\u00f3n general&#8221; que se lleva a cabo.<\/p>\n<p><img loading=\"lazy\" decoding=\"async\" class=\"aligncenter size-full wp-image-1290\" src=\"http:\/\/www.jotaposta.com.ar\/wp-content\/uploads\/2018\/06\/telam1.jpeg\" alt=\"telam1\" width=\"1140\" height=\"640\" srcset=\"https:\/\/jotaposta.com.ar\/jposta\/wp-content\/uploads\/2018\/06\/telam1.jpeg 1140w, https:\/\/jotaposta.com.ar\/jposta\/wp-content\/uploads\/2018\/06\/telam1-300x168.jpeg 300w, https:\/\/jotaposta.com.ar\/jposta\/wp-content\/uploads\/2018\/06\/telam1-1024x575.jpeg 1024w, https:\/\/jotaposta.com.ar\/jposta\/wp-content\/uploads\/2018\/06\/telam1-768x431.jpeg 768w, https:\/\/jotaposta.com.ar\/jposta\/wp-content\/uploads\/2018\/06\/telam1-390x220.jpeg 390w\" sizes=\"auto, (max-width: 1140px) 100vw, 1140px\" \/><\/p>\n<p>En relaci\u00f3n al tema, la delegada, \u00a0Mar\u00eda Laura Da Silva sostuvo que <em>&#8220;Tenemos contabilizados m\u00e1s de 50 telegramas en el \u00e1rea period\u00edstica y administrativa. Desde compa\u00f1eros nuevos hasta otros que tienen 30 a\u00f1os en la agencia. Son despidos injustificados&#8221;<\/em>.<\/p>\n<p>Por su parte, otros de los delegados, Esteban Giachero y tambi\u00e9n en declaraciones a FutuRock manifest\u00f3 que <em>\u201cTodav\u00eda no sabemos exactamente cu\u00e1ntos son los telegramas pero sabemos que se trata de despidos masivos. Pedimos reuni\u00f3n con los directivos pero la empresa no da respuesta\u201d.<\/em><\/p>\n<p>Desde el Gobierno se justific\u00f3, en el d\u00eda de ayer, que \u00a0<em>&#8220;Como tantos organismos y empresas del Estado, la agencia que heredamos tambi\u00e9n fue v\u00edctima de la irresponsabilidad y del desmanejo del gobierno anterior, que utiliz\u00f3 lo p\u00fablico para fines pol\u00edtico-partidarios&#8221;.<\/em><\/p>\n","protected":false},"excerpt":{"rendered":"<p>El titular del Sistema Federal de Medios y Contenidos P\u00fablicos, Hern\u00e1n Lombardi, confirmo que la medida alcanza a 354 empleados y atribuy\u00f3 la decisi\u00f3n a la \u201cherencia kirchnerista, que duplic\u00f3 la plantilla\u201d. En tanto, el resto de los trabajadores que no recibieron el telegrama de despido, amanecieron con un sugestivo correo electr\u00f3nico donde le firmaban &hellip;<\/p>\n","protected":false},"author":1,"featured_media":1291,"comment_status":"open","ping_status":"open","sticky":false,"template":"","format":"standard","meta":{"pagelayer_contact_templates":[],"_pagelayer_content":"","iawp_total_views":6,"footnotes":""},"categories":[3],"tags":[],"class_list":["post-1289","post","type-post","status-publish","format-standard","has-post-thumbnail","hentry","category-actualidad"],"_links":{"self":[{"href":"https:\/\/jotaposta.com.ar\/jposta\/wp-json\/wp\/v2\/posts\/1289","targetHints":{"allow":["GET"]}}],"collection":[{"href":"https:\/\/jotaposta.com.ar\/jposta\/wp-json\/wp\/v2\/posts"}],"about":[{"href":"https:\/\/jotaposta.com.ar\/jposta\/wp-json\/wp\/v2\/types\/post"}],"author":[{"embeddable":true,"href":"https:\/\/jotaposta.com.ar\/jposta\/wp-json\/wp\/v2\/users\/1"}],"replies":[{"embeddable":true,"href":"https:\/\/jotaposta.com.ar\/jposta\/wp-json\/wp\/v2\/comments?post=1289"}],"version-history":[{"count":0,"href":"https:\/\/jotaposta.com.ar\/jposta\/wp-json\/wp\/v2\/posts\/1289\/revisions"}],"wp:featuredmedia":[{"embeddable":true,"href":"https:\/\/jotaposta.com.ar\/jposta\/wp-json\/wp\/v2\/media\/1291"}],"wp:attachment":[{"href":"https:\/\/jotaposta.com.ar\/jposta\/wp-json\/wp\/v2\/media?parent=1289"}],"wp:term":[{"taxonomy":"category","embeddable":true,"href":"https:\/\/jotaposta.com.ar\/jposta\/wp-json\/wp\/v2\/categories?post=1289"},{"taxonomy":"post_tag","embeddable":true,"href":"https:\/\/jotaposta.com.ar\/jposta\/wp-json\/wp\/v2\/tags?post=1289"}],"curies":[{"name":"wp","href":"https:\/\/api.w.org\/{rel}","templated":true}]}}