{"id":12761,"date":"2026-02-23T00:37:42","date_gmt":"2026-02-23T00:37:42","guid":{"rendered":"https:\/\/jotaposta.com.ar\/?p=12761"},"modified":"2026-02-23T00:40:19","modified_gmt":"2026-02-23T00:40:19","slug":"francisco-el-papa-del-fin-del-mundo-concierto-sinfonico-sobre-la-vida-de-bergoglio-en-el-teatro-picadero","status":"publish","type":"post","link":"https:\/\/jotaposta.com.ar\/jposta\/2026\/02\/23\/francisco-el-papa-del-fin-del-mundo-concierto-sinfonico-sobre-la-vida-de-bergoglio-en-el-teatro-picadero\/","title":{"rendered":"\u201cFrancisco, el Papa del Fin del Mundo\u201d: concierto sinf\u00f3nico sobre la vida de Bergoglio en el Teatro Picadero"},"content":{"rendered":"\n<p>La figura de Pope Francis inspira una nueva propuesta musical argentina. <strong>Francisco, el Papa del Fin del Mundo<\/strong>, con idea y m\u00fasica de Nicol\u00e1s Crespo, libro y letras de Leo Schmit y direcci\u00f3n general de Luj\u00e1n Zalazar, tendr\u00e1 una \u00fanica funci\u00f3n el 24 de marzo a las 20 en el Teatro Picadero.<\/p>\n\n\n\n<figure class=\"wp-block-image size-large\"><img loading=\"lazy\" decoding=\"async\" width=\"1024\" height=\"1024\" src=\"https:\/\/jotaposta.com.ar\/jposta\/wp-content\/uploads\/2026\/02\/image-49-1024x1024.png\" alt=\"\" class=\"wp-image-12762\" srcset=\"https:\/\/jotaposta.com.ar\/jposta\/wp-content\/uploads\/2026\/02\/image-49-1024x1024.png 1024w, https:\/\/jotaposta.com.ar\/jposta\/wp-content\/uploads\/2026\/02\/image-49-300x300.png 300w, https:\/\/jotaposta.com.ar\/jposta\/wp-content\/uploads\/2026\/02\/image-49-150x150.png 150w, https:\/\/jotaposta.com.ar\/jposta\/wp-content\/uploads\/2026\/02\/image-49-768x768.png 768w, https:\/\/jotaposta.com.ar\/jposta\/wp-content\/uploads\/2026\/02\/image-49.png 1200w\" sizes=\"auto, (max-width: 1024px) 100vw, 1024px\" \/><\/figure>\n\n\n\n<p>La obra se presenta en formato concierto sinf\u00f3nico, con una orquesta de 15 m\u00fasicos en escena que interpretar\u00e1 las canciones centrales del musical en una versi\u00f3n especialmente concebida para esta etapa de desarrollo. Las entradas se encuentran disponibles a trav\u00e9s de Plateanet.<\/p>\n\n\n\n<p>El espect\u00e1culo propone un recorrido por la vida de Jorge Mario Bergoglio desde una perspectiva profundamente humana, abordando sus tensiones internas, su espiritualidad y su dimensi\u00f3n social mediante una partitura original que fusiona lenguaje teatral y sinf\u00f3nico contempor\u00e1neo.<\/p>\n\n\n\n<p>El concierto contar\u00e1 con la participaci\u00f3n de Alito Gallo Gosende, Flor Barisone, Chiara Rod\u00f3, Marian Lorena V\u00e1zquez, Xixi Padilla, Joa de Le\u00f3n, Lucas Rach, Miqueas Peralta, Maxi Areitio y Milena Cinosi, junto a la orquesta en vivo bajo direcci\u00f3n musical de Nicol\u00e1s Crespo.<\/p>\n\n\n\n<figure class=\"wp-block-image size-large\"><img loading=\"lazy\" decoding=\"async\" width=\"1024\" height=\"457\" src=\"https:\/\/jotaposta.com.ar\/jposta\/wp-content\/uploads\/2026\/02\/image-51-1024x457.png\" alt=\"\" class=\"wp-image-12767\" srcset=\"https:\/\/jotaposta.com.ar\/jposta\/wp-content\/uploads\/2026\/02\/image-51-1024x457.png 1024w, https:\/\/jotaposta.com.ar\/jposta\/wp-content\/uploads\/2026\/02\/image-51-300x134.png 300w, https:\/\/jotaposta.com.ar\/jposta\/wp-content\/uploads\/2026\/02\/image-51-768x342.png 768w, https:\/\/jotaposta.com.ar\/jposta\/wp-content\/uploads\/2026\/02\/image-51.png 1200w\" sizes=\"auto, (max-width: 1024px) 100vw, 1024px\" \/><\/figure>\n\n\n\n<p>La producci\u00f3n est\u00e1 a cargo de A Seagull Orquesta, que apuesta a un lenguaje esc\u00e9nico propio para abordar la figura de Francisco desde la emoci\u00f3n y la cercan\u00eda.<\/p>\n","protected":false},"excerpt":{"rendered":"<p>La figura de Pope Francis inspira una nueva propuesta musical argentina. Francisco, el Papa del Fin del Mundo, con idea y m\u00fasica de Nicol\u00e1s Crespo, libro y letras de Leo Schmit y direcci\u00f3n general de Luj\u00e1n Zalazar, tendr\u00e1 una \u00fanica funci\u00f3n el 24 de marzo a las 20 en el Teatro Picadero. La obra se &hellip;<\/p>\n","protected":false},"author":1,"featured_media":12767,"comment_status":"open","ping_status":"open","sticky":false,"template":"","format":"standard","meta":{"pagelayer_contact_templates":[],"_pagelayer_content":"","iawp_total_views":33,"footnotes":""},"categories":[5],"tags":[9771,833,997,9765,8486,1653,9773,9772,9762,9763,9764,9768,9767,9766,4646,4941,6125,9770,9769],"class_list":["post-12761","post","type-post","status-publish","format-standard","has-post-thumbnail","hentry","category-jp-agenda","tag-a-seagull-orquesta","tag-caba","tag-cartelera-teatral","tag-comedia-musical-argentina","tag-concierto-sinfonico","tag-cultura-portena","tag-espectaculo-musical","tag-estreno-2026","tag-francisco-el-papa-del-fin-del-mundo","tag-jorge-mario-bergoglio","tag-leo-schmit","tag-lujan-zalazar","tag-musical-sobre-francisco","tag-nicolas-crespo","tag-orquesta-en-vivo","tag-plateanet","tag-teatro-picadero","tag-unica-funcion","tag-vida-de-bergoglio"],"_links":{"self":[{"href":"https:\/\/jotaposta.com.ar\/jposta\/wp-json\/wp\/v2\/posts\/12761","targetHints":{"allow":["GET"]}}],"collection":[{"href":"https:\/\/jotaposta.com.ar\/jposta\/wp-json\/wp\/v2\/posts"}],"about":[{"href":"https:\/\/jotaposta.com.ar\/jposta\/wp-json\/wp\/v2\/types\/post"}],"author":[{"embeddable":true,"href":"https:\/\/jotaposta.com.ar\/jposta\/wp-json\/wp\/v2\/users\/1"}],"replies":[{"embeddable":true,"href":"https:\/\/jotaposta.com.ar\/jposta\/wp-json\/wp\/v2\/comments?post=12761"}],"version-history":[{"count":2,"href":"https:\/\/jotaposta.com.ar\/jposta\/wp-json\/wp\/v2\/posts\/12761\/revisions"}],"predecessor-version":[{"id":12768,"href":"https:\/\/jotaposta.com.ar\/jposta\/wp-json\/wp\/v2\/posts\/12761\/revisions\/12768"}],"wp:featuredmedia":[{"embeddable":true,"href":"https:\/\/jotaposta.com.ar\/jposta\/wp-json\/wp\/v2\/media\/12767"}],"wp:attachment":[{"href":"https:\/\/jotaposta.com.ar\/jposta\/wp-json\/wp\/v2\/media?parent=12761"}],"wp:term":[{"taxonomy":"category","embeddable":true,"href":"https:\/\/jotaposta.com.ar\/jposta\/wp-json\/wp\/v2\/categories?post=12761"},{"taxonomy":"post_tag","embeddable":true,"href":"https:\/\/jotaposta.com.ar\/jposta\/wp-json\/wp\/v2\/tags?post=12761"}],"curies":[{"name":"wp","href":"https:\/\/api.w.org\/{rel}","templated":true}]}}