{"id":12722,"date":"2026-02-20T20:03:01","date_gmt":"2026-02-20T20:03:01","guid":{"rendered":"https:\/\/jotaposta.com.ar\/?p=12722"},"modified":"2026-02-20T20:03:02","modified_gmt":"2026-02-20T20:03:02","slug":"villarruel-critico-la-anulacion-de-aranceles-en-ee-uu-y-defendio-el-empleo-nacional","status":"publish","type":"post","link":"https:\/\/jotaposta.com.ar\/jposta\/2026\/02\/20\/villarruel-critico-la-anulacion-de-aranceles-en-ee-uu-y-defendio-el-empleo-nacional\/","title":{"rendered":"Villarruel critic\u00f3 la anulaci\u00f3n de aranceles en EE.UU. y defendi\u00f3 el \u201cempleo nacional\u201d"},"content":{"rendered":"\n<p class=\"wp-block-paragraph\">La vicepresidenta de la Naci\u00f3n, Victoria Villarruel, se pronunci\u00f3 en su cuenta de X tras la decisi\u00f3n de la Corte de Estados Unidos de anular los aranceles a las importaciones impuestos durante la gesti\u00f3n de Donald Trump.<\/p>\n\n\n\n<figure class=\"wp-block-image size-full is-resized\"><img loading=\"lazy\" decoding=\"async\" width=\"800\" height=\"400\" src=\"https:\/\/jotaposta.com.ar\/jposta\/wp-content\/uploads\/2026\/02\/image-31.png\" alt=\"\" class=\"wp-image-12724\" style=\"width:840px;height:auto\" srcset=\"https:\/\/jotaposta.com.ar\/jposta\/wp-content\/uploads\/2026\/02\/image-31.png 800w, https:\/\/jotaposta.com.ar\/jposta\/wp-content\/uploads\/2026\/02\/image-31-300x150.png 300w, https:\/\/jotaposta.com.ar\/jposta\/wp-content\/uploads\/2026\/02\/image-31-768x384.png 768w\" sizes=\"auto, (max-width: 800px) 100vw, 800px\" \/><\/figure>\n\n\n\n<p class=\"wp-block-paragraph\">La titular del Senado sostuvo que la medida representa \u201cun golpe a las pol\u00edticas de producci\u00f3n y establecimiento de empresas en Estados Unidos\u201d y dej\u00f3 una definici\u00f3n con tono ideol\u00f3gico: \u201cSin empleo nacional y sin producci\u00f3n nacional no hay pol\u00edticas reales de gobierno\u201d.<\/p>\n\n\n\n<figure class=\"wp-block-image size-full is-resized\"><img loading=\"lazy\" decoding=\"async\" width=\"832\" height=\"720\" src=\"https:\/\/jotaposta.com.ar\/jposta\/wp-content\/uploads\/2026\/02\/image-30.png\" alt=\"\" class=\"wp-image-12723\" style=\"aspect-ratio:1.1555840097226442;width:838px;height:auto\" srcset=\"https:\/\/jotaposta.com.ar\/jposta\/wp-content\/uploads\/2026\/02\/image-30.png 832w, https:\/\/jotaposta.com.ar\/jposta\/wp-content\/uploads\/2026\/02\/image-30-300x260.png 300w, https:\/\/jotaposta.com.ar\/jposta\/wp-content\/uploads\/2026\/02\/image-30-768x665.png 768w\" sizes=\"auto, (max-width: 832px) 100vw, 832px\" \/><\/figure>\n\n\n\n<p class=\"wp-block-paragraph\">En su mensaje, Villarruel advirti\u00f3 que la apertura total de importaciones \u201cs\u00f3lo favorece la dependencia de China\u201d y profundiza las crisis econ\u00f3micas y sociales. \u201cSin industria, se pasa a depender hasta en lo m\u00e1s m\u00ednimo de China, un pa\u00eds comunista\u201d, afirm\u00f3.<\/p>\n\n\n\n<p class=\"wp-block-paragraph\">La vicepresidenta tambi\u00e9n traz\u00f3 un paralelismo con la Argentina y marc\u00f3 su posici\u00f3n: \u201cPara Trump, primero est\u00e1 Estados Unidos; para m\u00ed, primero est\u00e1 la Argentina\u201d.<\/p>\n\n\n\n<p class=\"wp-block-paragraph\">Finalmente, plante\u00f3 que el debate de fondo es \u201cnacionalismo o globalismo\u201d y asegur\u00f3 que el pa\u00eds \u201ctiene todo para ser una potencia mundial\u201d y no debe resignarse a ser \u00fanicamente una econom\u00eda de servicios.<\/p>\n","protected":false},"excerpt":{"rendered":"<p>La vicepresidenta de la Naci\u00f3n, Victoria Villarruel, se pronunci\u00f3 en su cuenta de X tras la decisi\u00f3n de la Corte de Estados Unidos de anular los aranceles a las importaciones impuestos durante la gesti\u00f3n de Donald Trump. La titular del Senado sostuvo que la medida representa \u201cun golpe a las pol\u00edticas de producci\u00f3n y establecimiento &hellip;<\/p>\n","protected":false},"author":1,"featured_media":12724,"comment_status":"open","ping_status":"open","sticky":false,"template":"","format":"standard","meta":{"pagelayer_contact_templates":[],"_pagelayer_content":"","iawp_total_views":6,"footnotes":""},"categories":[4],"tags":[9701,9696,9690,9693,1264,9691,9699,2018,2060,9692,9697,9700,6806,9694,9486,9698,5000,9695,5779,6597],"class_list":["post-12722","post","type-post","status-publish","format-standard","has-post-thumbnail","hentry","category-actualidad-politica","tag-actualidad-politica-argentina","tag-apertura-de-importaciones","tag-aranceles-importaciones","tag-china-comunista","tag-comercio-exterior","tag-corte-de-estados-unidos","tag-dependencia-economica","tag-donald-trump","tag-economia-argentina","tag-empleo-nacional","tag-estados-unidos-politica-comercial","tag-globalismo","tag-gobierno-argentino","tag-industria-argentina","tag-industria-nacional","tag-nacionalismo","tag-politica-internacional","tag-produccion-nacional","tag-senado-argentino","tag-victoria-villarruel"],"_links":{"self":[{"href":"https:\/\/jotaposta.com.ar\/jposta\/wp-json\/wp\/v2\/posts\/12722","targetHints":{"allow":["GET"]}}],"collection":[{"href":"https:\/\/jotaposta.com.ar\/jposta\/wp-json\/wp\/v2\/posts"}],"about":[{"href":"https:\/\/jotaposta.com.ar\/jposta\/wp-json\/wp\/v2\/types\/post"}],"author":[{"embeddable":true,"href":"https:\/\/jotaposta.com.ar\/jposta\/wp-json\/wp\/v2\/users\/1"}],"replies":[{"embeddable":true,"href":"https:\/\/jotaposta.com.ar\/jposta\/wp-json\/wp\/v2\/comments?post=12722"}],"version-history":[{"count":1,"href":"https:\/\/jotaposta.com.ar\/jposta\/wp-json\/wp\/v2\/posts\/12722\/revisions"}],"predecessor-version":[{"id":12725,"href":"https:\/\/jotaposta.com.ar\/jposta\/wp-json\/wp\/v2\/posts\/12722\/revisions\/12725"}],"wp:featuredmedia":[{"embeddable":true,"href":"https:\/\/jotaposta.com.ar\/jposta\/wp-json\/wp\/v2\/media\/12724"}],"wp:attachment":[{"href":"https:\/\/jotaposta.com.ar\/jposta\/wp-json\/wp\/v2\/media?parent=12722"}],"wp:term":[{"taxonomy":"category","embeddable":true,"href":"https:\/\/jotaposta.com.ar\/jposta\/wp-json\/wp\/v2\/categories?post=12722"},{"taxonomy":"post_tag","embeddable":true,"href":"https:\/\/jotaposta.com.ar\/jposta\/wp-json\/wp\/v2\/tags?post=12722"}],"curies":[{"name":"wp","href":"https:\/\/api.w.org\/{rel}","templated":true}]}}