{"id":12590,"date":"2026-01-25T16:20:53","date_gmt":"2026-01-25T16:20:53","guid":{"rendered":"https:\/\/jotaposta.com.ar\/?p=12590"},"modified":"2026-02-01T14:45:58","modified_gmt":"2026-02-01T14:45:58","slug":"afa-bajo-fuego-de-que-se-trata-el-escandalo-que-sacude-al-futbol-argentino-y-quienes-son-los-protagonistas","status":"publish","type":"post","link":"https:\/\/jotaposta.com.ar\/jposta\/2026\/01\/25\/afa-bajo-fuego-de-que-se-trata-el-escandalo-que-sacude-al-futbol-argentino-y-quienes-son-los-protagonistas\/","title":{"rendered":"AFA bajo fuego: de qu\u00e9 se trata el esc\u00e1ndalo que sacude al f\u00fatbol argentino y qui\u00e9nes son los protagonistas"},"content":{"rendered":"\n<p class=\"wp-block-paragraph\"><strong>Por Juan Postararo<\/strong> <em>Director de #JotaPosta \u2013 &#8220;La misma realidad, otra mirada&#8221;<\/em><\/p>\n\n\n\n<p class=\"wp-block-paragraph\">Para entender el volc\u00e1n que hoy sacude las oficinas de la calle Viamonte, no hay que mirar solo los expedientes judiciales de este verano de 2026. Hay que retroceder unos meses, cuando el f\u00fatbol argentino asisti\u00f3 a un fen\u00f3meno casi metaf\u00edsico: la consagraci\u00f3n de un campe\u00f3n que nadie sab\u00eda que estaba compitiendo.<sup><\/sup><\/p>\n\n\n\n<figure class=\"wp-block-image size-full\"><img loading=\"lazy\" decoding=\"async\" width=\"880\" height=\"512\" src=\"https:\/\/jotaposta.com.ar\/jposta\/wp-content\/uploads\/2026\/01\/image-54.png\" alt=\"\" class=\"wp-image-12601\" srcset=\"https:\/\/jotaposta.com.ar\/jposta\/wp-content\/uploads\/2026\/01\/image-54.png 880w, https:\/\/jotaposta.com.ar\/jposta\/wp-content\/uploads\/2026\/01\/image-54-300x175.png 300w, https:\/\/jotaposta.com.ar\/jposta\/wp-content\/uploads\/2026\/01\/image-54-768x447.png 768w\" sizes=\"auto, (max-width: 880px) 100vw, 880px\" \/><\/figure>\n\n\n\n<h3 class=\"wp-block-heading\">El g\u00e9nesis: Una copa, un saludo y la rebeli\u00f3n de Ver\u00f3n<\/h3>\n\n\n\n<p class=\"wp-block-paragraph\">Podemos marcar como punto de partida, lo ocurrido en octubre de 2025. En una decisi\u00f3n que roz\u00f3 el surrealismo, la AFA le otorg\u00f3 un t\u00edtulo de liga a <strong>Rosario Central<\/strong> bas\u00e1ndose en la tabla anual, una copa que no estaba formalmente en juego hasta que apareci\u00f3 sobre un escritorio. La foto de <strong>Jorge Broun<\/strong> con el trofeo \u2014viralizada minutos antes de que terminara la reuni\u00f3n de Comit\u00e9 Ejecutivo\u2014 fue el f\u00f3sforo que encendi\u00f3 la pradera.<\/p>\n\n\n\n<figure class=\"wp-block-image size-large\"><img loading=\"lazy\" decoding=\"async\" width=\"1024\" height=\"576\" src=\"https:\/\/jotaposta.com.ar\/jposta\/wp-content\/uploads\/2026\/01\/image-44-1024x576.png\" alt=\"\" class=\"wp-image-12591\" srcset=\"https:\/\/jotaposta.com.ar\/jposta\/wp-content\/uploads\/2026\/01\/image-44-1024x576.png 1024w, https:\/\/jotaposta.com.ar\/jposta\/wp-content\/uploads\/2026\/01\/image-44-300x169.png 300w, https:\/\/jotaposta.com.ar\/jposta\/wp-content\/uploads\/2026\/01\/image-44-768x432.png 768w, https:\/\/jotaposta.com.ar\/jposta\/wp-content\/uploads\/2026\/01\/image-44-1536x864.png 1536w, https:\/\/jotaposta.com.ar\/jposta\/wp-content\/uploads\/2026\/01\/image-44-390x220.png 390w, https:\/\/jotaposta.com.ar\/jposta\/wp-content\/uploads\/2026\/01\/image-44.png 1920w\" sizes=\"auto, (max-width: 1024px) 100vw, 1024px\" \/><\/figure>\n\n\n\n<p class=\"wp-block-paragraph\">La reacci\u00f3n no se hizo esperar.<sup><\/sup> <strong>Juan Sebasti\u00e1n Ver\u00f3n<\/strong>, presidente de Estudiantes, lider\u00f3 el &#8220;espaldazo&#8221;: sus jugadores le dieron la espalda al plantel canalla en el pasillo de honor.<sup><\/sup> El mensaje fue claro: el m\u00e9rito deportivo estaba siendo pisoteado por la lapicera.<sup><\/sup> Desde entonces, el &#8220;Chiqui&#8221; Tapia pas\u00f3 de ser el &#8220;Comandante&#8221; de la Scaloneta a estar bajo la lupa de una opini\u00f3n p\u00fablica que empez\u00f3 a cuestionar no solo el formato del torneo, sino el manejo de los fondos.<\/p>\n\n\n\n<figure class=\"wp-block-image size-large\"><img loading=\"lazy\" decoding=\"async\" width=\"1024\" height=\"768\" src=\"https:\/\/jotaposta.com.ar\/jposta\/wp-content\/uploads\/2026\/01\/image-45-1024x768.png\" alt=\"\" class=\"wp-image-12592\" srcset=\"https:\/\/jotaposta.com.ar\/jposta\/wp-content\/uploads\/2026\/01\/image-45-1024x768.png 1024w, https:\/\/jotaposta.com.ar\/jposta\/wp-content\/uploads\/2026\/01\/image-45-300x225.png 300w, https:\/\/jotaposta.com.ar\/jposta\/wp-content\/uploads\/2026\/01\/image-45-768x576.png 768w, https:\/\/jotaposta.com.ar\/jposta\/wp-content\/uploads\/2026\/01\/image-45.png 1200w\" sizes=\"auto, (max-width: 1024px) 100vw, 1024px\" \/><\/figure>\n\n\n\n<h3 class=\"wp-block-heading\">De las canchas a los tribunales: La trama ARCA<\/h3>\n\n\n\n<p class=\"wp-block-paragraph\">Lo que parec\u00eda una disputa folcl\u00f3rica escal\u00f3 a una guerra judicial total en enero de 2026. La flamante <strong>ARCA<\/strong> (ex AFIP) le solt\u00f3 la mano a la AFA con una denuncia demoledora: <strong>$19.300 millones<\/strong> en aportes jubilatorios y retenciones de Ganancias que fueron cobrados pero nunca depositados en las arcas del Estado.<\/p>\n\n\n\n<figure class=\"wp-block-image size-large\"><img loading=\"lazy\" decoding=\"async\" width=\"724\" height=\"1024\" src=\"https:\/\/jotaposta.com.ar\/jposta\/wp-content\/uploads\/2026\/01\/image-46-724x1024.png\" alt=\"\" class=\"wp-image-12593\" srcset=\"https:\/\/jotaposta.com.ar\/jposta\/wp-content\/uploads\/2026\/01\/image-46-724x1024.png 724w, https:\/\/jotaposta.com.ar\/jposta\/wp-content\/uploads\/2026\/01\/image-46-212x300.png 212w, https:\/\/jotaposta.com.ar\/jposta\/wp-content\/uploads\/2026\/01\/image-46-768x1087.png 768w, https:\/\/jotaposta.com.ar\/jposta\/wp-content\/uploads\/2026\/01\/image-46.png 992w\" sizes=\"auto, (max-width: 724px) 100vw, 724px\" \/><\/figure>\n\n\n\n<p class=\"wp-block-paragraph\">A esto se sum\u00f3, hace apenas d\u00edas, una nueva causa por el uso de <strong>facturas truchas<\/strong> por m\u00e1s de $375 millones para justificar salidas de dinero de la asociaci\u00f3n.<sup><\/sup> La justicia sospecha que el f\u00fatbol argentino se convirti\u00f3 en un gran &#8220;pasamanos&#8221; de billetes.<\/p>\n\n\n\n<h3 class=\"wp-block-heading\">El esc\u00e1ndalo de las Tarjetas Corporativas y la Mansi\u00f3n de Pilar<\/h3>\n\n\n\n<p class=\"wp-block-paragraph\">El punto de mayor impacto medi\u00e1tico lleg\u00f3 con los allanamientos en la <strong>mansi\u00f3n de Pilar<\/strong>. Un predio de lujo con helipuerto y una colecci\u00f3n de m\u00e1s de <strong>50 autos de alta gama<\/strong> (Ferraris, Lamborghinis y Porsches).<\/p>\n\n\n\n<figure class=\"wp-block-image size-full\"><img loading=\"lazy\" decoding=\"async\" width=\"992\" height=\"558\" src=\"https:\/\/jotaposta.com.ar\/jposta\/wp-content\/uploads\/2026\/01\/image-47.png\" alt=\"\" class=\"wp-image-12594\" srcset=\"https:\/\/jotaposta.com.ar\/jposta\/wp-content\/uploads\/2026\/01\/image-47.png 992w, https:\/\/jotaposta.com.ar\/jposta\/wp-content\/uploads\/2026\/01\/image-47-300x169.png 300w, https:\/\/jotaposta.com.ar\/jposta\/wp-content\/uploads\/2026\/01\/image-47-768x432.png 768w, https:\/\/jotaposta.com.ar\/jposta\/wp-content\/uploads\/2026\/01\/image-47-390x220.png 390w\" sizes=\"auto, (max-width: 992px) 100vw, 992px\" \/><\/figure>\n\n\n\n<p class=\"wp-block-paragraph\">La investigaci\u00f3n revel\u00f3 que el mantenimiento de esta vida de magnate se habr\u00eda financiado con <strong>tarjetas American Express corporativas de la AFA<\/strong>. Los consumos, que promedian los <strong>$50 millones mensuales<\/strong>, no estaban a nombre de Tapia, sino de un nombre que hasta hace poco era desconocido: <strong>Luciano Pantano<\/strong>.<sup><\/sup><\/p>\n\n\n\n<figure class=\"wp-block-image size-full is-resized\"><img loading=\"lazy\" decoding=\"async\" width=\"768\" height=\"384\" src=\"https:\/\/jotaposta.com.ar\/jposta\/wp-content\/uploads\/2026\/01\/image-55.png\" alt=\"\" class=\"wp-image-12606\" style=\"aspect-ratio:2.0000406917599185;width:838px;height:auto\" srcset=\"https:\/\/jotaposta.com.ar\/jposta\/wp-content\/uploads\/2026\/01\/image-55.png 768w, https:\/\/jotaposta.com.ar\/jposta\/wp-content\/uploads\/2026\/01\/image-55-300x150.png 300w\" sizes=\"auto, (max-width: 768px) 100vw, 768px\" \/><\/figure>\n\n\n\n<hr class=\"wp-block-separator has-alpha-channel-opacity\"\/>\n\n\n\n<h3 class=\"wp-block-heading\">Qui\u00e9n es qui\u00e9n en el tablero del esc\u00e1ndalo<\/h3>\n\n\n\n<p class=\"wp-block-paragraph\">Para que no te pierdas entre tanto nombre, aqu\u00ed est\u00e1n los protagonistas de esta historia:<\/p>\n\n\n\n<figure class=\"wp-block-image size-large\"><img loading=\"lazy\" decoding=\"async\" width=\"1024\" height=\"575\" src=\"https:\/\/jotaposta.com.ar\/jposta\/wp-content\/uploads\/2026\/01\/image-48-1024x575.png\" alt=\"\" class=\"wp-image-12595\" srcset=\"https:\/\/jotaposta.com.ar\/jposta\/wp-content\/uploads\/2026\/01\/image-48-1024x575.png 1024w, https:\/\/jotaposta.com.ar\/jposta\/wp-content\/uploads\/2026\/01\/image-48-300x168.png 300w, https:\/\/jotaposta.com.ar\/jposta\/wp-content\/uploads\/2026\/01\/image-48-768x431.png 768w, https:\/\/jotaposta.com.ar\/jposta\/wp-content\/uploads\/2026\/01\/image-48-390x220.png 390w, https:\/\/jotaposta.com.ar\/jposta\/wp-content\/uploads\/2026\/01\/image-48.png 1300w\" sizes=\"auto, (max-width: 1024px) 100vw, 1024px\" \/><\/figure>\n\n\n\n<ul class=\"wp-block-list\">\n<li><strong>Claudio &#8220;Chiqui&#8221; Tapia:<\/strong> Presidente de AFA. Hoy cercado por denuncias de evasi\u00f3n agravada. Su defensa sostiene que es una &#8220;persecuci\u00f3n pol\u00edtica&#8221; por su rechazo a las SAD.<\/li>\n<\/ul>\n\n\n\n<figure class=\"wp-block-image size-full\"><img loading=\"lazy\" decoding=\"async\" width=\"900\" height=\"506\" src=\"https:\/\/jotaposta.com.ar\/jposta\/wp-content\/uploads\/2026\/01\/image-49.png\" alt=\"\" class=\"wp-image-12596\" srcset=\"https:\/\/jotaposta.com.ar\/jposta\/wp-content\/uploads\/2026\/01\/image-49.png 900w, https:\/\/jotaposta.com.ar\/jposta\/wp-content\/uploads\/2026\/01\/image-49-300x169.png 300w, https:\/\/jotaposta.com.ar\/jposta\/wp-content\/uploads\/2026\/01\/image-49-768x432.png 768w, https:\/\/jotaposta.com.ar\/jposta\/wp-content\/uploads\/2026\/01\/image-49-390x220.png 390w\" sizes=\"auto, (max-width: 900px) 100vw, 900px\" \/><\/figure>\n\n\n\n<ul class=\"wp-block-list\">\n<li><strong>Pablo Toviggino:<\/strong> Tesorero de AFA y el verdadero &#8220;cerebro&#8221; detr\u00e1s de la log\u00edstica. Es quien maneja los hilos pol\u00edticos y a quien la justicia vincula directamente con la mansi\u00f3n de Pilar.<\/li>\n<\/ul>\n\n\n\n<figure class=\"wp-block-image size-large\"><img loading=\"lazy\" decoding=\"async\" width=\"1024\" height=\"576\" src=\"https:\/\/jotaposta.com.ar\/jposta\/wp-content\/uploads\/2026\/01\/image-50-1024x576.png\" alt=\"\" class=\"wp-image-12597\" srcset=\"https:\/\/jotaposta.com.ar\/jposta\/wp-content\/uploads\/2026\/01\/image-50-1024x576.png 1024w, https:\/\/jotaposta.com.ar\/jposta\/wp-content\/uploads\/2026\/01\/image-50-300x169.png 300w, https:\/\/jotaposta.com.ar\/jposta\/wp-content\/uploads\/2026\/01\/image-50-768x432.png 768w, https:\/\/jotaposta.com.ar\/jposta\/wp-content\/uploads\/2026\/01\/image-50-390x220.png 390w, https:\/\/jotaposta.com.ar\/jposta\/wp-content\/uploads\/2026\/01\/image-50.png 1200w\" sizes=\"auto, (max-width: 1024px) 100vw, 1024px\" \/><\/figure>\n\n\n\n<ul class=\"wp-block-list\">\n<li><strong>Luciano Pantano:<\/strong> El hombre del momento. Se\u00f1alado como el <strong>presunto testaferro de Toviggino<\/strong>. Titular de la tarjeta corporativa de AFA que pagaba desde el combustible de los helic\u00f3pteros hasta los impuestos de la mansi\u00f3n.<\/li>\n<\/ul>\n\n\n\n<figure class=\"wp-block-image size-large\"><img loading=\"lazy\" decoding=\"async\" width=\"1024\" height=\"576\" src=\"https:\/\/jotaposta.com.ar\/jposta\/wp-content\/uploads\/2026\/01\/image-51-1024x576.png\" alt=\"\" class=\"wp-image-12598\" srcset=\"https:\/\/jotaposta.com.ar\/jposta\/wp-content\/uploads\/2026\/01\/image-51-1024x576.png 1024w, https:\/\/jotaposta.com.ar\/jposta\/wp-content\/uploads\/2026\/01\/image-51-300x169.png 300w, https:\/\/jotaposta.com.ar\/jposta\/wp-content\/uploads\/2026\/01\/image-51-768x432.png 768w, https:\/\/jotaposta.com.ar\/jposta\/wp-content\/uploads\/2026\/01\/image-51-390x220.png 390w, https:\/\/jotaposta.com.ar\/jposta\/wp-content\/uploads\/2026\/01\/image-51.png 1440w\" sizes=\"auto, (max-width: 1024px) 100vw, 1024px\" \/><\/figure>\n\n\n\n<ul class=\"wp-block-list\">\n<li><strong>Juan Sebasti\u00e1n Ver\u00f3n:<\/strong> El antagonista principal. Desde Estudiantes de La Plata, se convirti\u00f3 en la cara visible de la oposici\u00f3n al &#8220;modelo Tapia&#8221;, defendiendo la transparencia y la apertura a capitales privados.<\/li>\n<\/ul>\n\n\n\n<figure class=\"wp-block-image size-large\"><img loading=\"lazy\" decoding=\"async\" width=\"1024\" height=\"576\" src=\"https:\/\/jotaposta.com.ar\/jposta\/wp-content\/uploads\/2026\/01\/image-52-1024x576.png\" alt=\"\" class=\"wp-image-12599\" srcset=\"https:\/\/jotaposta.com.ar\/jposta\/wp-content\/uploads\/2026\/01\/image-52-1024x576.png 1024w, https:\/\/jotaposta.com.ar\/jposta\/wp-content\/uploads\/2026\/01\/image-52-300x169.png 300w, https:\/\/jotaposta.com.ar\/jposta\/wp-content\/uploads\/2026\/01\/image-52-768x432.png 768w, https:\/\/jotaposta.com.ar\/jposta\/wp-content\/uploads\/2026\/01\/image-52-390x220.png 390w, https:\/\/jotaposta.com.ar\/jposta\/wp-content\/uploads\/2026\/01\/image-52.png 1200w\" sizes=\"auto, (max-width: 1024px) 100vw, 1024px\" \/><\/figure>\n\n\n\n<ul class=\"wp-block-list\">\n<li><strong>Andr\u00e9s V\u00e1zquez:<\/strong> Titular de ARCA. El encargado de firmar las denuncias por evasi\u00f3n que buscan asfixiar financieramente a la conducci\u00f3n actual de Viamonte.<\/li>\n<\/ul>\n\n\n\n<figure class=\"wp-block-image size-large\"><img loading=\"lazy\" decoding=\"async\" width=\"1024\" height=\"575\" src=\"https:\/\/jotaposta.com.ar\/jposta\/wp-content\/uploads\/2026\/01\/image-53-1024x575.png\" alt=\"\" class=\"wp-image-12600\" srcset=\"https:\/\/jotaposta.com.ar\/jposta\/wp-content\/uploads\/2026\/01\/image-53-1024x575.png 1024w, https:\/\/jotaposta.com.ar\/jposta\/wp-content\/uploads\/2026\/01\/image-53-300x168.png 300w, https:\/\/jotaposta.com.ar\/jposta\/wp-content\/uploads\/2026\/01\/image-53-768x431.png 768w, https:\/\/jotaposta.com.ar\/jposta\/wp-content\/uploads\/2026\/01\/image-53-390x220.png 390w, https:\/\/jotaposta.com.ar\/jposta\/wp-content\/uploads\/2026\/01\/image-53.png 1300w\" sizes=\"auto, (max-width: 1024px) 100vw, 1024px\" \/><\/figure>\n\n\n\n<ul class=\"wp-block-list\">\n<li><strong>Adri\u00e1n Gonz\u00e1lez Charvay:<\/strong> El juez federal de Campana que ahora tiene la &#8220;papa caliente&#8221;. La causa de la mansi\u00f3n pas\u00f3 a sus manos tras una fuerte disputa de competencia judicial.<\/li>\n<\/ul>\n\n\n\n<p class=\"wp-block-paragraph\">El f\u00fatbol argentino vive sus horas m\u00e1s oscuras entre despachos y tribunales. \u00bfEs el fin de una era o solo una jugada m\u00e1s de un dirigente que sabe sobrevivir a todo? En #<strong>JotaPosta<\/strong>, seguimos mirando desde abajo, donde la realidad no se puede dibujar con una copa de escritorio.<\/p>\n","protected":false},"excerpt":{"rendered":"<p>Por Juan Postararo Director de #JotaPosta \u2013 &#8220;La misma realidad, otra mirada&#8221; Para entender el volc\u00e1n que hoy sacude las oficinas de la calle Viamonte, no hay que mirar solo los expedientes judiciales de este verano de 2026. Hay que retroceder unos meses, cuando el f\u00fatbol argentino asisti\u00f3 a un fen\u00f3meno casi metaf\u00edsico: la consagraci\u00f3n &hellip;<\/p>\n","protected":false},"author":1,"featured_media":12602,"comment_status":"open","ping_status":"open","sticky":false,"template":"","format":"standard","meta":{"pagelayer_contact_templates":[],"_pagelayer_content":"","iawp_total_views":32,"footnotes":""},"categories":[4],"tags":[186,9410,9407,9409,9420,9419,9418,9411,2804,3473,9413,3563,6829,9415,9414,9408,9412,9417,9416,9421],"class_list":["post-12590","post","type-post","status-publish","format-standard","has-post-thumbnail","hentry","category-actualidad-politica","tag-afa","tag-arca","tag-chiqui-tapia","tag-corrupcion-afa","tag-crisis-afa-2026","tag-denuncia-arca","tag-escandalo-futbol-argentino","tag-evasion-impositiva","tag-futbol-argentino","tag-jotaposta","tag-juan-sebastian-veron","tag-justicia-federal","tag-lavado-de-dinero","tag-luciano-pantano","tag-mansion-de-pilar","tag-pablo-toviggino","tag-rosario-central","tag-sociedades-anonimas-deportivas","tag-tarjetas-corporativas","tag-viamonte-1366"],"_links":{"self":[{"href":"https:\/\/jotaposta.com.ar\/jposta\/wp-json\/wp\/v2\/posts\/12590","targetHints":{"allow":["GET"]}}],"collection":[{"href":"https:\/\/jotaposta.com.ar\/jposta\/wp-json\/wp\/v2\/posts"}],"about":[{"href":"https:\/\/jotaposta.com.ar\/jposta\/wp-json\/wp\/v2\/types\/post"}],"author":[{"embeddable":true,"href":"https:\/\/jotaposta.com.ar\/jposta\/wp-json\/wp\/v2\/users\/1"}],"replies":[{"embeddable":true,"href":"https:\/\/jotaposta.com.ar\/jposta\/wp-json\/wp\/v2\/comments?post=12590"}],"version-history":[{"count":4,"href":"https:\/\/jotaposta.com.ar\/jposta\/wp-json\/wp\/v2\/posts\/12590\/revisions"}],"predecessor-version":[{"id":12607,"href":"https:\/\/jotaposta.com.ar\/jposta\/wp-json\/wp\/v2\/posts\/12590\/revisions\/12607"}],"wp:featuredmedia":[{"embeddable":true,"href":"https:\/\/jotaposta.com.ar\/jposta\/wp-json\/wp\/v2\/media\/12602"}],"wp:attachment":[{"href":"https:\/\/jotaposta.com.ar\/jposta\/wp-json\/wp\/v2\/media?parent=12590"}],"wp:term":[{"taxonomy":"category","embeddable":true,"href":"https:\/\/jotaposta.com.ar\/jposta\/wp-json\/wp\/v2\/categories?post=12590"},{"taxonomy":"post_tag","embeddable":true,"href":"https:\/\/jotaposta.com.ar\/jposta\/wp-json\/wp\/v2\/tags?post=12590"}],"curies":[{"name":"wp","href":"https:\/\/api.w.org\/{rel}","templated":true}]}}