{"id":12467,"date":"2026-01-18T12:22:12","date_gmt":"2026-01-18T12:22:12","guid":{"rendered":"https:\/\/jotaposta.com.ar\/?p=12467"},"modified":"2026-01-18T12:22:13","modified_gmt":"2026-01-18T12:22:13","slug":"lel-verde-que-quema-el-misterioso-salto-de-precios-en-las-verdulerias-que-pone-en-jaque-el-plan-desinflacionario-del-gobierno","status":"publish","type":"post","link":"https:\/\/jotaposta.com.ar\/jposta\/2026\/01\/18\/lel-verde-que-quema-el-misterioso-salto-de-precios-en-las-verdulerias-que-pone-en-jaque-el-plan-desinflacionario-del-gobierno\/","title":{"rendered":"LEl verde que quema: El misterioso salto de precios en las verduler\u00edas que pone en jaque el plan desinflacionario del Gobierno"},"content":{"rendered":"\n<p class=\"wp-block-paragraph\">&nbsp;La&nbsp;<strong>inflaci\u00f3n<\/strong>&nbsp;no descansa: en lo que va del a\u00f1o, los precios de los alimentos y bebidas mostraron no estar dispuestos a ceder tan f\u00e1cilmente,&nbsp;<strong>a pesar de la ca\u00edda del consumo.<\/strong><\/p>\n\n\n\n<p class=\"wp-block-paragraph\">Luego de la inflaci\u00f3n del&nbsp;<strong>2,8%<\/strong>&nbsp;en diciembre, el mercado entendi\u00f3 que llevar el costo de vida cerca de cero, como volvi\u00f3 a prometer el presidente Javier Milei -esta vez para agosto de este a\u00f1o-, ser\u00e1 una tarea m\u00e1s complicada de lo previsto.<\/p>\n\n\n\n<figure class=\"wp-block-image size-large\"><img loading=\"lazy\" decoding=\"async\" width=\"1024\" height=\"576\" src=\"https:\/\/jotaposta.com.ar\/jposta\/wp-content\/uploads\/2019\/12\/4-comidas-diarias-1024x576.jpg\" alt=\"\" class=\"wp-image-5091\" srcset=\"https:\/\/jotaposta.com.ar\/jposta\/wp-content\/uploads\/2019\/12\/4-comidas-diarias-1024x576.jpg 1024w, https:\/\/jotaposta.com.ar\/jposta\/wp-content\/uploads\/2019\/12\/4-comidas-diarias-300x169.jpg 300w, https:\/\/jotaposta.com.ar\/jposta\/wp-content\/uploads\/2019\/12\/4-comidas-diarias-768x432.jpg 768w, https:\/\/jotaposta.com.ar\/jposta\/wp-content\/uploads\/2019\/12\/4-comidas-diarias-1536x864.jpg 1536w, https:\/\/jotaposta.com.ar\/jposta\/wp-content\/uploads\/2019\/12\/4-comidas-diarias-390x220.jpg 390w, https:\/\/jotaposta.com.ar\/jposta\/wp-content\/uploads\/2019\/12\/4-comidas-diarias.jpg 1600w\" sizes=\"auto, (max-width: 1024px) 100vw, 1024px\" \/><\/figure>\n\n\n\n<p class=\"wp-block-paragraph\">As\u00ed y todo, hay un dato para celebrar:<strong>&nbsp;la inflaci\u00f3n del 2025 cerr\u00f3 en 31,5%<\/strong>, el menor \u00edndice en los \u00faltimos ocho a\u00f1os, lo cual no es poco.<\/p>\n\n\n\n<p class=\"wp-block-paragraph\"><strong>Pero los alimentos contin\u00faan siendo el rubro que mayores alzas<\/strong>, y eso complica la reducci\u00f3n m\u00e1s profunda de la pobreza.<\/p>\n\n\n\n<p class=\"wp-block-paragraph\">Seg\u00fan los dato de la&nbsp;<mark>consultora LCG<\/mark>, en la segunda semana de enero la categor\u00eda Alimentos y Bebidas registr\u00f3 una inflaci\u00f3n del 0,5%.&nbsp;<\/p>\n\n\n\n<p class=\"wp-block-paragraph\">Los aumentos de verduras explicaron el&nbsp;<strong>36%<\/strong>&nbsp;del incremento semanal del rubro, de acuerdo con ese reporte.<\/p>\n\n\n\n<p class=\"wp-block-paragraph\"><mark>Las verduras subieron 2,1%, mientras que en los aceites fue del 1,9%.&nbsp;<\/mark><\/p>\n\n\n\n<p class=\"wp-block-paragraph\">Adem\u00e1s,&nbsp;<strong>\u201cbebidas y l\u00e1cteos restan casi 0,7 puntos porcentuales a la inflaci\u00f3n mensual\u201d.<\/strong><\/p>\n\n\n\n<p class=\"wp-block-paragraph\">Para&nbsp;<strong>Eco Go<\/strong>, hubo una suba de precios del 0,8% en la segunda semana de enero.<\/p>\n\n\n\n<p class=\"wp-block-paragraph\"><mark>Y la clave en la suba estuvo en las &#8220;verduras frescas y congeladas&#8221; (aunque en torno al 7%), aceites y grasas (3,75%), papa (3%) y carnes (0,5%).<\/mark>__IP__<\/p>\n\n\n\n<p class=\"wp-block-paragraph\">De continuar con esta tendencia, la inflaci\u00f3n de enero ser\u00eda del 2%.<\/p>\n","protected":false},"excerpt":{"rendered":"<p>&nbsp;La&nbsp;inflaci\u00f3n&nbsp;no descansa: en lo que va del a\u00f1o, los precios de los alimentos y bebidas mostraron no estar dispuestos a ceder tan f\u00e1cilmente,&nbsp;a pesar de la ca\u00edda del consumo. Luego de la inflaci\u00f3n del&nbsp;2,8%&nbsp;en diciembre, el mercado entendi\u00f3 que llevar el costo de vida cerca de cero, como volvi\u00f3 a prometer el presidente Javier Milei &hellip;<\/p>\n","protected":false},"author":1,"featured_media":6219,"comment_status":"open","ping_status":"open","sticky":false,"template":"","format":"standard","meta":{"pagelayer_contact_templates":[],"_pagelayer_content":"","iawp_total_views":8,"footnotes":""},"categories":[4],"tags":[9150,529,9149,9147,1483,1516,2060,9158,9156,9144,9152,9143,9151,9148,9155,9146,9157,9154,9145,9153],"class_list":["post-12467","post","type-post","status-publish","format-standard","has-post-thumbnail","hentry","category-actualidad-politica","tag-alimentos-y-bebidas","tag-aumento-de-precios","tag-canasta-basica","tag-consultora-lcg","tag-costo-de-vida","tag-crisis-economica","tag-economia-argentina","tag-estacionalidad-precios","tag-frutas-y-verduras","tag-inflacion-enero-2026","tag-inflacion-nucleo","tag-ipc-argentina","tag-javier-milei-inflacion","tag-mercado-central","tag-poder-adquisitivo","tag-precios-de-alimentos","tag-precios-minoristas","tag-segunda-semana-de-enero","tag-suba-de-verduras","tag-verduras-de-estacion"],"_links":{"self":[{"href":"https:\/\/jotaposta.com.ar\/jposta\/wp-json\/wp\/v2\/posts\/12467","targetHints":{"allow":["GET"]}}],"collection":[{"href":"https:\/\/jotaposta.com.ar\/jposta\/wp-json\/wp\/v2\/posts"}],"about":[{"href":"https:\/\/jotaposta.com.ar\/jposta\/wp-json\/wp\/v2\/types\/post"}],"author":[{"embeddable":true,"href":"https:\/\/jotaposta.com.ar\/jposta\/wp-json\/wp\/v2\/users\/1"}],"replies":[{"embeddable":true,"href":"https:\/\/jotaposta.com.ar\/jposta\/wp-json\/wp\/v2\/comments?post=12467"}],"version-history":[{"count":1,"href":"https:\/\/jotaposta.com.ar\/jposta\/wp-json\/wp\/v2\/posts\/12467\/revisions"}],"predecessor-version":[{"id":12468,"href":"https:\/\/jotaposta.com.ar\/jposta\/wp-json\/wp\/v2\/posts\/12467\/revisions\/12468"}],"wp:featuredmedia":[{"embeddable":true,"href":"https:\/\/jotaposta.com.ar\/jposta\/wp-json\/wp\/v2\/media\/6219"}],"wp:attachment":[{"href":"https:\/\/jotaposta.com.ar\/jposta\/wp-json\/wp\/v2\/media?parent=12467"}],"wp:term":[{"taxonomy":"category","embeddable":true,"href":"https:\/\/jotaposta.com.ar\/jposta\/wp-json\/wp\/v2\/categories?post=12467"},{"taxonomy":"post_tag","embeddable":true,"href":"https:\/\/jotaposta.com.ar\/jposta\/wp-json\/wp\/v2\/tags?post=12467"}],"curies":[{"name":"wp","href":"https:\/\/api.w.org\/{rel}","templated":true}]}}