{"id":12457,"date":"2026-01-18T12:14:23","date_gmt":"2026-01-18T12:14:23","guid":{"rendered":"https:\/\/jotaposta.com.ar\/?p=12457"},"modified":"2026-01-18T12:14:23","modified_gmt":"2026-01-18T12:14:23","slug":"que-es-el-foro-de-davos-y-por-que-milei-lo-considera-un-encuentro-clave-donde-buscara-protagonismo","status":"publish","type":"post","link":"https:\/\/jotaposta.com.ar\/jposta\/2026\/01\/18\/que-es-el-foro-de-davos-y-por-que-milei-lo-considera-un-encuentro-clave-donde-buscara-protagonismo\/","title":{"rendered":"Qu\u00e9 es el Foro de Davos y por qu\u00e9 Milei lo considera un encuentro clave donde buscar\u00e1 protagonismo"},"content":{"rendered":"\n<p class=\"wp-block-paragraph\">&nbsp;La&nbsp;<strong>56\u00aa Reuni\u00f3n Anual del Foro Econ\u00f3mico Mundial<\/strong>&nbsp;reunir\u00e1 a los principales l\u00edderes gubernamentales, empresariales y de la sociedad civil entre el&nbsp;<strong>19 y el 23 de enero pr\u00f3ximo<\/strong>, y el&nbsp;<strong>presidente Javier Milei<\/strong>&nbsp;buscar\u00e1 tener un rol protag\u00f3nico, bajando l\u00ednea a favor de las \u201cideas de la libertad\u201d.<\/p>\n\n\n\n<p class=\"wp-block-paragraph\">Bajo el tema&nbsp;<strong>&#8220;El esp\u00edritu del di\u00e1logo&#8221;<\/strong>, Davos 2026 ofrece una plataforma para conectar a l\u00edderes con el fin de enfrentar desaf\u00edos compartidos e impulsar las innovaciones que definen el futuro, seg\u00fan sus organizadores.<\/p>\n\n\n\n<p class=\"wp-block-paragraph\">Esta Reuni\u00f3n Anual integra la diversidad de perspectivas necesarias para que el mundo avance en conjunto durante 2026, pero&nbsp;<strong>ha sido criticado desde sectores de izquierda por definir posturas a favor de la concentraci\u00f3n de la riqueza.&nbsp;<\/strong><\/p>\n\n\n\n<p class=\"wp-block-paragraph\"><strong>Durante m\u00e1s de cinco d\u00e9cadas<\/strong>, el Foro ha reunido a l\u00edderes de empresas, gobiernos, sociedad civil, organizaciones internacionales, el mundo acad\u00e9mico y las nuevas generaciones \u201cpara comprender los desaf\u00edos globales y hacer que el mundo avance en conjunto\u201d.<\/p>\n\n\n\n<p class=\"wp-block-paragraph\">El programa de este a\u00f1o se basa&nbsp;<strong>\u201cen ese legado, impulsado por el trabajo continuo del Foro, los \u00faltimos acontecimientos mundiales y las innovaciones revolucionarias\u201d.<\/strong><\/p>\n\n\n\n<p class=\"wp-block-paragraph\">El objetivo es generar ideas, encontrar soluciones a largo plazo para desaf\u00edos interconectados y abrir nuevas oportunidades de crecimiento, resiliencia e impacto.<\/p>\n\n\n\n<p class=\"wp-block-paragraph\"><strong>Con casi 3.000 participantes de cerca de 130 pa\u00edses<\/strong>, Davos 2026 refleja una mezcla \u00fanica y diversa de sectores, industrias, gobiernos y generaciones, lo que garantiza la amplitud de perspectivas necesaria para encontrar soluciones compartidas.&nbsp;<\/p>\n\n\n\n<p class=\"wp-block-paragraph\">En el encuentro, en el que Milei brindar\u00e1 un extenso discurso y adem\u00e1s mantendr\u00e1 distintas reuniones bilaterales con jefe de Gobierno, habr\u00e1 sesiones transmitidas en vivo, una amplia cobertura de los medios de comunicaci\u00f3n y la participaci\u00f3n de la comunidad a trav\u00e9s del Foro Abierto.<\/p>\n\n\n\n<p class=\"wp-block-paragraph\">Qu\u00e9 se espera de Davos 2026<\/p>\n\n\n\n<p class=\"wp-block-paragraph\">En diversas sesiones, Davos explorar\u00e1 formas de renovar la cooperaci\u00f3n en un contexto de normas cuestionadas, alianzas tensas y una confianza erosionada.&nbsp;<\/p>\n\n\n\n<p class=\"wp-block-paragraph\">Los debates se centrar\u00e1n en soluciones pr\u00e1cticas para fomentar la resiliencia, la competitividad y el crecimiento inclusivo, incluyendo el despliegue responsable de tecnolog\u00edas transformadoras como la IA generativa.<\/p>\n\n\n\n<p class=\"wp-block-paragraph\"><strong>\u00bfQui\u00e9nes asistir\u00e1n a Davos 2026?<\/strong><\/p>\n\n\n\n<p class=\"wp-block-paragraph\">La Reuni\u00f3n Anual convoca a l\u00edderes de una amplia gama de pa\u00edses, sectores y comunidades para fomentar un intercambio abierto y un di\u00e1logo pr\u00e1ctico sobre los desaf\u00edos globales.<\/p>\n\n\n\n<p class=\"wp-block-paragraph\">Entre los participantes se encuentran directores ejecutivos y presidentes de las empresas socias del Foro, junto con jefes de Estado y de gobierno, altos funcionarios p\u00fablicos de los pa\u00edses del G7, G20 y BRICS, as\u00ed como directores de organizaciones internacionales.&nbsp;<\/p>\n\n\n\n<p class=\"wp-block-paragraph\">Dado que la mitad de los l\u00edderes asistentes provienen del Sur Global, la reuni\u00f3n refleja un conjunto diverso de perspectivas moldeadas por diferentes contextos econ\u00f3micos, sociales y regionales.<\/p>\n\n\n\n<p class=\"wp-block-paragraph\">El programa se enriquece con las contribuciones de la sociedad civil, representantes sindicales, organizaciones religiosas, figuras destacadas de la cultura y emprendedores sociales, adem\u00e1s de acad\u00e9micos y expertos de diversos laboratorios de ideas que aportan an\u00e1lisis e conocimientos basados en investigaciones.<\/p>\n\n\n\n<p class=\"wp-block-paragraph\">Los l\u00edderes j\u00f3venes de la comunidad Global Shapers del Foro, junto con innovadores y pioneros tecnol\u00f3gicos, aportan ideas de vanguardia y su experiencia directa frente al cambio.__IP__<\/p>\n\n\n\n<p class=\"wp-block-paragraph\">La participaci\u00f3n de los medios de comunicaci\u00f3n y la transmisi\u00f3n en vivo de m\u00e1s de 200 sesiones garantizan la transparencia y accesibilidad de los debates, permitiendo que audiencias globales sigan, cuestionen y se involucren con los temas tratados.<\/p>\n","protected":false},"excerpt":{"rendered":"<p>&nbsp;La&nbsp;56\u00aa Reuni\u00f3n Anual del Foro Econ\u00f3mico Mundial&nbsp;reunir\u00e1 a los principales l\u00edderes gubernamentales, empresariales y de la sociedad civil entre el&nbsp;19 y el 23 de enero pr\u00f3ximo, y el&nbsp;presidente Javier Milei&nbsp;buscar\u00e1 tener un rol protag\u00f3nico, bajando l\u00ednea a favor de las \u201cideas de la libertad\u201d. Bajo el tema&nbsp;&#8220;El esp\u00edritu del di\u00e1logo&#8221;, Davos 2026 ofrece una plataforma &hellip;<\/p>\n","protected":false},"author":1,"featured_media":12458,"comment_status":"open","ping_status":"open","sticky":false,"template":"","format":"standard","meta":{"pagelayer_contact_templates":[],"_pagelayer_content":"","iawp_total_views":7,"footnotes":""},"categories":[4],"tags":[9091,9095,9089,9081,9085,9101,9094,9088,9084,9092,9080,9090,9087,9102,9075,9076,2868,9096,9082,3439,9098,9086,9100,9099,9093,9078,9083,9097,9079,9077],"class_list":["post-12457","post","type-post","status-publish","format-standard","has-post-thumbnail","hentry","category-actualidad-politica","tag-agenda-global","tag-argentina-y-el-mundo","tag-batalla-cultural","tag-capitalismo-de-libre-mercado","tag-crecimiento-economico","tag-cumbre-de-davos","tag-davos-hoy","tag-davos-suiza","tag-davos-world-economic-forum","tag-derecha-libertaria","tag-discurso-de-milei","tag-economia-global","tag-encuentro-de-lideres-mundiales","tag-estabilidad-macroeconomica","tag-foro-de-davos","tag-foro-economico-mundial","tag-geopolitica-mundial","tag-globalismo-vs-soberania","tag-inversiones-en-argentina","tag-javier-milei","tag-javier-milei-discurso-completo","tag-liberalismo-libertario","tag-libertad-individual","tag-liderazgo-de-milei","tag-mercados-internacionales","tag-milei-en-davos","tag-politica-exterior-argentina","tag-prosperidad-economica","tag-que-es-el-foro-de-davos","tag-wef-2026"],"_links":{"self":[{"href":"https:\/\/jotaposta.com.ar\/jposta\/wp-json\/wp\/v2\/posts\/12457","targetHints":{"allow":["GET"]}}],"collection":[{"href":"https:\/\/jotaposta.com.ar\/jposta\/wp-json\/wp\/v2\/posts"}],"about":[{"href":"https:\/\/jotaposta.com.ar\/jposta\/wp-json\/wp\/v2\/types\/post"}],"author":[{"embeddable":true,"href":"https:\/\/jotaposta.com.ar\/jposta\/wp-json\/wp\/v2\/users\/1"}],"replies":[{"embeddable":true,"href":"https:\/\/jotaposta.com.ar\/jposta\/wp-json\/wp\/v2\/comments?post=12457"}],"version-history":[{"count":1,"href":"https:\/\/jotaposta.com.ar\/jposta\/wp-json\/wp\/v2\/posts\/12457\/revisions"}],"predecessor-version":[{"id":12459,"href":"https:\/\/jotaposta.com.ar\/jposta\/wp-json\/wp\/v2\/posts\/12457\/revisions\/12459"}],"wp:featuredmedia":[{"embeddable":true,"href":"https:\/\/jotaposta.com.ar\/jposta\/wp-json\/wp\/v2\/media\/12458"}],"wp:attachment":[{"href":"https:\/\/jotaposta.com.ar\/jposta\/wp-json\/wp\/v2\/media?parent=12457"}],"wp:term":[{"taxonomy":"category","embeddable":true,"href":"https:\/\/jotaposta.com.ar\/jposta\/wp-json\/wp\/v2\/categories?post=12457"},{"taxonomy":"post_tag","embeddable":true,"href":"https:\/\/jotaposta.com.ar\/jposta\/wp-json\/wp\/v2\/tags?post=12457"}],"curies":[{"name":"wp","href":"https:\/\/api.w.org\/{rel}","templated":true}]}}