{"id":12139,"date":"2025-10-03T01:59:15","date_gmt":"2025-10-03T01:59:15","guid":{"rendered":"https:\/\/jotaposta.com.ar\/?p=12139"},"modified":"2025-10-12T18:01:17","modified_gmt":"2025-10-12T18:01:17","slug":"el-laberinto-espert-machado-un-vuelo-con-destino-a-la-polemica-el-nexo-que-sacude-a-la-libertad-avanza","status":"publish","type":"post","link":"https:\/\/jotaposta.com.ar\/jposta\/2025\/10\/03\/el-laberinto-espert-machado-un-vuelo-con-destino-a-la-polemica-el-nexo-que-sacude-a-la-libertad-avanza\/","title":{"rendered":"El Laberinto Espert-Machado: \u00bfUn Vuelo con Destino a la Pol\u00e9mica? El nexo que sacude a La Libertad Avanza"},"content":{"rendered":"\n<p class=\"wp-block-paragraph\">Hay historias que no se cuentan en el caf\u00e9 de la tarde, sino que viajan en el silencio de los aviones privados y se revelan bajo el fr\u00edo reflector de un tribunal. En el fragor de la carrera electoral, donde cada voto es un susurro al futuro, un fantasma del pasado vuelve a sobrevolar la figura de <strong>Jos\u00e9 Luis Espert<\/strong>, el economista que hoy se alinea con La Libertad Avanza (LLA).<\/p>\n\n\n\n<p class=\"wp-block-paragraph\">El nombre que resuena, como un eco persistente, es el de <strong>Federico &#8220;Fred&#8221; Machado<\/strong>. Si usted lo escuch\u00f3, pero el detalle se le escapa, piense en \u00e9l como en una pieza oscura de un <em>puzzle<\/em> internacional que, de pronto, apareci\u00f3 en el camino de un candidato a diputado.<\/p>\n\n\n\n<figure class=\"wp-block-image size-large\"><img loading=\"lazy\" decoding=\"async\" width=\"1024\" height=\"580\" src=\"https:\/\/jotaposta.com.ar\/jposta\/wp-content\/uploads\/2025\/10\/image-1024x580.png\" alt=\"\" class=\"wp-image-12140\" srcset=\"https:\/\/jotaposta.com.ar\/jposta\/wp-content\/uploads\/2025\/10\/image-1024x580.png 1024w, https:\/\/jotaposta.com.ar\/jposta\/wp-content\/uploads\/2025\/10\/image-300x170.png 300w, https:\/\/jotaposta.com.ar\/jposta\/wp-content\/uploads\/2025\/10\/image-768x435.png 768w, https:\/\/jotaposta.com.ar\/jposta\/wp-content\/uploads\/2025\/10\/image-390x220.png 390w, https:\/\/jotaposta.com.ar\/jposta\/wp-content\/uploads\/2025\/10\/image.png 1200w\" sizes=\"auto, (max-width: 1024px) 100vw, 1024px\" \/><\/figure>\n\n\n\n<p class=\"wp-block-paragraph\"><strong>Machado<\/strong> es un argentino de 57 a\u00f1os, vinculado al mundo de la aviaci\u00f3n. Pero su nombre no est\u00e1 hoy en las tapas por negocios exitosos, sino por una causa grave en la Justicia de los Estados Unidos: un tribunal de Texas lo acusa directamente de <strong>tr\u00e1fico de drogas<\/strong>, fraude y violaciones en el registro de aeronaves. Actualmente, Machado no est\u00e1 en el pa\u00eds del norte, sino detenido en su casa de Argentina, esperando una definici\u00f3n judicial sobre su extradici\u00f3n.<\/p>\n\n\n\n<figure class=\"wp-block-image size-full is-resized\"><img loading=\"lazy\" decoding=\"async\" width=\"790\" height=\"444\" src=\"https:\/\/jotaposta.com.ar\/jposta\/wp-content\/uploads\/2025\/10\/image-3.png\" alt=\"\" class=\"wp-image-12143\" style=\"width:840px;height:auto\" srcset=\"https:\/\/jotaposta.com.ar\/jposta\/wp-content\/uploads\/2025\/10\/image-3.png 790w, https:\/\/jotaposta.com.ar\/jposta\/wp-content\/uploads\/2025\/10\/image-3-300x169.png 300w, https:\/\/jotaposta.com.ar\/jposta\/wp-content\/uploads\/2025\/10\/image-3-768x432.png 768w, https:\/\/jotaposta.com.ar\/jposta\/wp-content\/uploads\/2025\/10\/image-3-390x220.png 390w\" sizes=\"auto, (max-width: 790px) 100vw, 790px\" \/><\/figure>\n\n\n\n<p class=\"wp-block-paragraph\"><strong>El Vuelo de la Pol\u00e9mica:<\/strong> La relaci\u00f3n se remonta a la campa\u00f1a presidencial de 2019. Espert viaj\u00f3 a Viedma para presentar su libro y, en un acto p\u00fablico, agradeci\u00f3 a <strong>&#8220;Fred Machado por el excelente vuelo que hemos tenido&#8221;<\/strong>. El uso de un avi\u00f3n privado de Machado es el centro del esc\u00e1ndalo.<\/p>\n\n\n\n<figure class=\"wp-block-image size-full is-resized\"><img loading=\"lazy\" decoding=\"async\" width=\"790\" height=\"442\" src=\"https:\/\/jotaposta.com.ar\/jposta\/wp-content\/uploads\/2025\/10\/image-4.png\" alt=\"\" class=\"wp-image-12144\" style=\"width:840px;height:auto\" srcset=\"https:\/\/jotaposta.com.ar\/jposta\/wp-content\/uploads\/2025\/10\/image-4.png 790w, https:\/\/jotaposta.com.ar\/jposta\/wp-content\/uploads\/2025\/10\/image-4-300x168.png 300w, https:\/\/jotaposta.com.ar\/jposta\/wp-content\/uploads\/2025\/10\/image-4-768x430.png 768w\" sizes=\"auto, (max-width: 790px) 100vw, 790px\" \/><\/figure>\n\n\n\n<p class=\"wp-block-paragraph\">Los adversarios pol\u00edticos, con <strong>Jorge Taiana<\/strong> y <strong>Juan Grabois<\/strong> a la cabeza, no tardaron en tomar vuelo con esta informaci\u00f3n. Lo acusan directamente de haber sido financiado en su campa\u00f1a por un hombre hoy bajo la mira internacional por narcotr\u00e1fico. De hecho, la pol\u00e9mica se reaviv\u00f3 tras conocerse una supuesta denuncia que probar\u00eda un giro de <strong>US$ 200 mil de Machado a Espert en 2020<\/strong>, meses despu\u00e9s de la campa\u00f1a.<\/p>\n\n\n\n<figure class=\"wp-block-image size-large\"><img loading=\"lazy\" decoding=\"async\" width=\"1024\" height=\"562\" src=\"https:\/\/jotaposta.com.ar\/jposta\/wp-content\/uploads\/2025\/10\/image-1-1024x562.png\" alt=\"\" class=\"wp-image-12141\" srcset=\"https:\/\/jotaposta.com.ar\/jposta\/wp-content\/uploads\/2025\/10\/image-1-1024x562.png 1024w, https:\/\/jotaposta.com.ar\/jposta\/wp-content\/uploads\/2025\/10\/image-1-300x165.png 300w, https:\/\/jotaposta.com.ar\/jposta\/wp-content\/uploads\/2025\/10\/image-1-768x422.png 768w, https:\/\/jotaposta.com.ar\/jposta\/wp-content\/uploads\/2025\/10\/image-1.png 1200w\" sizes=\"auto, (max-width: 1024px) 100vw, 1024px\" \/><\/figure>\n\n\n\n<p class=\"wp-block-paragraph\"><strong>La Versi\u00f3n de Espert:<\/strong> El candidato, que busca renovar su banca, se defendi\u00f3 de las acusaciones, calific\u00e1ndolas de <strong>&#8220;campa\u00f1a sucia&#8221;<\/strong>. Su versi\u00f3n es simple: lo conoci\u00f3 en un encuentro empresarial, este se declar\u00f3 admirador de sus ideas y le propuso organizar la presentaci\u00f3n de su libro en Viedma. <strong>&#8220;\u00c9l organiz\u00f3 la presentaci\u00f3n de mi libro y esa fue toda mi relaci\u00f3n con \u00e9l,&#8221;<\/strong> sostuvo Espert, aclarando que si hubiera sabido qui\u00e9n era realmente Machado, jam\u00e1s le habr\u00eda agradecido.<\/p>\n\n\n\n<p class=\"wp-block-paragraph\">En el centro de la tormenta, el presidente <strong>Javier Milei<\/strong> sali\u00f3 a defender a su candidato, desestimando las acusaciones como <strong>&#8220;chimentos de peluquer\u00eda, operaciones para ensuciar&#8221;<\/strong>.<\/p>\n\n\n\n<figure class=\"wp-block-image size-large\"><img loading=\"lazy\" decoding=\"async\" width=\"1024\" height=\"616\" src=\"https:\/\/jotaposta.com.ar\/jposta\/wp-content\/uploads\/2025\/10\/image-2-1024x616.png\" alt=\"\" class=\"wp-image-12142\" srcset=\"https:\/\/jotaposta.com.ar\/jposta\/wp-content\/uploads\/2025\/10\/image-2-1024x616.png 1024w, https:\/\/jotaposta.com.ar\/jposta\/wp-content\/uploads\/2025\/10\/image-2-300x180.png 300w, https:\/\/jotaposta.com.ar\/jposta\/wp-content\/uploads\/2025\/10\/image-2-768x462.png 768w, https:\/\/jotaposta.com.ar\/jposta\/wp-content\/uploads\/2025\/10\/image-2-780x470.png 780w, https:\/\/jotaposta.com.ar\/jposta\/wp-content\/uploads\/2025\/10\/image-2.png 1280w\" sizes=\"auto, (max-width: 1024px) 100vw, 1024px\" \/><\/figure>\n\n\n\n<p class=\"wp-block-paragraph\"><strong>El Expediente en la Justicia Electoral:<\/strong> M\u00e1s all\u00e1 de las acusaciones pol\u00edticas, la Justicia Electoral tambi\u00e9n puso la lupa. El partido de Espert (<em>Unite por la Libertad y la Dignidad<\/em>) <strong>no declar\u00f3 aportes privados<\/strong> de Machado en sus informes de campa\u00f1a de 2019. Esta omisi\u00f3n, junto a otras irregularidades, llev\u00f3 a la jueza Mar\u00eda Servini a <strong>suspender de forma cautelar los aportes p\u00fablicos<\/strong> al partido y, finalmente, a no aprobar sus rendiciones, dictaminando la p\u00e9rdida del derecho a recibir fondos p\u00fablicos por una elecci\u00f3n.<\/p>\n\n\n\n<p class=\"wp-block-paragraph\">El c\u00edrculo judicial se cierra con un dato no menor: el abogado que represent\u00f3 a Machado en su proceso de extradici\u00f3n fue <strong>Francisco Oneto<\/strong>, hoy tambi\u00e9n defensor de Javier Milei. Un detalle que, para muchos, dibuja un mapa de v\u00ednculos que va m\u00e1s all\u00e1 de un simple agradecimiento por un vuelo.<\/p>\n\n\n\n<figure class=\"wp-block-embed is-type-video is-provider-youtube wp-block-embed-youtube wp-embed-aspect-16-9 wp-has-aspect-ratio\"><div class=\"wp-block-embed__wrapper\">\n<iframe loading=\"lazy\" title=\"\ud83d\udce2JOS\u00c9 LUIS ESPERT EN A24: &quot;LO DE FRED MACHADO ES CHISME DE PELUQUER\u00cdA, LA CAUSA ES UNA INFAMIA&quot;\" width=\"500\" height=\"281\" src=\"https:\/\/www.youtube.com\/embed\/YdctoGP6Ia4?feature=oembed\" frameborder=\"0\" allow=\"accelerometer; autoplay; clipboard-write; encrypted-media; gyroscope; picture-in-picture; web-share\" referrerpolicy=\"strict-origin-when-cross-origin\" allowfullscreen><\/iframe>\n<\/div><\/figure>\n\n\n\n<p class=\"wp-block-paragraph\">La madeja de esta historia sigue abierta, con Machado esperando la extradici\u00f3n y Espert intentando despegar su candidatura de la sombra de un empresario que la Justicia de EE. UU. considera un eslab\u00f3n en el tr\u00e1fico internacional de drogas. Un nuevo cap\u00edtulo en la pol\u00edtica argentina donde los negocios turbios y las aspiraciones electorales viajan, a veces, en el mismo avi\u00f3n.<\/p>\n","protected":false},"excerpt":{"rendered":"<p>Hay historias que no se cuentan en el caf\u00e9 de la tarde, sino que viajan en el silencio de los aviones privados y se revelan bajo el fr\u00edo reflector de un tribunal. En el fragor de la carrera electoral, donde cada voto es un susurro al futuro, un fantasma del pasado vuelve a sobrevolar la &hellip;<\/p>\n","protected":false},"author":1,"featured_media":12143,"comment_status":"open","ping_status":"open","sticky":false,"template":"","format":"standard","meta":{"pagelayer_contact_templates":[],"_pagelayer_content":"","iawp_total_views":8,"footnotes":""},"categories":[25],"tags":[8394,8392,1466,8402,2395,8410,8391,8407,8396,8403,8405,8399,8395,3467,3472,3473,8393,8406,3601,8401,3789,8398,4103,8390,8409,8411,4986,8400,8404,6289,8397,6611,8408],"class_list":["post-12139","post","type-post","status-publish","format-standard","has-post-thumbnail","hentry","category-resumen-de-noticias","tag-avion-privado","tag-campana-2025","tag-corrupcion","tag-elecciones2025","tag-espert","tag-extradicion","tag-federico-machado","tag-financiacionpolitica","tag-financiamiento-de-campana","tag-fredmachado","tag-grabois","tag-javiermilei","tag-jorge-taiana","tag-jose-luis-espert","tag-jota-posta","tag-jotaposta","tag-juan-grabois","tag-justiciaeeuu","tag-la-libertad-avanza","tag-lalibertadavanza","tag-lla","tag-machado","tag-milei","tag-narcotrafico","tag-opinion","tag-periodismoinvestigativo","tag-politica-argentina","tag-politicaargentina","tag-taiana","tag-trafico-de-drogas","tag-us-200-mil","tag-viedma","tag-vinculospoliticos"],"_links":{"self":[{"href":"https:\/\/jotaposta.com.ar\/jposta\/wp-json\/wp\/v2\/posts\/12139","targetHints":{"allow":["GET"]}}],"collection":[{"href":"https:\/\/jotaposta.com.ar\/jposta\/wp-json\/wp\/v2\/posts"}],"about":[{"href":"https:\/\/jotaposta.com.ar\/jposta\/wp-json\/wp\/v2\/types\/post"}],"author":[{"embeddable":true,"href":"https:\/\/jotaposta.com.ar\/jposta\/wp-json\/wp\/v2\/users\/1"}],"replies":[{"embeddable":true,"href":"https:\/\/jotaposta.com.ar\/jposta\/wp-json\/wp\/v2\/comments?post=12139"}],"version-history":[{"count":1,"href":"https:\/\/jotaposta.com.ar\/jposta\/wp-json\/wp\/v2\/posts\/12139\/revisions"}],"predecessor-version":[{"id":12145,"href":"https:\/\/jotaposta.com.ar\/jposta\/wp-json\/wp\/v2\/posts\/12139\/revisions\/12145"}],"wp:featuredmedia":[{"embeddable":true,"href":"https:\/\/jotaposta.com.ar\/jposta\/wp-json\/wp\/v2\/media\/12143"}],"wp:attachment":[{"href":"https:\/\/jotaposta.com.ar\/jposta\/wp-json\/wp\/v2\/media?parent=12139"}],"wp:term":[{"taxonomy":"category","embeddable":true,"href":"https:\/\/jotaposta.com.ar\/jposta\/wp-json\/wp\/v2\/categories?post=12139"},{"taxonomy":"post_tag","embeddable":true,"href":"https:\/\/jotaposta.com.ar\/jposta\/wp-json\/wp\/v2\/tags?post=12139"}],"curies":[{"name":"wp","href":"https:\/\/api.w.org\/{rel}","templated":true}]}}