{"id":12112,"date":"2025-09-28T14:52:51","date_gmt":"2025-09-28T14:52:51","guid":{"rendered":"https:\/\/jotaposta.com.ar\/?p=12112"},"modified":"2025-09-28T14:52:52","modified_gmt":"2025-09-28T14:52:52","slug":"teatro-atormentadas-estrena-su-sexta-temporada","status":"publish","type":"post","link":"https:\/\/jotaposta.com.ar\/jposta\/2025\/09\/28\/teatro-atormentadas-estrena-su-sexta-temporada\/","title":{"rendered":"Teatro| &#8220;Atormentadas&#8221; estrena su sexta temporada"},"content":{"rendered":"\n<p class=\"wp-block-paragraph\"><\/p>\n\n\n\n<p class=\"wp-block-paragraph\"><strong>Atormentadas<\/strong>&nbsp;expone los secretos y heridas de una amistad al l\u00edmite. Cinco amigas reunidas en un cumplea\u00f1os n\u00famero 30 se enfrentan a confesiones que lo arruinan todo, revelando miedos, enga\u00f1os y deseos que cre\u00edan enterrados. Lo que comienza como una celebraci\u00f3n \u00edntima se transforma en una batalla emocional que amenaza con destruir los lazos de toda una vida.<\/p>\n\n\n\n\n\n<p class=\"wp-block-paragraph\">El estreno ser\u00e1 el&nbsp;<strong>viernes 3 de octubre a las 22:00 horas<\/strong>&nbsp;en la&nbsp;<strong>Sala Cort\u00e1zar del Paseo La Plaza<\/strong>&nbsp;(Av. Corrientes 1660, CABA). La obra, escrita y dirigida por&nbsp;<strong>Pablo Javier Roig<\/strong>, inicia su&nbsp;<strong>sexta temporada<\/strong>&nbsp;luego de un recorrido que la consolid\u00f3 como un verdadero fen\u00f3meno del teatro independiente. Las entradas se pueden adquirir por&nbsp;<strong>Plateanet<\/strong>.<\/p>\n\n\n\n<p class=\"wp-block-paragraph\">Con un elenco integrado por&nbsp;<strong>Luc\u00eda Severino, Nuria Blanco, Celeste Di Giovanni, Laura Demartino y Bel\u00e9n Moschella<\/strong>, la propuesta despliega una puesta cargada de tensi\u00f3n dram\u00e1tica, humor negro y emoci\u00f3n, invitando al p\u00fablico a preguntarse hasta d\u00f3nde resiste la amistad cuando los secretos salen a la luz.<\/p>\n\n\n\n<figure class=\"wp-block-image size-large\"><img loading=\"lazy\" decoding=\"async\" width=\"686\" height=\"1024\" src=\"https:\/\/jotaposta.com.ar\/jposta\/wp-content\/uploads\/2025\/09\/image-159-686x1024.png\" alt=\"\" class=\"wp-image-12114\" srcset=\"https:\/\/jotaposta.com.ar\/jposta\/wp-content\/uploads\/2025\/09\/image-159-686x1024.png 686w, https:\/\/jotaposta.com.ar\/jposta\/wp-content\/uploads\/2025\/09\/image-159-201x300.png 201w, https:\/\/jotaposta.com.ar\/jposta\/wp-content\/uploads\/2025\/09\/image-159-768x1146.png 768w, https:\/\/jotaposta.com.ar\/jposta\/wp-content\/uploads\/2025\/09\/image-159.png 974w\" sizes=\"auto, (max-width: 686px) 100vw, 686px\" \/><\/figure>\n\n\n\n<h3 class=\"wp-block-heading\"><em>SINOPSIS<\/em><\/h3>\n\n\n\n<p class=\"wp-block-paragraph\">M\u00eda, escritora en plena crisis existencial, celebra su cumplea\u00f1os junto a Carla, Delfina, Jazm\u00edn y Laura. Durante la noche, verdades ocultas y confesiones inesperadas ponen en jaque la relaci\u00f3n que las un\u00eda desde siempre. Entre amores perdidos, sue\u00f1os postergados y un pasado que regresa con fuerza, cada una deber\u00e1 enfrentarse a sus propios fantasmas en una velada que cambiar\u00e1 sus vidas para siempre.<\/p>\n\n\n\n<p class=\"wp-block-paragraph\"><strong>Atormentadas<\/strong>&nbsp;es un retrato intenso y conmovedor sobre la fragilidad de los v\u00ednculos, el peso del tiempo y la necesidad de decir aquello que durante a\u00f1os permaneci\u00f3 en silencio.<\/p>\n","protected":false},"excerpt":{"rendered":"<p>Atormentadas&nbsp;expone los secretos y heridas de una amistad al l\u00edmite. Cinco amigas reunidas en un cumplea\u00f1os n\u00famero 30 se enfrentan a confesiones que lo arruinan todo, revelando miedos, enga\u00f1os y deseos que cre\u00edan enterrados. Lo que comienza como una celebraci\u00f3n \u00edntima se transforma en una batalla emocional que amenaza con destruir los lazos de toda &hellip;<\/p>\n","protected":false},"author":1,"featured_media":12114,"comment_status":"open","ping_status":"open","sticky":false,"template":"","format":"standard","meta":{"pagelayer_contact_templates":[],"_pagelayer_content":"","iawp_total_views":5,"footnotes":""},"categories":[5],"tags":[],"class_list":["post-12112","post","type-post","status-publish","format-standard","has-post-thumbnail","hentry","category-jp-agenda"],"_links":{"self":[{"href":"https:\/\/jotaposta.com.ar\/jposta\/wp-json\/wp\/v2\/posts\/12112","targetHints":{"allow":["GET"]}}],"collection":[{"href":"https:\/\/jotaposta.com.ar\/jposta\/wp-json\/wp\/v2\/posts"}],"about":[{"href":"https:\/\/jotaposta.com.ar\/jposta\/wp-json\/wp\/v2\/types\/post"}],"author":[{"embeddable":true,"href":"https:\/\/jotaposta.com.ar\/jposta\/wp-json\/wp\/v2\/users\/1"}],"replies":[{"embeddable":true,"href":"https:\/\/jotaposta.com.ar\/jposta\/wp-json\/wp\/v2\/comments?post=12112"}],"version-history":[{"count":1,"href":"https:\/\/jotaposta.com.ar\/jposta\/wp-json\/wp\/v2\/posts\/12112\/revisions"}],"predecessor-version":[{"id":12115,"href":"https:\/\/jotaposta.com.ar\/jposta\/wp-json\/wp\/v2\/posts\/12112\/revisions\/12115"}],"wp:featuredmedia":[{"embeddable":true,"href":"https:\/\/jotaposta.com.ar\/jposta\/wp-json\/wp\/v2\/media\/12114"}],"wp:attachment":[{"href":"https:\/\/jotaposta.com.ar\/jposta\/wp-json\/wp\/v2\/media?parent=12112"}],"wp:term":[{"taxonomy":"category","embeddable":true,"href":"https:\/\/jotaposta.com.ar\/jposta\/wp-json\/wp\/v2\/categories?post=12112"},{"taxonomy":"post_tag","embeddable":true,"href":"https:\/\/jotaposta.com.ar\/jposta\/wp-json\/wp\/v2\/tags?post=12112"}],"curies":[{"name":"wp","href":"https:\/\/api.w.org\/{rel}","templated":true}]}}