{"id":12067,"date":"2025-09-28T10:54:04","date_gmt":"2025-09-28T10:54:04","guid":{"rendered":"https:\/\/jotaposta.com.ar\/?p=12067"},"modified":"2025-09-28T10:54:05","modified_gmt":"2025-09-28T10:54:05","slug":"allanan-un-bunker-narco-vinculado-a-pequeno-j-tras-el-triple-crimen-en-florencio-varela","status":"publish","type":"post","link":"https:\/\/jotaposta.com.ar\/jposta\/2025\/09\/28\/allanan-un-bunker-narco-vinculado-a-pequeno-j-tras-el-triple-crimen-en-florencio-varela\/","title":{"rendered":"Allanan un b\u00fanker narco vinculado a \u201cPeque\u00f1o J\u201d tras el triple crimen en Florencio Varela"},"content":{"rendered":"\n<p class=\"wp-block-paragraph\">La investigaci\u00f3n por el triple crimen de Florencio Varela contin\u00faa. En las \u00faltimas horas, la Polic\u00eda Bonaerense allan\u00f3&nbsp;<strong>un b\u00fanker narco en Isidro Casanova que funcionaba como supuesto \u201caguantadero\u201d de Tony Janzen Valverde Victoriano<\/strong>, alias \u201cPeque\u00f1o J\u201d, acusado de ser el autor intelectual del femicidio de Brenda, Morena y Lara.<\/p>\n\n\n\n<p class=\"wp-block-paragraph\">En el operativo se logr\u00f3 secuestrar una pistola Glock calibre .40 (similar a 9 mm), 50 municiones y otros elementos relevantes para la causa. Por otro lado, tambi\u00e9n se logr\u00f3 descubrir otro b\u00fanker en Barracas con trampas electrificadas y un mensaje escrito para la Polic\u00eda, lo que refuerza la hip\u00f3tesis de la peligrosidad del peruano.<\/p>\n\n\n<div class=\"wp-block-image\">\n<figure class=\"aligncenter\"><img decoding=\"async\" src=\"https:\/\/media.minutouno.com\/p\/67dc4e782d0848eb6ccf6c1ba0dfc3b9\/adjuntos\/150\/imagenes\/042\/803\/0042803762\/pequeno-j-2.jpg\" alt=\"\" title=\"\"\/><\/figure>\n<\/div>\n\n\n<h2 class=\"wp-block-heading\">Triple crimen de Florencia Varela: revelaron la foto y el verdadero nombre de &#8220;Peque\u00f1o J&#8221;<\/h2>\n\n\n\n<p class=\"wp-block-paragraph\">La investigaci\u00f3n por el triple crimen de Florencio Varela se centra en la figura de&nbsp;<strong>un narcotraficante peruano, conocido con el alias de \u201cPeque\u00f1o Jota\u201d<\/strong>, quien fue se\u00f1alado como el presunto autor intelectual del asesinato de&nbsp;<strong>Brenda del Castillo, Morena Verri y Lara Guti\u00e9rrez<\/strong>. El caso destap\u00f3 un complejo entramado que une redes de prostituci\u00f3n, narcotr\u00e1fico y ajustes de cuentas.<\/p>\n\n\n\n<p class=\"wp-block-paragraph\">Si verdadero nombre es&nbsp;<strong>Victoriano Tony Janzen Valverde&nbsp;<\/strong>y el viernes por la noche la Justicia emiti\u00f3 una orden de captura nacional e internacional.<\/p>\n\n\n\n<p class=\"wp-block-paragraph\">Para los investigadores, Valverde ser\u00eda el l\u00edder de la organizaci\u00f3n delictiva que habr\u00eda planeado todo: desde la trampa de la fiesta hasta la transmisi\u00f3n en vivo del crimen. Por estas horas, el joven de 20 a\u00f1os es el criminal m\u00e1s buscado del pa\u00eds.<\/p>\n\n\n\n<p class=\"wp-block-paragraph\">Durante la madrugada del s\u00e1bado, efectivos policiales llevaron a cabo una serie de allanamientos para dar con el presunto narco. Uno de los operativos tuvo lugar en Florencio Varela y desde el ministerio de Seguridad se decidi\u00f3 dar a conocer la imagen de \u201cPeque\u00f1o J\u201d debido a los indicios encontrados en torno a una posible fuga fuera del pa\u00eds.<\/p>\n","protected":false},"excerpt":{"rendered":"<p>La investigaci\u00f3n por el triple crimen de Florencio Varela contin\u00faa. En las \u00faltimas horas, la Polic\u00eda Bonaerense allan\u00f3&nbsp;un b\u00fanker narco en Isidro Casanova que funcionaba como supuesto \u201caguantadero\u201d de Tony Janzen Valverde Victoriano, alias \u201cPeque\u00f1o J\u201d, acusado de ser el autor intelectual del femicidio de Brenda, Morena y Lara. En el operativo se logr\u00f3 secuestrar &hellip;<\/p>\n","protected":false},"author":1,"featured_media":12068,"comment_status":"open","ping_status":"open","sticky":false,"template":"","format":"standard","meta":{"pagelayer_contact_templates":[],"_pagelayer_content":"","iawp_total_views":7,"footnotes":""},"categories":[4],"tags":[8207,8205,8211,8208,8192,8212,8204,8201,8193,8203,8200,8202,8206,8209,8210,8196,8199,8198,8197],"class_list":["post-12067","post","type-post","status-publish","format-standard","has-post-thumbnail","hentry","category-actualidad-politica","tag-allanamiento-bunker-narco","tag-allanamiento-drogas-buenos-aires","tag-armas-y-drogas-decomisadas","tag-banda-narco-florencio-varela","tag-captura-narcos-conurbano","tag-caso-narco-florencio-varela","tag-crimen-organizado-argentina","tag-drogas-y-armas-buenos-aires","tag-inseguridad-en-buenos-aires","tag-investigacion-triple-homicidio","tag-municiones-incautadas-narco","tag-narcos-conurbano-bonaerense","tag-narcotrafico-zona-oeste","tag-noticias-policiales-isidro-casanova","tag-operativo-antidrogas-argentina","tag-operativo-policial-isidro-casanova","tag-pequeno-j-narcotrafico","tag-secuestro-pistola-glock","tag-triple-crimen-florencio-varela"],"_links":{"self":[{"href":"https:\/\/jotaposta.com.ar\/jposta\/wp-json\/wp\/v2\/posts\/12067","targetHints":{"allow":["GET"]}}],"collection":[{"href":"https:\/\/jotaposta.com.ar\/jposta\/wp-json\/wp\/v2\/posts"}],"about":[{"href":"https:\/\/jotaposta.com.ar\/jposta\/wp-json\/wp\/v2\/types\/post"}],"author":[{"embeddable":true,"href":"https:\/\/jotaposta.com.ar\/jposta\/wp-json\/wp\/v2\/users\/1"}],"replies":[{"embeddable":true,"href":"https:\/\/jotaposta.com.ar\/jposta\/wp-json\/wp\/v2\/comments?post=12067"}],"version-history":[{"count":1,"href":"https:\/\/jotaposta.com.ar\/jposta\/wp-json\/wp\/v2\/posts\/12067\/revisions"}],"predecessor-version":[{"id":12069,"href":"https:\/\/jotaposta.com.ar\/jposta\/wp-json\/wp\/v2\/posts\/12067\/revisions\/12069"}],"wp:featuredmedia":[{"embeddable":true,"href":"https:\/\/jotaposta.com.ar\/jposta\/wp-json\/wp\/v2\/media\/12068"}],"wp:attachment":[{"href":"https:\/\/jotaposta.com.ar\/jposta\/wp-json\/wp\/v2\/media?parent=12067"}],"wp:term":[{"taxonomy":"category","embeddable":true,"href":"https:\/\/jotaposta.com.ar\/jposta\/wp-json\/wp\/v2\/categories?post=12067"},{"taxonomy":"post_tag","embeddable":true,"href":"https:\/\/jotaposta.com.ar\/jposta\/wp-json\/wp\/v2\/tags?post=12067"}],"curies":[{"name":"wp","href":"https:\/\/api.w.org\/{rel}","templated":true}]}}