{"id":12004,"date":"2025-09-24T15:05:42","date_gmt":"2025-09-24T15:05:42","guid":{"rendered":"https:\/\/jotaposta.com.ar\/?p=12004"},"modified":"2025-09-26T15:42:14","modified_gmt":"2025-09-26T15:42:14","slug":"triple-femicidio-en-florencio-varela-hallaron-los-cuerpos-de-morena-verri-lara-gutierrez-y-brenda-del-castillo-en-un-pozo-septico","status":"publish","type":"post","link":"https:\/\/jotaposta.com.ar\/jposta\/2025\/09\/24\/triple-femicidio-en-florencio-varela-hallaron-los-cuerpos-de-morena-verri-lara-gutierrez-y-brenda-del-castillo-en-un-pozo-septico\/","title":{"rendered":"Triple femicidio en Florencio Varela: hallaron los cuerpos de Morena Verri, Lara Guti\u00e9rrez y Brenda Del Castillo en un pozo s\u00e9ptico"},"content":{"rendered":"\n<p class=\"wp-block-paragraph\">Los cuerpos encontrados en un pozo s\u00e9ptico de una vivienda en Florencio Varela fueron identificados como los de <strong>Morena Verri (20 a\u00f1os), Brenda Loreley Del Castillo (20) y Lara Morena Guti\u00e9rrez (15)<\/strong>. Las tres j\u00f3venes estaban desaparecidas desde el viernes 19 de septiembre y la confirmaci\u00f3n lleg\u00f3 tras las pericias iniciales, informaron fuentes policiales.<\/p>\n\n\n\n<p class=\"wp-block-paragraph\">De acuerdo a la investigaci\u00f3n, los asesinatos habr\u00edan ocurrido el mismo viernes de la desaparici\u00f3n. Hasta el momento, la polic\u00eda bonaerense detuvo a cuatro personas vinculadas a un <strong>l\u00edder narco peruano<\/strong> que opera en el barrio 1-11-14 y en la zona de Flores. El sospechoso principal, pr\u00f3fugo, estar\u00eda al frente de una red de narcotr\u00e1fico y explotaci\u00f3n sexual en la que se encontrar\u00edan involucradas las v\u00edctimas.<\/p>\n\n\n\n<figure class=\"wp-block-embed is-type-video is-provider-youtube wp-block-embed-youtube wp-embed-aspect-16-9 wp-has-aspect-ratio\"><div class=\"wp-block-embed__wrapper\">\n<iframe loading=\"lazy\" title=\"AS\u00cc SUB\u00cdAN las CHICAS a la CAMIONETA: QU\u00c8 PAS\u00d2 con BRENDA, MORENA y LARA\" width=\"500\" height=\"281\" src=\"https:\/\/www.youtube.com\/embed\/QK6UuGPH1BQ?feature=oembed\" frameborder=\"0\" allow=\"accelerometer; autoplay; clipboard-write; encrypted-media; gyroscope; picture-in-picture; web-share\" referrerpolicy=\"strict-origin-when-cross-origin\" allowfullscreen><\/iframe>\n<\/div><\/figure>\n\n\n\n<p class=\"wp-block-paragraph\">Las c\u00e1maras de seguridad del Centro de Monitoreo de La Matanza captaron a las tres j\u00f3venes cuando sub\u00edan voluntariamente a una camioneta blanca con patente adulterada en la Rotonda de La Tablada. Ese dato fue clave para reconstruir el recorrido y ubicar el domicilio de Florencio Varela, donde finalmente se hallaron los cuerpos.<\/p>\n\n\n\n<p class=\"wp-block-paragraph\">El caso gener\u00f3 conmoci\u00f3n en la comunidad: familiares de las v\u00edctimas reclamaron explicaciones a las autoridades y protagonizaron escenas de profundo dolor en la DDI local. Seg\u00fan trascendi\u00f3, dos allegados del jefe narco habr\u00edan alquilado la casa utilizada para cometer los cr\u00edmenes.<\/p>\n\n\n\n<figure class=\"wp-block-image size-large\"><img loading=\"lazy\" decoding=\"async\" width=\"1024\" height=\"576\" src=\"https:\/\/jotaposta.com.ar\/jposta\/wp-content\/uploads\/2025\/09\/image-119-1024x576.png\" alt=\"\" class=\"wp-image-12005\" srcset=\"https:\/\/jotaposta.com.ar\/jposta\/wp-content\/uploads\/2025\/09\/image-119-1024x576.png 1024w, https:\/\/jotaposta.com.ar\/jposta\/wp-content\/uploads\/2025\/09\/image-119-300x169.png 300w, https:\/\/jotaposta.com.ar\/jposta\/wp-content\/uploads\/2025\/09\/image-119-768x432.png 768w, https:\/\/jotaposta.com.ar\/jposta\/wp-content\/uploads\/2025\/09\/image-119-390x220.png 390w, https:\/\/jotaposta.com.ar\/jposta\/wp-content\/uploads\/2025\/09\/image-119.png 1200w\" sizes=\"auto, (max-width: 1024px) 100vw, 1024px\" \/><\/figure>\n\n\n\n<p class=\"wp-block-paragraph\">La denuncia formal se hab\u00eda presentado reci\u00e9n el domingo por la tarde, y el municipio aport\u00f3 el dato del veh\u00edculo sospechoso el lunes a primera hora. El impacto de uno de los celulares de las j\u00f3venes en una antena de Florencio Varela activ\u00f3 la b\u00fasqueda en la zona que deriv\u00f3 en el hallazgo.<\/p>\n\n\n\n<p class=\"wp-block-paragraph\">En paralelo, la causa sigue sumando pruebas y nuevas l\u00edneas de investigaci\u00f3n para dar con el pr\u00f3fugo, seg\u00fan  informaron fuentes judiciales a la agencia Noticias Argentinas.<\/p>\n\n\n\n<h3 class=\"wp-block-heading\">Conferencia de prensa del ministro Javier Alonso<\/h3>\n\n\n\n<p class=\"wp-block-paragraph\">El <strong>ministro de Seguridad bonaerense, Javier Alonso<\/strong>, dar\u00e1 este mi\u00e9rcoles al mediod\u00eda una conferencia de prensa en la sede de Puente 12, central del Ministerio provincial. Est\u00e1 previsto que a las 13.00 se brinden detalles sobre el <strong>triple femicidio de Florencio Varela<\/strong> y el avance de la investigaci\u00f3n que conmueve a la provincia de Buenos Aires.<\/p>\n","protected":false},"excerpt":{"rendered":"<p>Los cuerpos encontrados en un pozo s\u00e9ptico de una vivienda en Florencio Varela fueron identificados como los de Morena Verri (20 a\u00f1os), Brenda Loreley Del Castillo (20) y Lara Morena Guti\u00e9rrez (15). Las tres j\u00f3venes estaban desaparecidas desde el viernes 19 de septiembre y la confirmaci\u00f3n lleg\u00f3 tras las pericias iniciales, informaron fuentes policiales. De &hellip;<\/p>\n","protected":false},"author":1,"featured_media":12006,"comment_status":"open","ping_status":"open","sticky":false,"template":"","format":"standard","meta":{"pagelayer_contact_templates":[],"_pagelayer_content":"","iawp_total_views":18,"footnotes":""},"categories":[4],"tags":[8003,8000,8001,8018,8011,8017,8010,8005,8020,8004,8021,8007,8019,8016,8022,8015,8002,8008,8013,8006,8014,8009,7999,8012],"class_list":["post-12004","post","type-post","status-publish","format-standard","has-post-thumbnail","hentry","category-actualidad-politica","tag-asesinato-de-brenda-del-castillo","tag-asesinato-de-lara-gutierrez","tag-asesinato-de-morena-verri","tag-busqueda-profugo-florencio-varela","tag-camioneta-blanca-la-tablada","tag-casos-policiales-conurbano","tag-conferencia-javier-alonso","tag-crimen-organizado-florencio-varela","tag-crimenes-conurbano-bonaerense","tag-cuerpos-hallados-pozo-septico","tag-detenidos-caso-varela","tag-explotacion-sexual-en-flores","tag-familiares-victimas-femicidio","tag-feminicidio-en-argentina","tag-impacto-celular-florencio-varela","tag-investigacion-femicidio-varela","tag-jovenes-desaparecidas-buenos-aires","tag-lider-narco-peruano-buenos-aires","tag-ministerio-de-seguridad-bonaerense","tag-narcotrafico-barrio-1-11-14","tag-noticias-policiales-buenos-aires","tag-policia-bonaerense-triple-crimen","tag-triple-femicidio-florencio-varela","tag-violencia-de-genero-argentina"],"_links":{"self":[{"href":"https:\/\/jotaposta.com.ar\/jposta\/wp-json\/wp\/v2\/posts\/12004","targetHints":{"allow":["GET"]}}],"collection":[{"href":"https:\/\/jotaposta.com.ar\/jposta\/wp-json\/wp\/v2\/posts"}],"about":[{"href":"https:\/\/jotaposta.com.ar\/jposta\/wp-json\/wp\/v2\/types\/post"}],"author":[{"embeddable":true,"href":"https:\/\/jotaposta.com.ar\/jposta\/wp-json\/wp\/v2\/users\/1"}],"replies":[{"embeddable":true,"href":"https:\/\/jotaposta.com.ar\/jposta\/wp-json\/wp\/v2\/comments?post=12004"}],"version-history":[{"count":2,"href":"https:\/\/jotaposta.com.ar\/jposta\/wp-json\/wp\/v2\/posts\/12004\/revisions"}],"predecessor-version":[{"id":12009,"href":"https:\/\/jotaposta.com.ar\/jposta\/wp-json\/wp\/v2\/posts\/12004\/revisions\/12009"}],"wp:featuredmedia":[{"embeddable":true,"href":"https:\/\/jotaposta.com.ar\/jposta\/wp-json\/wp\/v2\/media\/12006"}],"wp:attachment":[{"href":"https:\/\/jotaposta.com.ar\/jposta\/wp-json\/wp\/v2\/media?parent=12004"}],"wp:term":[{"taxonomy":"category","embeddable":true,"href":"https:\/\/jotaposta.com.ar\/jposta\/wp-json\/wp\/v2\/categories?post=12004"},{"taxonomy":"post_tag","embeddable":true,"href":"https:\/\/jotaposta.com.ar\/jposta\/wp-json\/wp\/v2\/tags?post=12004"}],"curies":[{"name":"wp","href":"https:\/\/api.w.org\/{rel}","templated":true}]}}