{"id":11918,"date":"2025-09-19T01:37:00","date_gmt":"2025-09-19T01:37:00","guid":{"rendered":"https:\/\/jotaposta.com.ar\/?p=11918"},"modified":"2025-09-19T11:41:44","modified_gmt":"2025-09-19T11:41:44","slug":"otro-golpe-del-congreso-a-milei-senado-aprueba-reforma-del-codigo-penal-ley-de-atn-y-nuevas-medidas-en-salud-y-patrimonio","status":"publish","type":"post","link":"https:\/\/jotaposta.com.ar\/jposta\/2025\/09\/19\/otro-golpe-del-congreso-a-milei-senado-aprueba-reforma-del-codigo-penal-ley-de-atn-y-nuevas-medidas-en-salud-y-patrimonio\/","title":{"rendered":"Otro golpe del Congreso a Milei: Senado aprueba reforma del C\u00f3digo Penal, Ley de ATN y nuevas medidas en salud y patrimonio"},"content":{"rendered":"\n<p class=\"wp-block-paragraph\">La C\u00e1mara de Senadores de la Naci\u00f3n celebr\u00f3 hoy una sesi\u00f3n ordinaria presidida por la vicepresidente, Victoria Villarruel que comenz\u00f3 pasadas las 11h con cuestiones de privilegio y mociones de preferencia presentadas por distintos senadores.<\/p>\n\n\n\n<figure class=\"wp-block-embed is-type-video is-provider-youtube wp-block-embed-youtube wp-embed-aspect-16-9 wp-has-aspect-ratio\"><div class=\"wp-block-embed__wrapper\">\n<iframe loading=\"lazy\" title=\"VOTACI\u00d3N INSISTENCIA EN LA REDISTRIBUCI\u00d3N DE LOS ATN - SESI\u00d3N ORDINARIA 18-09-25\" width=\"500\" height=\"281\" src=\"https:\/\/www.youtube.com\/embed\/eXZ8kffzFVY?feature=oembed\" frameborder=\"0\" allow=\"accelerometer; autoplay; clipboard-write; encrypted-media; gyroscope; picture-in-picture; web-share\" referrerpolicy=\"strict-origin-when-cross-origin\" allowfullscreen><\/iframe>\n<\/div><\/figure>\n\n\n\n<p class=\"wp-block-paragraph\">A continuaci\u00f3n, el debate se centr\u00f3 en los Aportes del Tesoro Nacional (ATN) tras conseguir los dos tercios de los senadores presentes para habilitar su tratamiento. Con 59 votos positivos, 9 negativos y 3 abstenciones, la C\u00e1mara logr\u00f3 insistir con la Ley 27.794, que establece una redistribuci\u00f3n autom\u00e1tica y diaria de los ATN a las provincias, tras el veto total dispuesto por el presidente Javier Milei.<\/p>\n\n\n\n<p class=\"wp-block-paragraph\">El senador Daniel Bensusan (Frente Nacional y Popular), en calidad de miembro informante, se refiri\u00f3 al veto presidencial sobre los ATN y aclar\u00f3 que las provincias no piden ning\u00fan privilegio y solicit\u00f3 que las mismas &#8220;perciban lo que les corresponde porque no atenta contra el super\u00e1vit fiscal, sino que pone los recursos donde corresponden&#8221;. A la vez, explic\u00f3 que &#8220;otro de los errores del fundamento del Decreto que vet\u00f3 la Ley es manifestar que se modifica la Ley de Coparticipaci\u00f3n Federal y no es as\u00ed, sino que se incorpora un art\u00edculo a la Ley Permanente de Presupuesto, que no altera el equilibrio fiscal&#8221;.<\/p>\n\n\n\n<figure class=\"wp-block-embed is-type-video is-provider-youtube wp-block-embed-youtube wp-embed-aspect-16-9 wp-has-aspect-ratio\"><div class=\"wp-block-embed__wrapper\">\n<iframe loading=\"lazy\" title=\"SENADOR DANIEL BENSUS\u00c1N - SESI\u00d3N ORDINARIA 18-09-25\" width=\"500\" height=\"281\" src=\"https:\/\/www.youtube.com\/embed\/dGs22i7H5x4?feature=oembed\" frameborder=\"0\" allow=\"accelerometer; autoplay; clipboard-write; encrypted-media; gyroscope; picture-in-picture; web-share\" referrerpolicy=\"strict-origin-when-cross-origin\" allowfullscreen><\/iframe>\n<\/div><\/figure>\n\n\n\n<p class=\"wp-block-paragraph\">Durante los cierres de bloques pol\u00edticos, la senadora Alejandra Vigo (Unidad Federal) record\u00f3 que el proyecto fue elaborado por los gobernadores de todas provincias incluida la Ciudad aut\u00f3noma de Buenos Aires, &#8220;Argentina es un gobierno federal y esta ley viene a poner en blanco sobre negro la situaci\u00f3n que est\u00e1 viviendo la Naci\u00f3n&#8221;. &#8220;Insistir con esta Ley tiene como efecto evitar la discrecionalidad en el manejo de los recursos&#8221;, finaliz\u00f3.<\/p>\n\n\n\n<p class=\"wp-block-paragraph\">En sinton\u00eda, el senador Eduardo Vischi (UCR) expuso su rechazo al veto presidencial y justific\u00f3: &#8220;esto sucede cuando le damos m\u00e1s concentraci\u00f3n de poder al presidencialismo a trav\u00e9s de este instrumento, tiene mucho que ver con la casta y con c\u00f3mo se maneja el centralismo de los fondos nacionales lo que va en contraposici\u00f3n de lo que significa el federalismo&#8221;.<\/p>\n\n\n\n<figure class=\"wp-block-embed is-type-video is-provider-youtube wp-block-embed-youtube wp-embed-aspect-16-9 wp-has-aspect-ratio\"><div class=\"wp-block-embed__wrapper\">\n<iframe loading=\"lazy\" title=\"SENADOR JOS\u00c9 MAYANS 3 - SESI\u00d3N ORDINARIA 18-09-25\" width=\"500\" height=\"281\" src=\"https:\/\/www.youtube.com\/embed\/katuK5DRWLg?feature=oembed\" frameborder=\"0\" allow=\"accelerometer; autoplay; clipboard-write; encrypted-media; gyroscope; picture-in-picture; web-share\" referrerpolicy=\"strict-origin-when-cross-origin\" allowfullscreen><\/iframe>\n<\/div><\/figure>\n\n\n\n<p class=\"wp-block-paragraph\">Durante su intervenci\u00f3n, el senador Jos\u00e9 Mayans anticip\u00f3 el rechazo al veto presidencial por parte de su bloque y sostuvo, &#8220;esto es un llamado de atenci\u00f3n de los gobernadores, y nosotros somos la c\u00e1mara de las provincias. Quisiera saber qui\u00e9nes votan en contra de sus propias provincias, porque luego deben regresar a ellas y explicar que votaron en contra de la educaci\u00f3n, la salud, la seguridad y la justicia de los municipios. Eso es lo que estamos discutiendo hoy aqu\u00ed, y no se trata de un simple veto.&#8221;<\/p>\n\n\n\n<p class=\"wp-block-paragraph\">Para cerrar el debate y en abierta contraposici\u00f3n a lo expresado por legisladores de bloques opositores, el senador Ezequiel Atauche (LLA), se dirigi\u00f3 al recinto con un llamado a la reflexi\u00f3n: &#8220;Les pido responsabilidad pol\u00edtica y que dejen de mentirle a los argentinos. Salgan y digan la verdad: lo que est\u00e1n intentando es aprovechar este momento pol\u00edtico para atacar al Gobierno. Este Senado, una vez m\u00e1s, le da la espalda a los argentinos, va en contra de la estabilidad y del programa econ\u00f3mico&#8221;.<\/p>\n\n\n\n<p class=\"wp-block-paragraph\"><strong><a href=\"https:\/\/jotaposta.com.ar\/jposta\/2025\/09\/19\/que-es-la-ley-nicolas-aprobada-por-el-senado-y-como-protege-a-los-pacientes-ante-errores-medicos\/\">Luego, con 69 votos positivos y 1 negativo, qued\u00f3 convertida en Ley la iniciativa titulada &#8220;Calidad y Seguridad del Paciente&#8221;, conocida como &#8220;ley Nicol\u00e1s&#8221;, inspirada en el caso de Nicol\u00e1s Deanna \u2014joven fallecido en 2017 tras un diagn\u00f3stico err\u00f3neo\u2014, que apunta a mejorar la calidad y seguridad de la atenci\u00f3n sanitaria mediante la protocolizaci\u00f3n de procesos, incorporaci\u00f3n de tecnolog\u00eda y jerarquizaci\u00f3n del personal de salud. <\/a><\/strong>Al respecto, la senadora Lucia Corpacci (Frente Nacional y Popular), explic\u00f3 que las fallas humanas que derivan de diagn\u00f3sticos m\u00e9dicos errados &#8220;pueden existir y no las debemos negar, por eso es importante registrarlas sin que eso signifique una denuncia y este proyecto pretende trabajar sobre ellas, averiguar el por qu\u00e9 y poder modificarlas&#8221;.<\/p>\n\n\n\n<p class=\"wp-block-paragraph\">Posteriormente, qued\u00f3 aprobada la iniciativa por la cual se modifica el art\u00edculo 1\u00b0 de la Ley 26.279 (R\u00e9gimen para la detecci\u00f3n y posterior tratamiento de determinadas patolog\u00edas en el reci\u00e9n nacido), que incorpora la atrofia muscular espinal (AME). La autora de la iniciativa, senadora Edith Terenzi (Despierta Chubut), inform\u00f3 que la AME &#8220;es la segunda causa de muerte de origen gen\u00e9tico y este proyecto permite que la enfermedad se detecte precozmente para salvar la vida de los ni\u00f1os y permitirles una mejor calidad de vida&#8221;.<\/p>\n\n\n\n<figure class=\"wp-block-embed is-type-video is-provider-youtube wp-block-embed-youtube wp-embed-aspect-16-9 wp-has-aspect-ratio\"><div class=\"wp-block-embed__wrapper\">\n<iframe loading=\"lazy\" title=\"VOTACI\u00d3N EN GENERAL PARA AGRAVAR DELITOS VIALES - SESI\u00d3N ORDINARIA 18-09-25\" width=\"500\" height=\"281\" src=\"https:\/\/www.youtube.com\/embed\/5HarEHHoT3Y?feature=oembed\" frameborder=\"0\" allow=\"accelerometer; autoplay; clipboard-write; encrypted-media; gyroscope; picture-in-picture; web-share\" referrerpolicy=\"strict-origin-when-cross-origin\" allowfullscreen><\/iframe>\n<\/div><\/figure>\n\n\n\n<p class=\"wp-block-paragraph\">Tambi\u00e9n, obtuvo media sanci\u00f3n la reforma del C\u00f3digo Penal de la Naci\u00f3n en materia de siniestros viales. Propone endurecer las penas en casos con agravantes como consumo de alcohol o drogas, exceso de velocidad o fuga del lugar del hecho.<\/p>\n\n\n\n<figure class=\"wp-block-embed is-type-video is-provider-youtube wp-block-embed-youtube wp-embed-aspect-16-9 wp-has-aspect-ratio\"><div class=\"wp-block-embed__wrapper\">\n<iframe loading=\"lazy\" title=\"SENADOR JUAN CARLOS PAGOTTO 2 - SESI\u00d3N ORDINARIA 18-09-25\" width=\"500\" height=\"281\" src=\"https:\/\/www.youtube.com\/embed\/dwDtg5Kv28Q?feature=oembed\" frameborder=\"0\" allow=\"accelerometer; autoplay; clipboard-write; encrypted-media; gyroscope; picture-in-picture; web-share\" referrerpolicy=\"strict-origin-when-cross-origin\" allowfullscreen><\/iframe>\n<\/div><\/figure>\n\n\n\n<p class=\"wp-block-paragraph\"> El senador Juan Carlos Pagotto (LLA), miembro informante, expres\u00f3 sus cr\u00edticas respecto a algunas interpretaciones del actual C\u00f3digo Penal y manifest\u00f3 que &#8220;cuando la ley penal especifica si un delito es culposo o doloso, debe ser claramente precisa para evitar excesos&#8221;.\u00a0<\/p>\n\n\n\n<figure class=\"wp-block-embed is-type-video is-provider-youtube wp-block-embed-youtube wp-embed-aspect-16-9 wp-has-aspect-ratio\"><div class=\"wp-block-embed__wrapper\">\n<iframe loading=\"lazy\" title=\"SENADORA ANABEL FERN\u00c1NDEZ SAGASTI 4- SESI\u00d3N ORDINARIA 18-09-25\" width=\"500\" height=\"281\" src=\"https:\/\/www.youtube.com\/embed\/VNfEd7KNO3o?feature=oembed\" frameborder=\"0\" allow=\"accelerometer; autoplay; clipboard-write; encrypted-media; gyroscope; picture-in-picture; web-share\" referrerpolicy=\"strict-origin-when-cross-origin\" allowfullscreen><\/iframe>\n<\/div><\/figure>\n\n\n\n<p class=\"wp-block-paragraph\">Antes de finalizar la sesi\u00f3n, se aprobaron iniciativas respecto al patrimonio hist\u00f3rico y cultural, que proponen declarar Monumento Hist\u00f3rico Nacional a la Catedral Nuestra Se\u00f1ora del Nahuel Huapi (San Carlos de Bariloche, R\u00edo Negro), al edificio de LRA3 Radio Nacional Santa Rosa (Santa Rosa, La Pampa) y a la Escuela Normal Juan Bautista Alberdi (San Miguel de Tucum\u00e1n), adem\u00e1s de declarar Patrimonio Inmaterial de la Rep\u00fablica Argentina al Camino de Brochero, ritual y peregrinaci\u00f3n asociados a Jos\u00e9 Gabriel Brochero.<br><\/p>\n","protected":false},"excerpt":{"rendered":"<p>La C\u00e1mara de Senadores de la Naci\u00f3n celebr\u00f3 hoy una sesi\u00f3n ordinaria presidida por la vicepresidente, Victoria Villarruel que comenz\u00f3 pasadas las 11h con cuestiones de privilegio y mociones de preferencia presentadas por distintos senadores. A continuaci\u00f3n, el debate se centr\u00f3 en los Aportes del Tesoro Nacional (ATN) tras conseguir los dos tercios de los &hellip;<\/p>\n","protected":false},"author":1,"featured_media":11919,"comment_status":"open","ping_status":"open","sticky":false,"template":"","format":"standard","meta":{"pagelayer_contact_templates":[],"_pagelayer_content":"","iawp_total_views":3,"footnotes":""},"categories":[4],"tags":[7796,7649,7793,7804,7792,7802,3601,7800,7791,7788,7797,7794,7803,7798,4807,4809,4986,7801,7789,7790,7795,5676,7799,5777,7651],"class_list":["post-11918","post","type-post","status-publish","format-standard","has-post-thumbnail","hentry","category-actualidad-politica","tag-aprobacion-legislativa","tag-atrofia-muscular-espinal","tag-cambios-legales","tag-cobertura-medica","tag-declaraciones-patrimoniales","tag-derechos-de-pacientes","tag-la-libertad-avanza","tag-legislacion-argentina","tag-ley-26-279","tag-ley-de-atn","tag-leyes-recientes","tag-medidas-de-salud","tag-normativa-vial","tag-noticias-del-senado","tag-patrimonio-cultural","tag-patrimonio-historico","tag-politica-argentina","tag-proteccion-cultural","tag-redistribucion-atn","tag-reforma-codigo-penal","tag-reformas-legales","tag-salud-publica-3","tag-seguridad-vial","tag-senado","tag-siniestros-viales"],"_links":{"self":[{"href":"https:\/\/jotaposta.com.ar\/jposta\/wp-json\/wp\/v2\/posts\/11918","targetHints":{"allow":["GET"]}}],"collection":[{"href":"https:\/\/jotaposta.com.ar\/jposta\/wp-json\/wp\/v2\/posts"}],"about":[{"href":"https:\/\/jotaposta.com.ar\/jposta\/wp-json\/wp\/v2\/types\/post"}],"author":[{"embeddable":true,"href":"https:\/\/jotaposta.com.ar\/jposta\/wp-json\/wp\/v2\/users\/1"}],"replies":[{"embeddable":true,"href":"https:\/\/jotaposta.com.ar\/jposta\/wp-json\/wp\/v2\/comments?post=11918"}],"version-history":[{"count":1,"href":"https:\/\/jotaposta.com.ar\/jposta\/wp-json\/wp\/v2\/posts\/11918\/revisions"}],"predecessor-version":[{"id":11920,"href":"https:\/\/jotaposta.com.ar\/jposta\/wp-json\/wp\/v2\/posts\/11918\/revisions\/11920"}],"wp:featuredmedia":[{"embeddable":true,"href":"https:\/\/jotaposta.com.ar\/jposta\/wp-json\/wp\/v2\/media\/11919"}],"wp:attachment":[{"href":"https:\/\/jotaposta.com.ar\/jposta\/wp-json\/wp\/v2\/media?parent=11918"}],"wp:term":[{"taxonomy":"category","embeddable":true,"href":"https:\/\/jotaposta.com.ar\/jposta\/wp-json\/wp\/v2\/categories?post=11918"},{"taxonomy":"post_tag","embeddable":true,"href":"https:\/\/jotaposta.com.ar\/jposta\/wp-json\/wp\/v2\/tags?post=11918"}],"curies":[{"name":"wp","href":"https:\/\/api.w.org\/{rel}","templated":true}]}}