{"id":11908,"date":"2025-09-19T11:02:35","date_gmt":"2025-09-19T11:02:35","guid":{"rendered":"https:\/\/jotaposta.com.ar\/?p=11908"},"modified":"2025-09-26T15:43:00","modified_gmt":"2025-09-26T15:43:00","slug":"caputo-juega-al-limite-vender-hasta-el-ultimo-dolar-para-sostener-la-banda-cambiaria","status":"publish","type":"post","link":"https:\/\/jotaposta.com.ar\/jposta\/2025\/09\/19\/caputo-juega-al-limite-vender-hasta-el-ultimo-dolar-para-sostener-la-banda-cambiaria\/","title":{"rendered":"Caputo juega al l\u00edmite: vender \u201chasta el \u00faltimo d\u00f3lar\u201d para sostener la banda cambiaria"},"content":{"rendered":"\n<p class=\"wp-block-paragraph\">El ministro de Econom\u00eda, <strong>Luis Caputo<\/strong>, sali\u00f3 a reforzar el rumbo oficial luego de que el <strong>Banco Central (BCRA)<\/strong> interviniera con m\u00e1s de US$400 millones para contener al d\u00f3lar mayorista. En un contexto de desplome de acciones y bonos argentinos, el funcionario asegur\u00f3 que el Gobierno no modificar\u00e1 el programa econ\u00f3mico y garantiz\u00f3 que se pagar\u00e1n los vencimientos de deuda de enero y julio de 2026.<\/p>\n\n\n\n<hr class=\"wp-block-separator has-alpha-channel-opacity\"\/>\n\n\n\n<h2 class=\"wp-block-heading\">Caputo: \u201cNo nos vamos a mover del programa econ\u00f3mico\u201d<\/h2>\n\n\n\n<p class=\"wp-block-paragraph\">En entrevista con el streaming <em>Carajo<\/em>, Caputo ratific\u00f3 que el Ejecutivo seguir\u00e1 defendiendo la banda cambiaria acordada con el <strong>Fondo Monetario Internacional (FMI)<\/strong>.<\/p>\n\n\n<div class=\"wp-block-image\">\n<figure class=\"alignleft size-full\"><img loading=\"lazy\" decoding=\"async\" width=\"303\" height=\"166\" src=\"https:\/\/jotaposta.com.ar\/jposta\/wp-content\/uploads\/2020\/01\/dolar.jpg\" alt=\"\" class=\"wp-image-5311\" srcset=\"https:\/\/jotaposta.com.ar\/jposta\/wp-content\/uploads\/2020\/01\/dolar.jpg 303w, https:\/\/jotaposta.com.ar\/jposta\/wp-content\/uploads\/2020\/01\/dolar-300x164.jpg 300w\" sizes=\"auto, (max-width: 303px) 100vw, 303px\" \/><\/figure>\n<\/div>\n\n\n<blockquote class=\"wp-block-quote is-layout-flow wp-block-quote-is-layout-flow\">\n<p class=\"wp-block-paragraph\">\u201cEl programa econ\u00f3mico est\u00e1 hecho para que los d\u00f3lares sirvan para defender el techo de la banda. Vamos a vender hasta el \u00faltimo d\u00f3lar si es necesario\u201d, remarc\u00f3.<\/p>\n<\/blockquote>\n\n\n\n<p class=\"wp-block-paragraph\">El titular de Hacienda adelant\u00f3 que en las pr\u00f3ximas semanas se anunciar\u00e1n los pagos de deuda correspondientes a 2026, con el objetivo de dar previsibilidad tras la ca\u00edda de los mercados financieros.<\/p>\n\n\n\n<hr class=\"wp-block-separator has-alpha-channel-opacity\"\/>\n\n\n\n<h2 class=\"wp-block-heading\">Tensi\u00f3n cambiaria y ca\u00edda de bonos<\/h2>\n\n\n\n<p class=\"wp-block-paragraph\">El <strong>BCRA<\/strong>, que conduce Santiago Bausili, vendi\u00f3 US$379 millones el jueves y US$53 millones el mi\u00e9rcoles, acumulando un saldo negativo de US$432 millones en dos d\u00edas para sostener el d\u00f3lar mayorista dentro de la franja acordada.<\/p>\n\n\n\n<p class=\"wp-block-paragraph\">Mientras tanto, las acciones y bonos argentinos registraron bajas de hasta 14% y el <strong>riesgo pa\u00eds<\/strong> trep\u00f3 a 1.453 puntos b\u00e1sicos, en un salto del 24,5% diario.<\/p>\n\n\n\n<hr class=\"wp-block-separator has-alpha-channel-opacity\"\/>\n\n\n\n<h2 class=\"wp-block-heading\">Mensaje pol\u00edtico y cr\u00edticas a la oposici\u00f3n<\/h2>\n\n\n\n<p class=\"wp-block-paragraph\">Caputo no solo busc\u00f3 dar calma a los mercados, tambi\u00e9n lanz\u00f3 mensajes hacia la pol\u00edtica:<\/p>\n\n\n\n<ul class=\"wp-block-list\">\n<li>Denunci\u00f3 \u201cun ataque pol\u00edtico sin precedentes\u201d por parte de la oposici\u00f3n.<\/li>\n\n\n\n<li>Carg\u00f3 contra Sergio Massa y el gobierno de Alberto Fern\u00e1ndez, a quienes responsabiliz\u00f3 por los desequilibrios previos.<\/li>\n\n\n\n<li>Rechaz\u00f3 las cr\u00edticas por los vetos presidenciales, defendiendo el equilibrio fiscal.<\/li>\n<\/ul>\n\n\n\n<p class=\"wp-block-paragraph\">De cara a las elecciones legislativas del 26 de octubre, el ministro pronostic\u00f3 un triunfo de <strong>La Libertad Avanza (LLA)<\/strong> y elogi\u00f3 a Javier Milei: <em>\u201cLo que hizo no se ve\u00eda en 120 a\u00f1os\u201d<\/em>.<\/p>\n\n\n\n<hr class=\"wp-block-separator has-alpha-channel-opacity\"\/>\n\n\n\n<h2 class=\"wp-block-heading\">Un futuro en disputa<\/h2>\n\n\n\n<p class=\"wp-block-paragraph\">Con los mercados en alerta, reservas en baja y el d\u00f3lar en el centro de la escena, Caputo apost\u00f3 a reforzar la confianza en el programa econ\u00f3mico y en la disciplina fiscal.<br>El interrogante es si el mensaje alcanzar\u00e1 para calmar la tensi\u00f3n financiera en las pr\u00f3ximas semanas.<\/p>\n","protected":false},"excerpt":{"rendered":"<p>El ministro de Econom\u00eda, Luis Caputo, sali\u00f3 a reforzar el rumbo oficial luego de que el Banco Central (BCRA) interviniera con m\u00e1s de US$400 millones para contener al d\u00f3lar mayorista. En un contexto de desplome de acciones y bonos argentinos, el funcionario asegur\u00f3 que el Gobierno no modificar\u00e1 el programa econ\u00f3mico y garantiz\u00f3 que se &hellip;<\/p>\n","protected":false},"author":1,"featured_media":11909,"comment_status":"open","ping_status":"open","sticky":false,"template":"","format":"standard","meta":{"pagelayer_contact_templates":[],"_pagelayer_content":"","iawp_total_views":3,"footnotes":""},"categories":[25],"tags":[7743,7495,7742,676,7744,7747,7737,7741,7405,2705,3288,7749,3439,7745,3601,7738,4160,7751,7739,7740,7748,7746,7750,5807,5982],"class_list":["post-11908","post","type-post","status-publish","format-standard","has-post-thumbnail","hentry","category-resumen-de-noticias","tag-acciones-argentinas","tag-banco-central-reservas","tag-banda-cambiaria","tag-bcra","tag-bonos-argentinos","tag-crisis-financiera-argentina","tag-deuda-2026","tag-dolar-mayorista","tag-fmi","tag-fondo-monetario-internacional","tag-inflacion-argentina","tag-intervencion-cambiaria","tag-javier-milei","tag-jose-luis-daza","tag-la-libertad-avanza","tag-luis-caputo","tag-ministro-de-economia","tag-oposicion-politica-argentina","tag-pagos-deuda-argentina","tag-programa-economico","tag-reservas-bcra","tag-riesgo-pais","tag-santiago-bausili","tag-sergio-massa","tag-superavit-fiscal"],"_links":{"self":[{"href":"https:\/\/jotaposta.com.ar\/jposta\/wp-json\/wp\/v2\/posts\/11908","targetHints":{"allow":["GET"]}}],"collection":[{"href":"https:\/\/jotaposta.com.ar\/jposta\/wp-json\/wp\/v2\/posts"}],"about":[{"href":"https:\/\/jotaposta.com.ar\/jposta\/wp-json\/wp\/v2\/types\/post"}],"author":[{"embeddable":true,"href":"https:\/\/jotaposta.com.ar\/jposta\/wp-json\/wp\/v2\/users\/1"}],"replies":[{"embeddable":true,"href":"https:\/\/jotaposta.com.ar\/jposta\/wp-json\/wp\/v2\/comments?post=11908"}],"version-history":[{"count":1,"href":"https:\/\/jotaposta.com.ar\/jposta\/wp-json\/wp\/v2\/posts\/11908\/revisions"}],"predecessor-version":[{"id":11910,"href":"https:\/\/jotaposta.com.ar\/jposta\/wp-json\/wp\/v2\/posts\/11908\/revisions\/11910"}],"wp:featuredmedia":[{"embeddable":true,"href":"https:\/\/jotaposta.com.ar\/jposta\/wp-json\/wp\/v2\/media\/11909"}],"wp:attachment":[{"href":"https:\/\/jotaposta.com.ar\/jposta\/wp-json\/wp\/v2\/media?parent=11908"}],"wp:term":[{"taxonomy":"category","embeddable":true,"href":"https:\/\/jotaposta.com.ar\/jposta\/wp-json\/wp\/v2\/categories?post=11908"},{"taxonomy":"post_tag","embeddable":true,"href":"https:\/\/jotaposta.com.ar\/jposta\/wp-json\/wp\/v2\/tags?post=11908"}],"curies":[{"name":"wp","href":"https:\/\/api.w.org\/{rel}","templated":true}]}}