{"id":11902,"date":"2025-09-19T10:54:11","date_gmt":"2025-09-19T10:54:11","guid":{"rendered":"https:\/\/jotaposta.com.ar\/?p=11902"},"modified":"2025-09-26T15:43:00","modified_gmt":"2025-09-26T15:43:00","slug":"eeuu-escandalo-por-la-censura-de-trump-censura-a-un-humorista-que-dijo-jimmy-kimmel","status":"publish","type":"post","link":"https:\/\/jotaposta.com.ar\/jposta\/2025\/09\/19\/eeuu-escandalo-por-la-censura-de-trump-censura-a-un-humorista-que-dijo-jimmy-kimmel\/","title":{"rendered":"EEUU| Esc\u00e1ndalo por la censura de Trump censura a un humorista: \u00bfQu\u00e9 dijo Jimmy Kimmel?"},"content":{"rendered":"\n<p class=\"wp-block-paragraph\">a televisi\u00f3n estadounidense volvi\u00f3 a ser epicentro de un esc\u00e1ndalo pol\u00edtico. La cadena <strong>ABC<\/strong>, propiedad de Disney, decidi\u00f3 suspender indefinidamente el programa nocturno <em>Jimmy Kimmel Live!<\/em> luego de un mon\u00f3logo en el que el conductor ironiz\u00f3 sobre el asesinato del activista conservador <strong>Charlie Kirk<\/strong>.<\/p>\n\n\n\n<p class=\"wp-block-paragraph\">Lo que parec\u00eda un chiste \u00e1cido m\u00e1s en la larga trayectoria de Kimmel se transform\u00f3 en un conflicto de alcance internacional. El propio <strong>Donald Trump<\/strong> celebr\u00f3 la decisi\u00f3n desde su visita oficial al Reino Unido, mientras que sindicatos de actores y organizaciones de derechos civiles denunciaron un ataque directo contra la <strong>libertad de expresi\u00f3n<\/strong>.<\/p>\n\n\n\n<figure class=\"wp-block-embed is-type-video is-provider-youtube wp-block-embed-youtube wp-embed-aspect-16-9 wp-has-aspect-ratio\"><div class=\"wp-block-embed__wrapper\">\n<iframe loading=\"lazy\" title=\"Trump Divides America in Aftermath of Charlie Kirk Murder &amp; Republicans Block Epstein File Release\" width=\"500\" height=\"281\" src=\"https:\/\/www.youtube.com\/embed\/XbgEqbYtclg?feature=oembed\" frameborder=\"0\" allow=\"accelerometer; autoplay; clipboard-write; encrypted-media; gyroscope; picture-in-picture; web-share\" referrerpolicy=\"strict-origin-when-cross-origin\" allowfullscreen><\/iframe>\n<\/div><\/figure>\n\n\n\n<hr class=\"wp-block-separator has-alpha-channel-opacity\"\/>\n\n\n\n<h2 class=\"wp-block-heading\">\u00bfQu\u00e9 dijo Jimmy Kimmel?<\/h2>\n\n\n\n<p class=\"wp-block-paragraph\">Durante su mon\u00f3logo del lunes por la noche, Kimmel se\u00f1al\u00f3 que el movimiento <strong>MAGA<\/strong> intentaba despegarse del presunto asesino de Kirk, Tyler Robinson. \u201cLa pandilla MAGA est\u00e1 desesperadamente tratando de caracterizar a este chico como cualquier cosa menos uno de ellos\u201d, lanz\u00f3.<\/p>\n\n\n\n<figure class=\"wp-block-image size-full is-resized\"><img loading=\"lazy\" decoding=\"async\" width=\"730\" height=\"562\" src=\"https:\/\/jotaposta.com.ar\/jposta\/wp-content\/uploads\/2025\/09\/image-86.png\" alt=\"\" class=\"wp-image-11903\" style=\"width:828px;height:auto\" srcset=\"https:\/\/jotaposta.com.ar\/jposta\/wp-content\/uploads\/2025\/09\/image-86.png 730w, https:\/\/jotaposta.com.ar\/jposta\/wp-content\/uploads\/2025\/09\/image-86-300x231.png 300w\" sizes=\"auto, (max-width: 730px) 100vw, 730px\" \/><\/figure>\n\n\n\n<p class=\"wp-block-paragraph\">El comediante tambi\u00e9n se burl\u00f3 de la forma en que Trump expres\u00f3 su dolor por el activista: <em>\u201cAs\u00ed no es como un adulto llora la muerte de un amigo, es como un ni\u00f1o llora a su pez dorado\u201d<\/em>.<\/p>\n\n\n\n<p class=\"wp-block-paragraph\">Las cr\u00edticas no tardaron en llegar. Brendan Carr, presidente de la Comisi\u00f3n Federal de Comunicaciones (FCC), calific\u00f3 el episodio como \u201cla conducta m\u00e1s enfermiza posible\u201d y hasta sugiri\u00f3 sanciones m\u00e1s duras contra ABC si no actuaba contra el presentador.<\/p>\n\n\n\n<hr class=\"wp-block-separator has-alpha-channel-opacity\"\/>\n\n\n\n<h2 class=\"wp-block-heading\">Trump festeja, Hollywood se alarma<\/h2>\n\n\n\n<p class=\"wp-block-paragraph\">Lejos de bajar el tono, Trump utiliz\u00f3 el episodio para reforzar su ofensiva contra los medios y festej\u00f3 la decisi\u00f3n de la cadena. En paralelo, gigantes como <strong>Nexstar<\/strong> y <strong>Sinclair<\/strong> se sumaron al boicot, retirando el show de sus pantallas hasta que haya una disculpa p\u00fablica.<\/p>\n\n\n\n<p class=\"wp-block-paragraph\">Desde el otro lado, la comisionada dem\u00f3crata Anna Gomez defendi\u00f3 que las palabras de Kimmel estaban protegidas por la <strong>Primera Enmienda<\/strong>, mientras que el sindicato de actores <strong>SAG-AFTRA<\/strong> denunci\u00f3 un golpe directo contra el derecho a opinar.<\/p>\n\n\n\n<hr class=\"wp-block-separator has-alpha-channel-opacity\"\/>\n\n\n\n<h2 class=\"wp-block-heading\">Censura o l\u00edmite necesario<\/h2>\n\n\n\n<p class=\"wp-block-paragraph\">La suspensi\u00f3n de <em>Jimmy Kimmel Live!<\/em> abre un nuevo cap\u00edtulo en la disputa entre la pol\u00edtica y los medios en Estados Unidos.<br>\u00bfSe trata de un l\u00edmite necesario frente al discurso ofensivo o de un caso de censura motivada por presi\u00f3n gubernamental?<\/p>\n\n\n\n<p class=\"wp-block-paragraph\">Por ahora, el futuro del programa es incierto. Lo \u00fanico claro es que la decisi\u00f3n de <strong>ABC<\/strong> dej\u00f3 expuesto un terreno pantanoso donde se cruzan pol\u00edtica, entretenimiento y libertad de expresi\u00f3n.<\/p>\n","protected":false},"excerpt":{"rendered":"<p>a televisi\u00f3n estadounidense volvi\u00f3 a ser epicentro de un esc\u00e1ndalo pol\u00edtico. La cadena ABC, propiedad de Disney, decidi\u00f3 suspender indefinidamente el programa nocturno Jimmy Kimmel Live! luego de un mon\u00f3logo en el que el conductor ironiz\u00f3 sobre el asesinato del activista conservador Charlie Kirk. Lo que parec\u00eda un chiste \u00e1cido m\u00e1s en la larga trayectoria &hellip;<\/p>\n","protected":false},"author":1,"featured_media":11903,"comment_status":"open","ping_status":"open","sticky":false,"template":"","format":"standard","meta":{"pagelayer_contact_templates":[],"_pagelayer_content":"","iawp_total_views":11,"footnotes":""},"categories":[25],"tags":[7691,7703,7698,7697,7711,7695,7707,7690,2018,7710,7705,7701,7692,7693,3713,7696,7700,7706,7699,7709,7708,7704,7702,7694],"class_list":["post-11902","post","type-post","status-publish","format-standard","has-post-thumbnail","hentry","category-resumen-de-noticias","tag-abc","tag-anna-gomez","tag-brendan-carr","tag-censura-en-tv","tag-censura-politica","tag-charlie-kirk","tag-comedia-politica","tag-disney","tag-donald-trump","tag-escandalo-en-hollywood","tag-estados-unidos-medios","tag-fcc","tag-jimmy-kimmel","tag-jimmy-kimmel-live","tag-libertad-de-expresion","tag-maga","tag-monologo-kimmel","tag-nexstar","tag-polemica-abc","tag-primera-enmienda","tag-programa-suspendido","tag-sag-aftra","tag-sinclair","tag-tyler-robinson"],"_links":{"self":[{"href":"https:\/\/jotaposta.com.ar\/jposta\/wp-json\/wp\/v2\/posts\/11902","targetHints":{"allow":["GET"]}}],"collection":[{"href":"https:\/\/jotaposta.com.ar\/jposta\/wp-json\/wp\/v2\/posts"}],"about":[{"href":"https:\/\/jotaposta.com.ar\/jposta\/wp-json\/wp\/v2\/types\/post"}],"author":[{"embeddable":true,"href":"https:\/\/jotaposta.com.ar\/jposta\/wp-json\/wp\/v2\/users\/1"}],"replies":[{"embeddable":true,"href":"https:\/\/jotaposta.com.ar\/jposta\/wp-json\/wp\/v2\/comments?post=11902"}],"version-history":[{"count":1,"href":"https:\/\/jotaposta.com.ar\/jposta\/wp-json\/wp\/v2\/posts\/11902\/revisions"}],"predecessor-version":[{"id":11904,"href":"https:\/\/jotaposta.com.ar\/jposta\/wp-json\/wp\/v2\/posts\/11902\/revisions\/11904"}],"wp:featuredmedia":[{"embeddable":true,"href":"https:\/\/jotaposta.com.ar\/jposta\/wp-json\/wp\/v2\/media\/11903"}],"wp:attachment":[{"href":"https:\/\/jotaposta.com.ar\/jposta\/wp-json\/wp\/v2\/media?parent=11902"}],"wp:term":[{"taxonomy":"category","embeddable":true,"href":"https:\/\/jotaposta.com.ar\/jposta\/wp-json\/wp\/v2\/categories?post=11902"},{"taxonomy":"post_tag","embeddable":true,"href":"https:\/\/jotaposta.com.ar\/jposta\/wp-json\/wp\/v2\/tags?post=11902"}],"curies":[{"name":"wp","href":"https:\/\/api.w.org\/{rel}","templated":true}]}}