{"id":11882,"date":"2025-09-18T01:04:41","date_gmt":"2025-09-18T01:04:41","guid":{"rendered":"https:\/\/jotaposta.com.ar\/?p=11882"},"modified":"2025-09-19T11:42:51","modified_gmt":"2025-09-19T11:42:51","slug":"y-ahora-la-desicion-de-milei-tras-el-reves-en-diputados","status":"publish","type":"post","link":"https:\/\/jotaposta.com.ar\/jposta\/2025\/09\/18\/y-ahora-la-desicion-de-milei-tras-el-reves-en-diputados\/","title":{"rendered":"\u00bfY ahora?: La desici\u00f3n de Milei tras el rev\u00e9s en Diputados"},"content":{"rendered":"\n<p class=\"wp-block-paragraph\">El presidente <strong>Javier Milei<\/strong> convoc\u00f3 este jueves a <strong>48 candidatos de La Libertad Avanza<\/strong> a una jornada de trabajo en la <strong>Quinta de Olivos<\/strong>, con el objetivo de coordinar la <strong>estrategia electoral rumbo a las elecciones legislativas del 26 de octubre<\/strong>. La cita comenz\u00f3 a las 11 de la ma\u00f1ana, cuando el mandatario recibi\u00f3 a los dos primeros postulantes a diputados nacionales de cada lista provincial.<\/p>\n\n\n\n<p class=\"wp-block-paragraph\">En el caso de Buenos Aires, participaron los ocho principales candidatos: <strong>Diego Valenzuela, Natalia Blanco, Maximiliano Bondarenko, Gonzalo Cabezas, Guillermo Montenegro, Oscar Liberman, Alejandro Speroni y Francisco Adorni<\/strong>. El encuentro busc\u00f3 unificar criterios tras los \u00faltimos reveses en el Congreso y reforzar la campa\u00f1a en distritos clave.<\/p>\n\n\n\n<figure class=\"wp-block-image size-large\"><img loading=\"lazy\" decoding=\"async\" width=\"1024\" height=\"575\" src=\"https:\/\/jotaposta.com.ar\/jposta\/wp-content\/uploads\/2025\/09\/image-76-1024x575.png\" alt=\"\" class=\"wp-image-11883\" srcset=\"https:\/\/jotaposta.com.ar\/jposta\/wp-content\/uploads\/2025\/09\/image-76-1024x575.png 1024w, https:\/\/jotaposta.com.ar\/jposta\/wp-content\/uploads\/2025\/09\/image-76-300x168.png 300w, https:\/\/jotaposta.com.ar\/jposta\/wp-content\/uploads\/2025\/09\/image-76-768x431.png 768w, https:\/\/jotaposta.com.ar\/jposta\/wp-content\/uploads\/2025\/09\/image-76-390x220.png 390w, https:\/\/jotaposta.com.ar\/jposta\/wp-content\/uploads\/2025\/09\/image-76.png 1300w\" sizes=\"auto, (max-width: 1024px) 100vw, 1024px\" \/><\/figure>\n\n\n\n<p class=\"wp-block-paragraph\">M\u00e1s tarde, a las 15, Milei encabez\u00f3 una segunda reuni\u00f3n en Olivos junto a los <strong>jefes de campa\u00f1a de las 23 provincias y de la Ciudad de Buenos Aires<\/strong>, con el fin de coordinar la estrategia nacional.<\/p>\n\n\n\n<p class=\"wp-block-paragraph\">De la jornada tambi\u00e9n participaron figuras centrales del oficialismo como la secretaria general de la Presidencia, <strong>Karina Milei<\/strong>, el armador pol\u00edtico <strong>Eduardo \u201cLule\u201d Menem<\/strong> y el dirigente bonaerense <strong>Sebasti\u00e1n Pareja<\/strong>, encargados de articular la campa\u00f1a y fortalecer la estructura territorial de La Libertad Avanza en todo el pa\u00eds.<\/p>\n","protected":false},"excerpt":{"rendered":"<p>El presidente Javier Milei convoc\u00f3 este jueves a 48 candidatos de La Libertad Avanza a una jornada de trabajo en la Quinta de Olivos, con el objetivo de coordinar la estrategia electoral rumbo a las elecciones legislativas del 26 de octubre. La cita comenz\u00f3 a las 11 de la ma\u00f1ana, cuando el mandatario recibi\u00f3 a &hellip;<\/p>\n","protected":false},"author":1,"featured_media":11883,"comment_status":"open","ping_status":"open","sticky":false,"template":"","format":"standard","meta":{"pagelayer_contact_templates":[],"_pagelayer_content":"","iawp_total_views":4,"footnotes":""},"categories":[25],"tags":[7628,887,7634,7633,7625,1382,1915,7623,2164,7635,2432,7626,7629,2961,3439,3572,3601,7630,7632,4582,7627,4986,7622,7624],"class_list":["post-11882","post","type-post","status-publish","format-standard","has-post-thumbnail","hentry","category-resumen-de-noticias","tag-alejandro-speroni","tag-campana-electoral","tag-campana-nacional","tag-candidatos-diputados","tag-candidatos-milei","tag-congreso","tag-diego-valenzuela","tag-eduardo-lule-menem","tag-elecciones-legislativas-2025","tag-elecciones-octubre","tag-estrategia-politica","tag-francisco-adorni","tag-gonzalo-cabezas","tag-guillermo-montenegro","tag-javier-milei","tag-karina-milei","tag-la-libertad-avanza","tag-maximiliano-bondarenko","tag-natalia-blanco","tag-oficialismo","tag-oscar-liberman","tag-politica-argentina","tag-quinta-de-olivos","tag-sebastian-pareja"],"_links":{"self":[{"href":"https:\/\/jotaposta.com.ar\/jposta\/wp-json\/wp\/v2\/posts\/11882","targetHints":{"allow":["GET"]}}],"collection":[{"href":"https:\/\/jotaposta.com.ar\/jposta\/wp-json\/wp\/v2\/posts"}],"about":[{"href":"https:\/\/jotaposta.com.ar\/jposta\/wp-json\/wp\/v2\/types\/post"}],"author":[{"embeddable":true,"href":"https:\/\/jotaposta.com.ar\/jposta\/wp-json\/wp\/v2\/users\/1"}],"replies":[{"embeddable":true,"href":"https:\/\/jotaposta.com.ar\/jposta\/wp-json\/wp\/v2\/comments?post=11882"}],"version-history":[{"count":1,"href":"https:\/\/jotaposta.com.ar\/jposta\/wp-json\/wp\/v2\/posts\/11882\/revisions"}],"predecessor-version":[{"id":11884,"href":"https:\/\/jotaposta.com.ar\/jposta\/wp-json\/wp\/v2\/posts\/11882\/revisions\/11884"}],"wp:featuredmedia":[{"embeddable":true,"href":"https:\/\/jotaposta.com.ar\/jposta\/wp-json\/wp\/v2\/media\/11883"}],"wp:attachment":[{"href":"https:\/\/jotaposta.com.ar\/jposta\/wp-json\/wp\/v2\/media?parent=11882"}],"wp:term":[{"taxonomy":"category","embeddable":true,"href":"https:\/\/jotaposta.com.ar\/jposta\/wp-json\/wp\/v2\/categories?post=11882"},{"taxonomy":"post_tag","embeddable":true,"href":"https:\/\/jotaposta.com.ar\/jposta\/wp-json\/wp\/v2\/tags?post=11882"}],"curies":[{"name":"wp","href":"https:\/\/api.w.org\/{rel}","templated":true}]}}